{"id":34274,"date":"2022-02-24T17:43:00","date_gmt":"2022-02-24T20:43:00","guid":{"rendered":"https:\/\/blogopara.com.br\/?p=34274"},"modified":"2022-02-24T17:39:59","modified_gmt":"2022-02-24T20:39:59","slug":"cadaver-e-abandonado-dentro-de-caixao-em-via-publica-de-itabuna","status":"publish","type":"post","link":"https:\/\/blogopara.com.br\/index.php\/2022\/02\/24\/cadaver-e-abandonado-dentro-de-caixao-em-via-publica-de-itabuna","title":{"rendered":"Cad\u00e1ver \u00e9 abandonado dentro de caix\u00e3o em via p\u00fablica de Itabuna"},"content":{"rendered":"<p style=\"text-align: justify;\">Um cad\u00e1ver foi abandonado na rua em frente<a href=\"https:\/\/www.bnews.com.br\/tags\/cemiterio\" target=\"_blank\" rel=\"noopener\">\u00a0ao cemit\u00e9rio<\/a> onde deveria ser enterrado, na tarde desta quarta-feira (23), por conta de uma briga entre o dono da funer\u00e1ria e um funcion\u00e1rio do cemit\u00e9rio quando faziam o translado do corpo do hospital at\u00e9 o local.\u00a0<\/p>\n<p style=\"text-align: justify;\">O cad\u00e1ver do idoso de 78 anos, foi retirado do ve\u00edculo e deixado em via p\u00fablica no bairro de Ferradas, pela funer\u00e1ria, dentro de um caix\u00e3o.<\/p>\n<p style=\"text-align: justify;\">Segundo informa\u00e7\u00f5es<a href=\"https:\/\/www.bnews.com.br\/noticias\/entretenimento\/202668-balanco-geral-ba-lidera-audiencia-em-salvador.html\" target=\"_blank\" rel=\"noopener\">\u00a0do Balan\u00e7o Geral,<\/a>\u00a0o funcion\u00e1rio respons\u00e1vel pelo cemit\u00e9rio disse que o caix\u00e3o foi abandonado na porta do cemit\u00e9rio porque o representante da funer\u00e1ria n\u00e3o quis esperar a fam\u00edlia do idoso chegar.<\/p>\n<p style=\"text-align: justify;\">A administra\u00e7\u00e3o do cemit\u00e9rio disse ainda que a fam\u00edlia chegou logo ap\u00f3s\u00a0<a href=\"https:\/\/www.bnews.com.br\/noticias\/policia\/policia-apreende-drogas-escondidas-em-caixao-dentro-de-carro-funerario.html\" target=\"_blank\" rel=\"noopener\">o caix\u00e3o<\/a>\u00a0ser abandonado e o enterro de Jaime Ant\u00f4nio foi realizado.\u00a0<\/p>\n<p>\u00a0<\/p>\n<p>Por: Bnews<\/p>\n","protected":false},"excerpt":{"rendered":"<p>Um cad\u00e1ver foi abandonado na rua em frente\u00a0ao cemit\u00e9rio onde deveria ser enterrado, na tarde desta quarta-feira (23), por conta de uma briga entre o dono da funer\u00e1ria e um funcion\u00e1rio do cemit\u00e9rio quando faziam o translado do corpo do hospital at\u00e9 o local.\u00a0 O cad\u00e1ver do idoso de 78 anos, foi retirado do ve\u00edculo [&hellip;]<\/p>\n","protected":false},"author":1,"featured_media":34275,"comment_status":"closed","ping_status":"open","sticky":false,"template":"","format":"standard","meta":{"_uag_custom_page_level_css":"","_monsterinsights_skip_tracking":false,"_monsterinsights_sitenote_active":false,"_monsterinsights_sitenote_note":"","_monsterinsights_sitenote_category":0,"jetpack_post_was_ever_published":false,"_jetpack_newsletter_access":"","_jetpack_dont_email_post_to_subs":false,"_jetpack_newsletter_tier_id":0,"_jetpack_memberships_contains_paywalled_content":false,"_jetpack_memberships_contains_paid_content":false,"footnotes":"","jetpack_publicize_message":"","jetpack_publicize_feature_enabled":true,"jetpack_social_post_already_shared":true,"jetpack_social_options":{"image_generator_settings":{"template":"highway","default_image_id":0,"font":"","enabled":false},"version":2}},"categories":[199],"tags":[7846,7847,7318],"class_list":["post-34274","post","type-post","status-publish","format-standard","has-post-thumbnail","hentry","category-bahia","tag-cadaver-abandonado","tag-dentro-de-caixao","tag-itabuna"],"jetpack_publicize_connections":[],"jetpack_featured_media_url":"https:\/\/blogopara.com.br\/wp-content\/uploads\/2022\/02\/119574caixao-com-corpo-de-idoso-e-abandonado-em-porta-de-cemiterio-em-itabuna-3_widelg.jpg","uagb_featured_image_src":{"full":["https:\/\/blogopara.com.br\/wp-content\/uploads\/2022\/02\/119574caixao-com-corpo-de-idoso-e-abandonado-em-porta-de-cemiterio-em-itabuna-3_widelg.jpg",500,281,false],"thumbnail":["https:\/\/blogopara.com.br\/wp-content\/uploads\/2022\/02\/119574caixao-com-corpo-de-idoso-e-abandonado-em-porta-de-cemiterio-em-itabuna-3_widelg-150x150.jpg",150,150,true],"medium":["https:\/\/blogopara.com.br\/wp-content\/uploads\/2022\/02\/119574caixao-com-corpo-de-idoso-e-abandonado-em-porta-de-cemiterio-em-itabuna-3_widelg-300x169.jpg",300,169,true],"medium_large":["https:\/\/blogopara.com.br\/wp-content\/uploads\/2022\/02\/119574caixao-com-corpo-de-idoso-e-abandonado-em-porta-de-cemiterio-em-itabuna-3_widelg.jpg",500,281,false],"large":["https:\/\/blogopara.com.br\/wp-content\/uploads\/2022\/02\/119574caixao-com-corpo-de-idoso-e-abandonado-em-porta-de-cemiterio-em-itabuna-3_widelg.jpg",500,281,false],"1536x1536":["https:\/\/blogopara.com.br\/wp-content\/uploads\/2022\/02\/119574caixao-com-corpo-de-idoso-e-abandonado-em-porta-de-cemiterio-em-itabuna-3_widelg.jpg",500,281,false],"2048x2048":["https:\/\/blogopara.com.br\/wp-content\/uploads\/2022\/02\/119574caixao-com-corpo-de-idoso-e-abandonado-em-porta-de-cemiterio-em-itabuna-3_widelg.jpg",500,281,false],"mantranews-slider-large":["https:\/\/blogopara.com.br\/wp-content\/uploads\/2022\/02\/119574caixao-com-corpo-de-idoso-e-abandonado-em-porta-de-cemiterio-em-itabuna-3_widelg.jpg",500,281,false],"mantranews-featured-medium":["https:\/\/blogopara.com.br\/wp-content\/uploads\/2022\/02\/119574caixao-com-corpo-de-idoso-e-abandonado-em-porta-de-cemiterio-em-itabuna-3_widelg-420x281.jpg",420,281,true],"mantranews-featured-long":["https:\/\/blogopara.com.br\/wp-content\/uploads\/2022\/02\/119574caixao-com-corpo-de-idoso-e-abandonado-em-porta-de-cemiterio-em-itabuna-3_widelg-300x281.jpg",300,281,true],"mantranews-block-medium":["https:\/\/blogopara.com.br\/wp-content\/uploads\/2022\/02\/119574caixao-com-corpo-de-idoso-e-abandonado-em-porta-de-cemiterio-em-itabuna-3_widelg-464x281.jpg",464,281,true],"mantranews-carousel-image":["https:\/\/blogopara.com.br\/wp-content\/uploads\/2022\/02\/119574caixao-com-corpo-de-idoso-e-abandonado-em-porta-de-cemiterio-em-itabuna-3_widelg.jpg",500,281,false],"mantranews-block-thumb":["https:\/\/blogopara.com.br\/wp-content\/uploads\/2022\/02\/119574caixao-com-corpo-de-idoso-e-abandonado-em-porta-de-cemiterio-em-itabuna-3_widelg-322x230.jpg",322,230,true],"mantranews-single-large":["https:\/\/blogopara.com.br\/wp-content\/uploads\/2022\/02\/119574caixao-com-corpo-de-idoso-e-abandonado-em-porta-de-cemiterio-em-itabuna-3_widelg.jpg",500,281,false]},"uagb_author_info":{"display_name":"Reda\u00e7\u00e3o geral","author_link":"https:\/\/blogopara.com.br\/index.php\/author\/blogopara"},"uagb_comment_info":0,"uagb_excerpt":"Um cad\u00e1ver foi abandonado na rua em frente\u00a0ao cemit\u00e9rio onde deveria ser enterrado, na tarde desta quarta-feira (23), por conta de uma briga entre o dono da funer\u00e1ria e um funcion\u00e1rio do cemit\u00e9rio quando faziam o translado do corpo do hospital at\u00e9 o local.\u00a0 O cad\u00e1ver do idoso de 78 anos, foi retirado do ve\u00edculo&hellip;","jetpack_sharing_enabled":true,"jetpack_likes_enabled":true,"_links":{"self":[{"href":"https:\/\/blogopara.com.br\/index.php\/wp-json\/wp\/v2\/posts\/34274","targetHints":{"allow":["GET"]}}],"collection":[{"href":"https:\/\/blogopara.com.br\/index.php\/wp-json\/wp\/v2\/posts"}],"about":[{"href":"https:\/\/blogopara.com.br\/index.php\/wp-json\/wp\/v2\/types\/post"}],"author":[{"embeddable":true,"href":"https:\/\/blogopara.com.br\/index.php\/wp-json\/wp\/v2\/users\/1"}],"replies":[{"embeddable":true,"href":"https:\/\/blogopara.com.br\/index.php\/wp-json\/wp\/v2\/comments?post=34274"}],"version-history":[{"count":1,"href":"https:\/\/blogopara.com.br\/index.php\/wp-json\/wp\/v2\/posts\/34274\/revisions"}],"predecessor-version":[{"id":34276,"href":"https:\/\/blogopara.com.br\/index.php\/wp-json\/wp\/v2\/posts\/34274\/revisions\/34276"}],"wp:featuredmedia":[{"embeddable":true,"href":"https:\/\/blogopara.com.br\/index.php\/wp-json\/wp\/v2\/media\/34275"}],"wp:attachment":[{"href":"https:\/\/blogopara.com.br\/index.php\/wp-json\/wp\/v2\/media?parent=34274"}],"wp:term":[{"taxonomy":"category","embeddable":true,"href":"https:\/\/blogopara.com.br\/index.php\/wp-json\/wp\/v2\/categories?post=34274"},{"taxonomy":"post_tag","embeddable":true,"href":"https:\/\/blogopara.com.br\/index.php\/wp-json\/wp\/v2\/tags?post=34274"}],"curies":[{"name":"wp","href":"https:\/\/api.w.org\/{rel}","templated":true}]}}