{"id":34284,"date":"2022-02-25T07:46:00","date_gmt":"2022-02-25T10:46:00","guid":{"rendered":"https:\/\/blogopara.com.br\/?p=34284"},"modified":"2022-02-24T20:02:57","modified_gmt":"2022-02-24T23:02:57","slug":"covid-19-juazeiro-registra-dois-obitos-no-boletim-epidemiologico-desta-quinta-feira","status":"publish","type":"post","link":"https:\/\/blogopara.com.br\/index.php\/2022\/02\/25\/covid-19-juazeiro-registra-dois-obitos-no-boletim-epidemiologico-desta-quinta-feira","title":{"rendered":"Covid-19: Juazeiro registra dois \u00f3bitos no boletim epidemiol\u00f3gico desta quinta-feira"},"content":{"rendered":"<p style=\"font-weight: 400; text-align: justify;\">Os \u00f3bitos foram de uma pessoa do sexo masculino, de 55 anos, e ocorreu em um hospital de Salvador. O paciente possu\u00eda hist\u00f3rico de comorbidades. O outro \u00f3bito, de 80 anos, sexo feminino, ocorreu em um hospital particular de Petrolina. De acordo com o boletim, a paciente n\u00e3o tinha hist\u00f3rico de comorbidades. Com isso, o munic\u00edpio contabiliza 450 mortes em decorr\u00eancia da Covid-19.<\/p>\n<p style=\"font-weight: 400; text-align: justify;\">Foram confirmados 163 novos casos da doen\u00e7a. De acordo com o levantamento, 24.250 moradores foram infectados desde o in\u00edcio da pandemia na cidade, dos quais 22.018 j\u00e1 est\u00e3o recuperados. Os casos descartados somam 37.250. Juazeiro tem 1.782 casos ativos do novo coronav\u00edrus.<\/p>\n<p style=\"font-weight: 400; text-align: justify;\">\n<p style=\"font-weight: 400; text-align: justify;\"><strong>Testes<\/strong><\/p>\n<p style=\"font-weight: 400; text-align: justify;\">\n<p style=\"font-weight: 400; text-align: justify;\">Foram realizados desde o in\u00edcio da pandemia 52.330 testes r\u00e1pidos pela prefeitura e 8.339 pelo Lacen, em Salvador.<\/p>\n<p style=\"font-weight: 400; text-align: justify;\">\n<p style=\"font-weight: 400; text-align: justify;\"><strong>Ocupa\u00e7\u00e3o de leitos<\/strong><\/p>\n<p style=\"font-weight: 400; text-align: justify;\">\n<p style=\"font-weight: 400; text-align: justify;\">Na rede hospitalar, o percentual de ocupa\u00e7\u00e3o dos leitos de UTI para Juazeiro na rede PEBA (hospitais de Pernambuco e Bahia) \u00e9 de 69%, com 31 leitos dispon\u00edveis. Em Juazeiro, 67% dos leitos de UTI para pacientes com Covid-19 est\u00e3o ocupados, com 3 leitos dispon\u00edveis.<\/p>\n<p style=\"font-weight: 400; text-align: justify;\">\n<p style=\"font-weight: 400; text-align: justify;\">Ascom\/Sesau\/PMJ<\/p>\n","protected":false},"excerpt":{"rendered":"<p>Os \u00f3bitos foram de uma pessoa do sexo masculino, de 55 anos, e ocorreu em um hospital de Salvador. O paciente possu\u00eda hist\u00f3rico de comorbidades. O outro \u00f3bito, de 80 anos, sexo feminino, ocorreu em um hospital particular de Petrolina. De acordo com o boletim, a paciente n\u00e3o tinha hist\u00f3rico de comorbidades. Com isso, o [&hellip;]<\/p>\n","protected":false},"author":1,"featured_media":34285,"comment_status":"closed","ping_status":"open","sticky":false,"template":"","format":"standard","meta":{"_uag_custom_page_level_css":"","_monsterinsights_skip_tracking":false,"_monsterinsights_sitenote_active":false,"_monsterinsights_sitenote_note":"","_monsterinsights_sitenote_category":0,"jetpack_post_was_ever_published":false,"_jetpack_newsletter_access":"","_jetpack_dont_email_post_to_subs":false,"_jetpack_newsletter_tier_id":0,"_jetpack_memberships_contains_paywalled_content":false,"_jetpack_memberships_contains_paid_content":false,"footnotes":"","jetpack_publicize_message":"","jetpack_publicize_feature_enabled":true,"jetpack_social_post_already_shared":true,"jetpack_social_options":{"image_generator_settings":{"template":"highway","default_image_id":0,"font":"","enabled":false},"version":2}},"categories":[203],"tags":[9,7855,3020],"class_list":["post-34284","post","type-post","status-publish","format-standard","has-post-thumbnail","hentry","category-juazeiro","tag-juazeiro","tag-nesta-quinta-feira","tag-registra-dois-obitos"],"jetpack_publicize_connections":[],"jetpack_featured_media_url":"https:\/\/blogopara.com.br\/wp-content\/uploads\/2022\/02\/Dados-Covid-24-fevereiro.jpg","uagb_featured_image_src":{"full":["https:\/\/blogopara.com.br\/wp-content\/uploads\/2022\/02\/Dados-Covid-24-fevereiro.jpg",500,500,false],"thumbnail":["https:\/\/blogopara.com.br\/wp-content\/uploads\/2022\/02\/Dados-Covid-24-fevereiro-150x150.jpg",150,150,true],"medium":["https:\/\/blogopara.com.br\/wp-content\/uploads\/2022\/02\/Dados-Covid-24-fevereiro-300x300.jpg",300,300,true],"medium_large":["https:\/\/blogopara.com.br\/wp-content\/uploads\/2022\/02\/Dados-Covid-24-fevereiro.jpg",500,500,false],"large":["https:\/\/blogopara.com.br\/wp-content\/uploads\/2022\/02\/Dados-Covid-24-fevereiro.jpg",500,500,false],"1536x1536":["https:\/\/blogopara.com.br\/wp-content\/uploads\/2022\/02\/Dados-Covid-24-fevereiro.jpg",500,500,false],"2048x2048":["https:\/\/blogopara.com.br\/wp-content\/uploads\/2022\/02\/Dados-Covid-24-fevereiro.jpg",500,500,false],"mantranews-slider-large":["https:\/\/blogopara.com.br\/wp-content\/uploads\/2022\/02\/Dados-Covid-24-fevereiro.jpg",500,500,false],"mantranews-featured-medium":["https:\/\/blogopara.com.br\/wp-content\/uploads\/2022\/02\/Dados-Covid-24-fevereiro-420x307.jpg",420,307,true],"mantranews-featured-long":["https:\/\/blogopara.com.br\/wp-content\/uploads\/2022\/02\/Dados-Covid-24-fevereiro-300x443.jpg",300,443,true],"mantranews-block-medium":["https:\/\/blogopara.com.br\/wp-content\/uploads\/2022\/02\/Dados-Covid-24-fevereiro-464x290.jpg",464,290,true],"mantranews-carousel-image":["https:\/\/blogopara.com.br\/wp-content\/uploads\/2022\/02\/Dados-Covid-24-fevereiro.jpg",500,500,false],"mantranews-block-thumb":["https:\/\/blogopara.com.br\/wp-content\/uploads\/2022\/02\/Dados-Covid-24-fevereiro-322x230.jpg",322,230,true],"mantranews-single-large":["https:\/\/blogopara.com.br\/wp-content\/uploads\/2022\/02\/Dados-Covid-24-fevereiro.jpg",500,500,false]},"uagb_author_info":{"display_name":"Reda\u00e7\u00e3o geral","author_link":"https:\/\/blogopara.com.br\/index.php\/author\/blogopara"},"uagb_comment_info":0,"uagb_excerpt":"Os \u00f3bitos foram de uma pessoa do sexo masculino, de 55 anos, e ocorreu em um hospital de Salvador. O paciente possu\u00eda hist\u00f3rico de comorbidades. O outro \u00f3bito, de 80 anos, sexo feminino, ocorreu em um hospital particular de Petrolina. De acordo com o boletim, a paciente n\u00e3o tinha hist\u00f3rico de comorbidades. Com isso, o&hellip;","jetpack_sharing_enabled":true,"jetpack_likes_enabled":true,"_links":{"self":[{"href":"https:\/\/blogopara.com.br\/index.php\/wp-json\/wp\/v2\/posts\/34284","targetHints":{"allow":["GET"]}}],"collection":[{"href":"https:\/\/blogopara.com.br\/index.php\/wp-json\/wp\/v2\/posts"}],"about":[{"href":"https:\/\/blogopara.com.br\/index.php\/wp-json\/wp\/v2\/types\/post"}],"author":[{"embeddable":true,"href":"https:\/\/blogopara.com.br\/index.php\/wp-json\/wp\/v2\/users\/1"}],"replies":[{"embeddable":true,"href":"https:\/\/blogopara.com.br\/index.php\/wp-json\/wp\/v2\/comments?post=34284"}],"version-history":[{"count":1,"href":"https:\/\/blogopara.com.br\/index.php\/wp-json\/wp\/v2\/posts\/34284\/revisions"}],"predecessor-version":[{"id":34286,"href":"https:\/\/blogopara.com.br\/index.php\/wp-json\/wp\/v2\/posts\/34284\/revisions\/34286"}],"wp:featuredmedia":[{"embeddable":true,"href":"https:\/\/blogopara.com.br\/index.php\/wp-json\/wp\/v2\/media\/34285"}],"wp:attachment":[{"href":"https:\/\/blogopara.com.br\/index.php\/wp-json\/wp\/v2\/media?parent=34284"}],"wp:term":[{"taxonomy":"category","embeddable":true,"href":"https:\/\/blogopara.com.br\/index.php\/wp-json\/wp\/v2\/categories?post=34284"},{"taxonomy":"post_tag","embeddable":true,"href":"https:\/\/blogopara.com.br\/index.php\/wp-json\/wp\/v2\/tags?post=34284"}],"curies":[{"name":"wp","href":"https:\/\/api.w.org\/{rel}","templated":true}]}}