{"id":34313,"date":"2022-02-25T19:43:00","date_gmt":"2022-02-25T22:43:00","guid":{"rendered":"https:\/\/blogopara.com.br\/?p=34313"},"modified":"2022-02-25T18:03:12","modified_gmt":"2022-02-25T21:03:12","slug":"bolsonaro-troca-diretor-geral-da-policia-federal-mais-uma-vez","status":"publish","type":"post","link":"https:\/\/blogopara.com.br\/index.php\/2022\/02\/25\/bolsonaro-troca-diretor-geral-da-policia-federal-mais-uma-vez","title":{"rendered":"Bolsonaro troca diretor-geral da Pol\u00edcia Federal mais uma vez"},"content":{"rendered":"<p style=\"text-align: justify;\">O governo do presidente Jair Bolsonaro (PL) trocou, nesta sexta-feira (25), o diretor-geral da Pol\u00edcia Federal.<\/p>\n<p style=\"text-align: justify;\">Em edi\u00e7\u00e3o extra do Di\u00e1rio Oficial da Uni\u00e3o, saiu a exonera\u00e7\u00e3o de Paulo Gustavo Maiurino e a nomea\u00e7\u00e3o de M\u00e1rcio Nunes de Oliveira.<\/p>\n<p style=\"text-align: justify;\">Nunes era, at\u00e9 ent\u00e3o, secret\u00e1rio-executivo do Minist\u00e9rio da Justi\u00e7a.<\/p>\n<p style=\"text-align: justify;\">No Twitter, o ministro da Justi\u00e7a,\u00a0<a href=\"https:\/\/www.bnews.com.br\/noticias\/politica\/305993-nao-podemos-ignorar-quem-diz-que-vai-transformar-a-pf-em-policia-politica-afirma-renan-calheiros.html\" target=\"_blank\" rel=\"noopener\">Anderson Torres<\/a>, disse que Maiurino ir\u00e1 assumir o comando da Secretaria Nacional de Pol\u00edtica sobre Drogas.<\/p>\n<p style=\"text-align: justify;\">Com a mudan\u00e7a, \u00e9 o quarto diretor-geral que assume a corpora\u00e7\u00e3o e a quinta nomea\u00e7\u00e3o do presidente. Teve ainda um delegado que chegou a ser nomeado, mas n\u00e3o assumiu. Bolsonaro tentou colocar o aliado Alexandre Ramagem no cargo, mas foi impedido pelo STF (Supremo Tribunal Federal).<\/p>\n<p>\u00a0<\/p>\n<p>Fonte: Folhapress<\/p>\n","protected":false},"excerpt":{"rendered":"<p>O governo do presidente Jair Bolsonaro (PL) trocou, nesta sexta-feira (25), o diretor-geral da Pol\u00edcia Federal. Em edi\u00e7\u00e3o extra do Di\u00e1rio Oficial da Uni\u00e3o, saiu a exonera\u00e7\u00e3o de Paulo Gustavo Maiurino e a nomea\u00e7\u00e3o de M\u00e1rcio Nunes de Oliveira. Nunes era, at\u00e9 ent\u00e3o, secret\u00e1rio-executivo do Minist\u00e9rio da Justi\u00e7a. No Twitter, o ministro da Justi\u00e7a,\u00a0Anderson Torres, [&hellip;]<\/p>\n","protected":false},"author":1,"featured_media":32709,"comment_status":"closed","ping_status":"open","sticky":false,"template":"","format":"standard","meta":{"_uag_custom_page_level_css":"","_monsterinsights_skip_tracking":false,"_monsterinsights_sitenote_active":false,"_monsterinsights_sitenote_note":"","_monsterinsights_sitenote_category":0,"jetpack_post_was_ever_published":false,"_jetpack_newsletter_access":"","_jetpack_dont_email_post_to_subs":false,"_jetpack_newsletter_tier_id":0,"_jetpack_memberships_contains_paywalled_content":false,"_jetpack_memberships_contains_paid_content":false,"footnotes":"","jetpack_publicize_message":"","jetpack_publicize_feature_enabled":true,"jetpack_social_post_already_shared":true,"jetpack_social_options":{"image_generator_settings":{"template":"highway","default_image_id":0,"font":"","enabled":false},"version":2}},"categories":[197],"tags":[21,2395,7878],"class_list":["post-34313","post","type-post","status-publish","format-standard","has-post-thumbnail","hentry","category-politica","tag-bolsonaro","tag-policia-federal-2","tag-troca-diretor"],"jetpack_publicize_connections":[],"jetpack_featured_media_url":"https:\/\/blogopara.com.br\/wp-content\/uploads\/2022\/01\/jair_bolsonaro_marcelo_camargo_agencia_brasil_widelg_widelg.png","uagb_featured_image_src":{"full":["https:\/\/blogopara.com.br\/wp-content\/uploads\/2022\/01\/jair_bolsonaro_marcelo_camargo_agencia_brasil_widelg_widelg.png",500,281,false],"thumbnail":["https:\/\/blogopara.com.br\/wp-content\/uploads\/2022\/01\/jair_bolsonaro_marcelo_camargo_agencia_brasil_widelg_widelg-150x150.png",150,150,true],"medium":["https:\/\/blogopara.com.br\/wp-content\/uploads\/2022\/01\/jair_bolsonaro_marcelo_camargo_agencia_brasil_widelg_widelg-300x169.png",300,169,true],"medium_large":["https:\/\/blogopara.com.br\/wp-content\/uploads\/2022\/01\/jair_bolsonaro_marcelo_camargo_agencia_brasil_widelg_widelg.png",500,281,false],"large":["https:\/\/blogopara.com.br\/wp-content\/uploads\/2022\/01\/jair_bolsonaro_marcelo_camargo_agencia_brasil_widelg_widelg.png",500,281,false],"1536x1536":["https:\/\/blogopara.com.br\/wp-content\/uploads\/2022\/01\/jair_bolsonaro_marcelo_camargo_agencia_brasil_widelg_widelg.png",500,281,false],"2048x2048":["https:\/\/blogopara.com.br\/wp-content\/uploads\/2022\/01\/jair_bolsonaro_marcelo_camargo_agencia_brasil_widelg_widelg.png",500,281,false],"mantranews-slider-large":["https:\/\/blogopara.com.br\/wp-content\/uploads\/2022\/01\/jair_bolsonaro_marcelo_camargo_agencia_brasil_widelg_widelg.png",500,281,false],"mantranews-featured-medium":["https:\/\/blogopara.com.br\/wp-content\/uploads\/2022\/01\/jair_bolsonaro_marcelo_camargo_agencia_brasil_widelg_widelg-420x281.png",420,281,true],"mantranews-featured-long":["https:\/\/blogopara.com.br\/wp-content\/uploads\/2022\/01\/jair_bolsonaro_marcelo_camargo_agencia_brasil_widelg_widelg-300x281.png",300,281,true],"mantranews-block-medium":["https:\/\/blogopara.com.br\/wp-content\/uploads\/2022\/01\/jair_bolsonaro_marcelo_camargo_agencia_brasil_widelg_widelg-464x281.png",464,281,true],"mantranews-carousel-image":["https:\/\/blogopara.com.br\/wp-content\/uploads\/2022\/01\/jair_bolsonaro_marcelo_camargo_agencia_brasil_widelg_widelg.png",500,281,false],"mantranews-block-thumb":["https:\/\/blogopara.com.br\/wp-content\/uploads\/2022\/01\/jair_bolsonaro_marcelo_camargo_agencia_brasil_widelg_widelg-322x230.png",322,230,true],"mantranews-single-large":["https:\/\/blogopara.com.br\/wp-content\/uploads\/2022\/01\/jair_bolsonaro_marcelo_camargo_agencia_brasil_widelg_widelg.png",500,281,false]},"uagb_author_info":{"display_name":"Reda\u00e7\u00e3o geral","author_link":"https:\/\/blogopara.com.br\/index.php\/author\/blogopara"},"uagb_comment_info":0,"uagb_excerpt":"O governo do presidente Jair Bolsonaro (PL) trocou, nesta sexta-feira (25), o diretor-geral da Pol\u00edcia Federal. Em edi\u00e7\u00e3o extra do Di\u00e1rio Oficial da Uni\u00e3o, saiu a exonera\u00e7\u00e3o de Paulo Gustavo Maiurino e a nomea\u00e7\u00e3o de M\u00e1rcio Nunes de Oliveira. Nunes era, at\u00e9 ent\u00e3o, secret\u00e1rio-executivo do Minist\u00e9rio da Justi\u00e7a. No Twitter, o ministro da Justi\u00e7a,\u00a0Anderson Torres,&hellip;","jetpack_sharing_enabled":true,"jetpack_likes_enabled":true,"_links":{"self":[{"href":"https:\/\/blogopara.com.br\/index.php\/wp-json\/wp\/v2\/posts\/34313","targetHints":{"allow":["GET"]}}],"collection":[{"href":"https:\/\/blogopara.com.br\/index.php\/wp-json\/wp\/v2\/posts"}],"about":[{"href":"https:\/\/blogopara.com.br\/index.php\/wp-json\/wp\/v2\/types\/post"}],"author":[{"embeddable":true,"href":"https:\/\/blogopara.com.br\/index.php\/wp-json\/wp\/v2\/users\/1"}],"replies":[{"embeddable":true,"href":"https:\/\/blogopara.com.br\/index.php\/wp-json\/wp\/v2\/comments?post=34313"}],"version-history":[{"count":1,"href":"https:\/\/blogopara.com.br\/index.php\/wp-json\/wp\/v2\/posts\/34313\/revisions"}],"predecessor-version":[{"id":34314,"href":"https:\/\/blogopara.com.br\/index.php\/wp-json\/wp\/v2\/posts\/34313\/revisions\/34314"}],"wp:featuredmedia":[{"embeddable":true,"href":"https:\/\/blogopara.com.br\/index.php\/wp-json\/wp\/v2\/media\/32709"}],"wp:attachment":[{"href":"https:\/\/blogopara.com.br\/index.php\/wp-json\/wp\/v2\/media?parent=34313"}],"wp:term":[{"taxonomy":"category","embeddable":true,"href":"https:\/\/blogopara.com.br\/index.php\/wp-json\/wp\/v2\/categories?post=34313"},{"taxonomy":"post_tag","embeddable":true,"href":"https:\/\/blogopara.com.br\/index.php\/wp-json\/wp\/v2\/tags?post=34313"}],"curies":[{"name":"wp","href":"https:\/\/api.w.org\/{rel}","templated":true}]}}