{"id":34418,"date":"2022-03-01T08:42:00","date_gmt":"2022-03-01T11:42:00","guid":{"rendered":"https:\/\/blogopara.com.br\/?p=34418"},"modified":"2022-03-01T07:43:08","modified_gmt":"2022-03-01T10:43:08","slug":"prefeitura-de-juazeiro-lamenta-falecimento-do-colaborador-jose-nunes-de-oliveira","status":"publish","type":"post","link":"https:\/\/blogopara.com.br\/index.php\/2022\/03\/01\/prefeitura-de-juazeiro-lamenta-falecimento-do-colaborador-jose-nunes-de-oliveira","title":{"rendered":"Prefeitura de Juazeiro lamenta falecimento do colaborador Jos\u00e9 Nunes de Oliveira"},"content":{"rendered":"<p style=\"text-align: justify;\">A Prefeitura de Juazeiro lamenta profundamente o falecimento do servidor Jos\u00e9 Nunes de Oliveira, conhecido carinhosamente como D\u00e9, ocorrido no domingo (27). \u00a0<\/p>\n<div style=\"text-align: justify;\"><br \/>Colaborador h\u00e1 mais de 30 anos no munic\u00edpio, lotado na Secretaria de Educa\u00e7\u00e3o e Juventude (Seduc), D\u00e9 desenvolveu com zelo e compet\u00eancia suas atribui\u00e7\u00f5es nas \u00e1reas de hidr\u00e1ulica e el\u00e9trica, al\u00e9m de ter se destacado no esporte, com uma grande contribui\u00e7\u00e3o para o futebol da nossa cidade. Nesse momento de dor, a Prefeitura de Juazeiro registra as condol\u00eancias e manifesta apoio e solidariedade aos familiares e amigos do servidor.<\/div>\n<div><br \/>\n<div style=\"text-align: justify;\">\u00a0<\/div>\n<div style=\"text-align: justify;\">Seduc\/PMJ<\/div>\n<\/div>\n\n\n<p><\/p>\n","protected":false},"excerpt":{"rendered":"<p>A Prefeitura de Juazeiro lamenta profundamente o falecimento do servidor Jos\u00e9 Nunes de Oliveira, conhecido carinhosamente como D\u00e9, ocorrido no domingo (27). \u00a0 Colaborador h\u00e1 mais de 30 anos no munic\u00edpio, lotado na Secretaria de Educa\u00e7\u00e3o e Juventude (Seduc), D\u00e9 desenvolveu com zelo e compet\u00eancia suas atribui\u00e7\u00f5es nas \u00e1reas de hidr\u00e1ulica e el\u00e9trica, al\u00e9m de [&hellip;]<\/p>\n","protected":false},"author":1,"featured_media":34419,"comment_status":"closed","ping_status":"open","sticky":false,"template":"","format":"standard","meta":{"_uag_custom_page_level_css":"","_monsterinsights_skip_tracking":false,"_monsterinsights_sitenote_active":false,"_monsterinsights_sitenote_note":"","_monsterinsights_sitenote_category":0,"jetpack_post_was_ever_published":false,"_jetpack_newsletter_access":"","_jetpack_dont_email_post_to_subs":false,"_jetpack_newsletter_tier_id":0,"_jetpack_memberships_contains_paywalled_content":false,"_jetpack_memberships_contains_paid_content":false,"footnotes":"","jetpack_publicize_message":"","jetpack_publicize_feature_enabled":true,"jetpack_social_post_already_shared":true,"jetpack_social_options":{"image_generator_settings":{"template":"highway","default_image_id":0,"font":"","enabled":false},"version":2}},"categories":[203],"tags":[7934,7935,7933,340],"class_list":["post-34418","post","type-post","status-publish","format-standard","has-post-thumbnail","hentry","category-juazeiro","tag-colaborador","tag-jose-nunes-de-oliveira","tag-lamenta-falecimento","tag-prefeitura-de-juazeiro"],"jetpack_publicize_connections":[],"jetpack_featured_media_url":"https:\/\/blogopara.com.br\/wp-content\/uploads\/2022\/03\/card.jpeg","uagb_featured_image_src":{"full":["https:\/\/blogopara.com.br\/wp-content\/uploads\/2022\/03\/card.jpeg",500,500,false],"thumbnail":["https:\/\/blogopara.com.br\/wp-content\/uploads\/2022\/03\/card-150x150.jpeg",150,150,true],"medium":["https:\/\/blogopara.com.br\/wp-content\/uploads\/2022\/03\/card-300x300.jpeg",300,300,true],"medium_large":["https:\/\/blogopara.com.br\/wp-content\/uploads\/2022\/03\/card.jpeg",500,500,false],"large":["https:\/\/blogopara.com.br\/wp-content\/uploads\/2022\/03\/card.jpeg",500,500,false],"1536x1536":["https:\/\/blogopara.com.br\/wp-content\/uploads\/2022\/03\/card.jpeg",500,500,false],"2048x2048":["https:\/\/blogopara.com.br\/wp-content\/uploads\/2022\/03\/card.jpeg",500,500,false],"mantranews-slider-large":["https:\/\/blogopara.com.br\/wp-content\/uploads\/2022\/03\/card.jpeg",500,500,false],"mantranews-featured-medium":["https:\/\/blogopara.com.br\/wp-content\/uploads\/2022\/03\/card-420x307.jpeg",420,307,true],"mantranews-featured-long":["https:\/\/blogopara.com.br\/wp-content\/uploads\/2022\/03\/card-300x443.jpeg",300,443,true],"mantranews-block-medium":["https:\/\/blogopara.com.br\/wp-content\/uploads\/2022\/03\/card-464x290.jpeg",464,290,true],"mantranews-carousel-image":["https:\/\/blogopara.com.br\/wp-content\/uploads\/2022\/03\/card.jpeg",500,500,false],"mantranews-block-thumb":["https:\/\/blogopara.com.br\/wp-content\/uploads\/2022\/03\/card-322x230.jpeg",322,230,true],"mantranews-single-large":["https:\/\/blogopara.com.br\/wp-content\/uploads\/2022\/03\/card.jpeg",500,500,false]},"uagb_author_info":{"display_name":"Reda\u00e7\u00e3o geral","author_link":"https:\/\/blogopara.com.br\/index.php\/author\/blogopara"},"uagb_comment_info":0,"uagb_excerpt":"A Prefeitura de Juazeiro lamenta profundamente o falecimento do servidor Jos\u00e9 Nunes de Oliveira, conhecido carinhosamente como D\u00e9, ocorrido no domingo (27). \u00a0 Colaborador h\u00e1 mais de 30 anos no munic\u00edpio, lotado na Secretaria de Educa\u00e7\u00e3o e Juventude (Seduc), D\u00e9 desenvolveu com zelo e compet\u00eancia suas atribui\u00e7\u00f5es nas \u00e1reas de hidr\u00e1ulica e el\u00e9trica, al\u00e9m de&hellip;","jetpack_sharing_enabled":true,"jetpack_likes_enabled":true,"_links":{"self":[{"href":"https:\/\/blogopara.com.br\/index.php\/wp-json\/wp\/v2\/posts\/34418","targetHints":{"allow":["GET"]}}],"collection":[{"href":"https:\/\/blogopara.com.br\/index.php\/wp-json\/wp\/v2\/posts"}],"about":[{"href":"https:\/\/blogopara.com.br\/index.php\/wp-json\/wp\/v2\/types\/post"}],"author":[{"embeddable":true,"href":"https:\/\/blogopara.com.br\/index.php\/wp-json\/wp\/v2\/users\/1"}],"replies":[{"embeddable":true,"href":"https:\/\/blogopara.com.br\/index.php\/wp-json\/wp\/v2\/comments?post=34418"}],"version-history":[{"count":2,"href":"https:\/\/blogopara.com.br\/index.php\/wp-json\/wp\/v2\/posts\/34418\/revisions"}],"predecessor-version":[{"id":34421,"href":"https:\/\/blogopara.com.br\/index.php\/wp-json\/wp\/v2\/posts\/34418\/revisions\/34421"}],"wp:featuredmedia":[{"embeddable":true,"href":"https:\/\/blogopara.com.br\/index.php\/wp-json\/wp\/v2\/media\/34419"}],"wp:attachment":[{"href":"https:\/\/blogopara.com.br\/index.php\/wp-json\/wp\/v2\/media?parent=34418"}],"wp:term":[{"taxonomy":"category","embeddable":true,"href":"https:\/\/blogopara.com.br\/index.php\/wp-json\/wp\/v2\/categories?post=34418"},{"taxonomy":"post_tag","embeddable":true,"href":"https:\/\/blogopara.com.br\/index.php\/wp-json\/wp\/v2\/tags?post=34418"}],"curies":[{"name":"wp","href":"https:\/\/api.w.org\/{rel}","templated":true}]}}