{"id":34422,"date":"2022-03-01T09:47:00","date_gmt":"2022-03-01T12:47:00","guid":{"rendered":"https:\/\/blogopara.com.br\/?p=34422"},"modified":"2022-03-01T08:23:12","modified_gmt":"2022-03-01T11:23:12","slug":"acidente-grave-entre-dois-carros-deixa-seis-pessoas-mortas-e-uma-ferida-na-pe-585-em-exu","status":"publish","type":"post","link":"https:\/\/blogopara.com.br\/index.php\/2022\/03\/01\/acidente-grave-entre-dois-carros-deixa-seis-pessoas-mortas-e-uma-ferida-na-pe-585-em-exu","title":{"rendered":"Acidente grave entre dois carros deixa seis pessoas mortas e uma ferida na PE 585, em Exu"},"content":{"rendered":"<p style=\"text-align: justify;\">Seis pessoas morreram e uma ficou ferida, ap\u00f3s acidente entre dois carros nesta segunda-feira (28), na PE 585, em Exu, no Sert\u00e3o Pernambucano. De acordo com a Pol\u00edcia Civil, entre as v\u00edtimas estavam duas crian\u00e7as e quatro adultos, sendo duas mulheres de 24 e 48 anos e dois homens, um de 40 anos e outro com idade n\u00e3o revelada.<\/p>\n<p style=\"text-align: justify;\">A pol\u00edcia informou que ao chegar no local, um dos ve\u00edculos, um carro de passageiros, foi encontrado na pista, e o outro, uma caminhonete, capotada no mato. Em nota, a PC, comunicou que todos os ocupantes do carro que estava na pista faleceram. Dois homens chegaram a ser socorridos no hospital de Ouricuri, mas n\u00e3o resistiram aos ferimentos. Os corpos foram encaminhados para o Instituto de Medicina Legal (IML) de Petrolina.<\/p>\n<p style=\"text-align: justify;\">Seis pessoas morrem em um grave acidente na PE 585, em Exu<br \/>\nSeis pessoas morrem em um grave acidente na PE 585, em Exu<\/p>\n<p style=\"text-align: justify;\">J\u00e1 o motorista do outro ve\u00edculo foi socorrido para Juazeiro, na Bahia, e segue hospitalizado. N\u00e3o h\u00e1 informa\u00e7\u00f5es sobre o estado de sa\u00fade dele.<\/p>\n<p style=\"text-align: justify;\">Confira a nota completa da Pol\u00edcia Civil de Pernambuco<br \/>\n&#8220;A Pol\u00edcia Civil de Pernambuco, por meio da Delegacia de Exu, registrou acidente de tr\u00e2nsito com v\u00edtimas fatais ocorrido na manh\u00e3 desta segunda-feira (28) na PE 585, no munic\u00edpio de Exu. O acidente ocorreu entre uma caminhonete e um carro de passageiros. Quatro pessoas que estavam no carro morreram na hora, sendo duas mulheres (24 e 48 anos) e duas crian\u00e7as. Dois homens (40 anos e idade n\u00e3o informada) que estavam no carro chegaram a ser socorridos no hospital de Ouricuri, mas vieram a \u00f3bito. O outro homem, que estava na caminhonete, foi socorrido para Juazeiro, na Bahia. A informa\u00e7\u00e3o \u00e9 que segue hospitalizado. O Corpo de Bombeiros e o Instituto de Criminal\u00edstica foram acionados. Os corpos foram encaminhados para o IML de Petrolina. Caso segue em investiga\u00e7\u00e3o at\u00e9 a completa elucida\u00e7\u00e3o do ocorrido&#8221;.<\/p>\n<p style=\"text-align: justify;\">Confira a nota completa da Pol\u00edcia Militar de Pernambuco<br \/>\n&#8220;Policiais Militares do 7\u00ba BPM, durante patrulhamento ostensivo na manh\u00e3 desta segunda-feira (28.02), foram acionados por populares informando que nas proximidades do Posto da Serra, na PE 585, em Exu, havia acontecido um acidente de tr\u00e2nsito entre dois autom\u00f3veis. Chegando ao local, o efetivo encontrou um Fiat Uno no meio da pista, uma S10 capotada dentro do mato e seis corpos na rodovia, de duas crian\u00e7as e quatro adultos. Segundo transeuntes, duas pessoas foram socorridas para o hospital. Diante dos fatos, o policiamento isolou o local e acionou o Corpo de Bombeiros e o IC. Os corpos foram removidos pela funer\u00e1ria da cidade de Exu e a ocorr\u00eancia foi apresentada na DPC local&#8221;.<\/p>\n<p style=\"text-align: justify;\">\n<p style=\"text-align: justify;\">Por g1 Petrolina<\/p>\n","protected":false},"excerpt":{"rendered":"<p>Seis pessoas morreram e uma ficou ferida, ap\u00f3s acidente entre dois carros nesta segunda-feira (28), na PE 585, em Exu, no Sert\u00e3o Pernambucano. De acordo com a Pol\u00edcia Civil, entre as v\u00edtimas estavam duas crian\u00e7as e quatro adultos, sendo duas mulheres de 24 e 48 anos e dois homens, um de 40 anos e outro [&hellip;]<\/p>\n","protected":false},"author":1,"featured_media":34423,"comment_status":"closed","ping_status":"open","sticky":false,"template":"","format":"standard","meta":{"_uag_custom_page_level_css":"","_monsterinsights_skip_tracking":false,"_monsterinsights_sitenote_active":false,"_monsterinsights_sitenote_note":"","_monsterinsights_sitenote_category":0,"jetpack_post_was_ever_published":false,"_jetpack_newsletter_access":"","_jetpack_dont_email_post_to_subs":false,"_jetpack_newsletter_tier_id":0,"_jetpack_memberships_contains_paywalled_content":false,"_jetpack_memberships_contains_paid_content":false,"footnotes":"","jetpack_publicize_message":"","jetpack_publicize_feature_enabled":true,"jetpack_social_post_already_shared":true,"jetpack_social_options":{"image_generator_settings":{"template":"highway","default_image_id":0,"font":"","enabled":false},"version":2}},"categories":[1507],"tags":[7936,7937,7940,7938,7939],"class_list":["post-34422","post","type-post","status-publish","format-standard","has-post-thumbnail","hentry","category-pernambuco","tag-acidente-grave","tag-dois-carros","tag-exu","tag-seis-pessoas-mortas","tag-uma-ferida-na-pe-585"],"jetpack_publicize_connections":[],"jetpack_featured_media_url":"https:\/\/blogopara.com.br\/wp-content\/uploads\/2022\/03\/acidente-exu-1-1.jpeg","uagb_featured_image_src":{"full":["https:\/\/blogopara.com.br\/wp-content\/uploads\/2022\/03\/acidente-exu-1-1.jpeg",500,432,false],"thumbnail":["https:\/\/blogopara.com.br\/wp-content\/uploads\/2022\/03\/acidente-exu-1-1-150x150.jpeg",150,150,true],"medium":["https:\/\/blogopara.com.br\/wp-content\/uploads\/2022\/03\/acidente-exu-1-1-300x259.jpeg",300,259,true],"medium_large":["https:\/\/blogopara.com.br\/wp-content\/uploads\/2022\/03\/acidente-exu-1-1.jpeg",500,432,false],"large":["https:\/\/blogopara.com.br\/wp-content\/uploads\/2022\/03\/acidente-exu-1-1.jpeg",500,432,false],"1536x1536":["https:\/\/blogopara.com.br\/wp-content\/uploads\/2022\/03\/acidente-exu-1-1.jpeg",500,432,false],"2048x2048":["https:\/\/blogopara.com.br\/wp-content\/uploads\/2022\/03\/acidente-exu-1-1.jpeg",500,432,false],"mantranews-slider-large":["https:\/\/blogopara.com.br\/wp-content\/uploads\/2022\/03\/acidente-exu-1-1.jpeg",500,432,false],"mantranews-featured-medium":["https:\/\/blogopara.com.br\/wp-content\/uploads\/2022\/03\/acidente-exu-1-1-420x307.jpeg",420,307,true],"mantranews-featured-long":["https:\/\/blogopara.com.br\/wp-content\/uploads\/2022\/03\/acidente-exu-1-1-300x432.jpeg",300,432,true],"mantranews-block-medium":["https:\/\/blogopara.com.br\/wp-content\/uploads\/2022\/03\/acidente-exu-1-1-464x290.jpeg",464,290,true],"mantranews-carousel-image":["https:\/\/blogopara.com.br\/wp-content\/uploads\/2022\/03\/acidente-exu-1-1.jpeg",500,432,false],"mantranews-block-thumb":["https:\/\/blogopara.com.br\/wp-content\/uploads\/2022\/03\/acidente-exu-1-1-322x230.jpeg",322,230,true],"mantranews-single-large":["https:\/\/blogopara.com.br\/wp-content\/uploads\/2022\/03\/acidente-exu-1-1.jpeg",500,432,false]},"uagb_author_info":{"display_name":"Reda\u00e7\u00e3o geral","author_link":"https:\/\/blogopara.com.br\/index.php\/author\/blogopara"},"uagb_comment_info":0,"uagb_excerpt":"Seis pessoas morreram e uma ficou ferida, ap\u00f3s acidente entre dois carros nesta segunda-feira (28), na PE 585, em Exu, no Sert\u00e3o Pernambucano. De acordo com a Pol\u00edcia Civil, entre as v\u00edtimas estavam duas crian\u00e7as e quatro adultos, sendo duas mulheres de 24 e 48 anos e dois homens, um de 40 anos e outro&hellip;","jetpack_sharing_enabled":true,"jetpack_likes_enabled":true,"_links":{"self":[{"href":"https:\/\/blogopara.com.br\/index.php\/wp-json\/wp\/v2\/posts\/34422","targetHints":{"allow":["GET"]}}],"collection":[{"href":"https:\/\/blogopara.com.br\/index.php\/wp-json\/wp\/v2\/posts"}],"about":[{"href":"https:\/\/blogopara.com.br\/index.php\/wp-json\/wp\/v2\/types\/post"}],"author":[{"embeddable":true,"href":"https:\/\/blogopara.com.br\/index.php\/wp-json\/wp\/v2\/users\/1"}],"replies":[{"embeddable":true,"href":"https:\/\/blogopara.com.br\/index.php\/wp-json\/wp\/v2\/comments?post=34422"}],"version-history":[{"count":1,"href":"https:\/\/blogopara.com.br\/index.php\/wp-json\/wp\/v2\/posts\/34422\/revisions"}],"predecessor-version":[{"id":34424,"href":"https:\/\/blogopara.com.br\/index.php\/wp-json\/wp\/v2\/posts\/34422\/revisions\/34424"}],"wp:featuredmedia":[{"embeddable":true,"href":"https:\/\/blogopara.com.br\/index.php\/wp-json\/wp\/v2\/media\/34423"}],"wp:attachment":[{"href":"https:\/\/blogopara.com.br\/index.php\/wp-json\/wp\/v2\/media?parent=34422"}],"wp:term":[{"taxonomy":"category","embeddable":true,"href":"https:\/\/blogopara.com.br\/index.php\/wp-json\/wp\/v2\/categories?post=34422"},{"taxonomy":"post_tag","embeddable":true,"href":"https:\/\/blogopara.com.br\/index.php\/wp-json\/wp\/v2\/tags?post=34422"}],"curies":[{"name":"wp","href":"https:\/\/api.w.org\/{rel}","templated":true}]}}