{"id":34425,"date":"2022-03-01T10:43:00","date_gmt":"2022-03-01T13:43:00","guid":{"rendered":"https:\/\/blogopara.com.br\/?p=34425"},"modified":"2022-03-01T08:36:47","modified_gmt":"2022-03-01T11:36:47","slug":"jaques-wagner-diz-ao-pt-que-nao-sera-candidato-petistas-ja-desenham-novos-cenarios","status":"publish","type":"post","link":"https:\/\/blogopara.com.br\/index.php\/2022\/03\/01\/jaques-wagner-diz-ao-pt-que-nao-sera-candidato-petistas-ja-desenham-novos-cenarios","title":{"rendered":"Jaques Wagner diz ao PT que n\u00e3o ser\u00e1 candidato; petistas j\u00e1 desenham novos cen\u00e1rios"},"content":{"rendered":"<p style=\"text-align: justify;\">O\u00a0<a href=\"https:\/\/www.bnews.com.br\/tags\/jaques-wagner\" target=\"_blank\" rel=\"noopener\">senador Jaques Wagner<\/a>\u00a0confirmou a aliados nesta segunda-feira (28) sua inten\u00e7\u00e3o de n\u00e3o disputar o governo da Bahia. Em longa reuni\u00e3o em seu escrit\u00f3rio pol\u00edtico em Salvador, o ex-governador se mostrou inflex\u00edvel aos \u00faltimos apelos do partido.<\/p>\n<p style=\"text-align: justify;\">&#8220;A retirada da minha candidatura n\u00e3o implica na retirada da candidatura do PT. Quem decidir\u00e1 se ter\u00e1 candidatura ou n\u00e3o, n\u00e3o sou eu, ser\u00e1 o Partido&#8221;, comunicou Wagner nesta segunda.<\/p>\n<p style=\"text-align: justify;\">Com isso, caciques petistas deixaram a reuni\u00e3o fazendo novas proje\u00e7\u00f5es sobre a chapa majorit\u00e1ria. Uma delas \u00e9 levantar outro quadro de modo que o partido tenha candidatura pr\u00f3pria, mas a discuss\u00e3o por nomes ainda \u00e9 embrion\u00e1ria.<\/p>\n<p style=\"text-align: justify;\">Outro caminho \u00e9 declarar apoio ao\u00a0<a href=\"https:\/\/www.bnews.com.br\/tags\/otto-alencar\" target=\"_blank\" rel=\"noopener\">senador Otto Alencar (PSD)<\/a>, podendo compor a vice \u2013 como j\u00e1 chegou a ser projetado desde os primeiros sinais do recuo de Wagner. O bastidor revelado pela reportagem semanas atr\u00e1s indicava a\u00a0<a href=\"https:\/\/www.bnews.com.br\/noticias\/eleicoes-2022\/petistas-passam-a-considerar-chapa-otto-moema-rui-disputa-o-senado.html\" target=\"_blank\" rel=\"noopener\">dobradinha de Otto com Moema Gramacho (PT)<\/a>, prefeita de Lauro de Freitas.<\/p>\n<div style=\"text-align: justify;\">O\u00a0<a href=\"https:\/\/www.bnews.com.br\/tags\/eden-valadares\" target=\"_blank\" rel=\"noopener\">presidente do PT Bahia, \u00c9den Valadares<\/a>, lamentou a decis\u00e3o de Wagner, mas afirmou que a legenda mant\u00e9m a posi\u00e7\u00e3o definida no s\u00e9timo Congresso do PT de a sigla encabe\u00e7ar a chapa. &#8220;\u00c9 claro que respeitamos a decis\u00e3o do companheiro Wagner, mas n\u00e3o a recebemos com alegria. Nossas inst\u00e2ncias se reunir\u00e3o intensamente nos pr\u00f3ximos dias para atualizar nossa posi\u00e7\u00e3o&#8221;.<\/div>\n<div style=\"text-align: justify;\"><\/div>\n<div style=\"text-align: justify;\">&#8220;Nossa decis\u00e3o ser\u00e1 fruto do debate interno, mas tamb\u00e9m do imprescind\u00edvel di\u00e1logo com os demais partidos e lideran\u00e7as da base, como Otto, Le\u00e3o, L\u00eddice e PCdoB&#8221;, ressaltou \u00c9den.<\/div>\n<div><\/div>\n<div style=\"text-align: justify;\"><\/div>\n<div><\/div>\n<div>Fonte: BNews<\/div>\n<div>\n<p style=\"text-align: justify;\">\n<\/div>\n","protected":false},"excerpt":{"rendered":"<p>O\u00a0senador Jaques Wagner\u00a0confirmou a aliados nesta segunda-feira (28) sua inten\u00e7\u00e3o de n\u00e3o disputar o governo da Bahia. Em longa reuni\u00e3o em seu escrit\u00f3rio pol\u00edtico em Salvador, o ex-governador se mostrou inflex\u00edvel aos \u00faltimos apelos do partido. &#8220;A retirada da minha candidatura n\u00e3o implica na retirada da candidatura do PT. Quem decidir\u00e1 se ter\u00e1 candidatura ou [&hellip;]<\/p>\n","protected":false},"author":1,"featured_media":16814,"comment_status":"closed","ping_status":"open","sticky":false,"template":"","format":"standard","meta":{"_uag_custom_page_level_css":"","_monsterinsights_skip_tracking":false,"_monsterinsights_sitenote_active":false,"_monsterinsights_sitenote_note":"","_monsterinsights_sitenote_category":0,"jetpack_post_was_ever_published":false,"_jetpack_newsletter_access":"","_jetpack_dont_email_post_to_subs":false,"_jetpack_newsletter_tier_id":0,"_jetpack_memberships_contains_paywalled_content":false,"_jetpack_memberships_contains_paid_content":false,"footnotes":"","jetpack_publicize_message":"","jetpack_publicize_feature_enabled":true,"jetpack_social_post_already_shared":true,"jetpack_social_options":{"image_generator_settings":{"template":"highway","default_image_id":0,"font":"","enabled":false},"version":2}},"categories":[197],"tags":[7941,3656,7942],"class_list":["post-34425","post","type-post","status-publish","format-standard","has-post-thumbnail","hentry","category-politica","tag-afirma-que-nao-sera-candidato","tag-jaques-wagner","tag-petistas-desenham-novos-cenarios"],"jetpack_publicize_connections":[],"jetpack_featured_media_url":"https:\/\/blogopara.com.br\/wp-content\/uploads\/2020\/12\/jacques-wagner-site.jpg","uagb_featured_image_src":{"full":["https:\/\/blogopara.com.br\/wp-content\/uploads\/2020\/12\/jacques-wagner-site.jpg",500,250,false],"thumbnail":["https:\/\/blogopara.com.br\/wp-content\/uploads\/2020\/12\/jacques-wagner-site-150x150.jpg",150,150,true],"medium":["https:\/\/blogopara.com.br\/wp-content\/uploads\/2020\/12\/jacques-wagner-site-300x150.jpg",300,150,true],"medium_large":["https:\/\/blogopara.com.br\/wp-content\/uploads\/2020\/12\/jacques-wagner-site.jpg",500,250,false],"large":["https:\/\/blogopara.com.br\/wp-content\/uploads\/2020\/12\/jacques-wagner-site.jpg",500,250,false],"1536x1536":["https:\/\/blogopara.com.br\/wp-content\/uploads\/2020\/12\/jacques-wagner-site.jpg",500,250,false],"2048x2048":["https:\/\/blogopara.com.br\/wp-content\/uploads\/2020\/12\/jacques-wagner-site.jpg",500,250,false],"mantranews-slider-large":["https:\/\/blogopara.com.br\/wp-content\/uploads\/2020\/12\/jacques-wagner-site.jpg",500,250,false],"mantranews-featured-medium":["https:\/\/blogopara.com.br\/wp-content\/uploads\/2020\/12\/jacques-wagner-site-420x250.jpg",420,250,true],"mantranews-featured-long":["https:\/\/blogopara.com.br\/wp-content\/uploads\/2020\/12\/jacques-wagner-site-300x250.jpg",300,250,true],"mantranews-block-medium":["https:\/\/blogopara.com.br\/wp-content\/uploads\/2020\/12\/jacques-wagner-site-464x250.jpg",464,250,true],"mantranews-carousel-image":["https:\/\/blogopara.com.br\/wp-content\/uploads\/2020\/12\/jacques-wagner-site.jpg",500,250,false],"mantranews-block-thumb":["https:\/\/blogopara.com.br\/wp-content\/uploads\/2020\/12\/jacques-wagner-site-322x230.jpg",322,230,true],"mantranews-single-large":["https:\/\/blogopara.com.br\/wp-content\/uploads\/2020\/12\/jacques-wagner-site.jpg",500,250,false]},"uagb_author_info":{"display_name":"Reda\u00e7\u00e3o geral","author_link":"https:\/\/blogopara.com.br\/index.php\/author\/blogopara"},"uagb_comment_info":0,"uagb_excerpt":"O\u00a0senador Jaques Wagner\u00a0confirmou a aliados nesta segunda-feira (28) sua inten\u00e7\u00e3o de n\u00e3o disputar o governo da Bahia. Em longa reuni\u00e3o em seu escrit\u00f3rio pol\u00edtico em Salvador, o ex-governador se mostrou inflex\u00edvel aos \u00faltimos apelos do partido. &#8220;A retirada da minha candidatura n\u00e3o implica na retirada da candidatura do PT. Quem decidir\u00e1 se ter\u00e1 candidatura ou&hellip;","jetpack_sharing_enabled":true,"jetpack_likes_enabled":true,"_links":{"self":[{"href":"https:\/\/blogopara.com.br\/index.php\/wp-json\/wp\/v2\/posts\/34425","targetHints":{"allow":["GET"]}}],"collection":[{"href":"https:\/\/blogopara.com.br\/index.php\/wp-json\/wp\/v2\/posts"}],"about":[{"href":"https:\/\/blogopara.com.br\/index.php\/wp-json\/wp\/v2\/types\/post"}],"author":[{"embeddable":true,"href":"https:\/\/blogopara.com.br\/index.php\/wp-json\/wp\/v2\/users\/1"}],"replies":[{"embeddable":true,"href":"https:\/\/blogopara.com.br\/index.php\/wp-json\/wp\/v2\/comments?post=34425"}],"version-history":[{"count":1,"href":"https:\/\/blogopara.com.br\/index.php\/wp-json\/wp\/v2\/posts\/34425\/revisions"}],"predecessor-version":[{"id":34426,"href":"https:\/\/blogopara.com.br\/index.php\/wp-json\/wp\/v2\/posts\/34425\/revisions\/34426"}],"wp:featuredmedia":[{"embeddable":true,"href":"https:\/\/blogopara.com.br\/index.php\/wp-json\/wp\/v2\/media\/16814"}],"wp:attachment":[{"href":"https:\/\/blogopara.com.br\/index.php\/wp-json\/wp\/v2\/media?parent=34425"}],"wp:term":[{"taxonomy":"category","embeddable":true,"href":"https:\/\/blogopara.com.br\/index.php\/wp-json\/wp\/v2\/categories?post=34425"},{"taxonomy":"post_tag","embeddable":true,"href":"https:\/\/blogopara.com.br\/index.php\/wp-json\/wp\/v2\/tags?post=34425"}],"curies":[{"name":"wp","href":"https:\/\/api.w.org\/{rel}","templated":true}]}}