{"id":34504,"date":"2022-03-03T17:13:00","date_gmt":"2022-03-03T20:13:00","guid":{"rendered":"https:\/\/blogopara.com.br\/?p=34504"},"modified":"2022-03-03T13:40:45","modified_gmt":"2022-03-03T16:40:45","slug":"residencial-sao-francisco-sera-a-proxima-comunidade-contemplada-com-os-servicos-do-programa-juazeiro-da-gente-nesta-sexta-feira","status":"publish","type":"post","link":"https:\/\/blogopara.com.br\/index.php\/2022\/03\/03\/residencial-sao-francisco-sera-a-proxima-comunidade-contemplada-com-os-servicos-do-programa-juazeiro-da-gente-nesta-sexta-feira","title":{"rendered":"Residencial S\u00e3o Francisco ser\u00e1 a pr\u00f3xima comunidade contemplada com os servi\u00e7os do programa Juazeiro da Gente, nesta sexta-feira"},"content":{"rendered":"<p style=\"text-align: justify;\">A Prefeitura de Juazeiro, atrav\u00e9s da Secretaria de Servi\u00e7os P\u00fablicos (SESP), chega nesta sexta-feira (4) ao Residencial S\u00e3o Francisco. A a\u00e7\u00e3o faz parte do Programa \u2018Juazeiro da Gente\u2019 e est\u00e1 prevista para come\u00e7ar \u00e0s 8h, onde ser\u00e3o realizados servi\u00e7os de limpeza e manuten\u00e7\u00e3o dos equipamentos p\u00fablicos.<\/p>\n<p>A realiza\u00e7\u00e3o do Programa tem contribu\u00eddo com a limpeza p\u00fablica, melhorando o visual da cidade. A programa\u00e7\u00e3o contempla os servi\u00e7os de limpeza, manuten\u00e7\u00e3o de vias p\u00fablicas, pra\u00e7as, parques infantis, campos de futebol de v\u00e1rzea, poda de \u00e1rvores, pintura de meio-fio, remo\u00e7\u00e3o de entulhos e melhoramento na ilumina\u00e7\u00e3o p\u00fablica, al\u00e9m de conscientizar a popula\u00e7\u00e3o sobre os direitos e deveres do cidad\u00e3o.<\/p>\n<p>Durante o mutir\u00e3o, moradores que tiverem em suas resid\u00eancias objetos velhos e utens\u00edlios descart\u00e1veis diversos, como eletrodom\u00e9sticos, pneus, colch\u00f5es, podem colocar na porta para que a equipe de coletores fa\u00e7a a remo\u00e7\u00e3o, e consequentemente, o descarte correto.\n<\/p>\n<p style=\"text-align: justify;\">Ascom\/SESP\/PMJ<\/p>\n<div>\n<div dir=\"ltr\" data-smartmail=\"gmail_signature\">\n<div dir=\"ltr\">\n<div><\/div>\n<\/div>\n<\/div>\n<\/div>\n","protected":false},"excerpt":{"rendered":"<p>A Prefeitura de Juazeiro, atrav\u00e9s da Secretaria de Servi\u00e7os P\u00fablicos (SESP), chega nesta sexta-feira (4) ao Residencial S\u00e3o Francisco. A a\u00e7\u00e3o faz parte do Programa \u2018Juazeiro da Gente\u2019 e est\u00e1 prevista para come\u00e7ar \u00e0s 8h, onde ser\u00e3o realizados servi\u00e7os de limpeza e manuten\u00e7\u00e3o dos equipamentos p\u00fablicos. A realiza\u00e7\u00e3o do Programa tem contribu\u00eddo com a limpeza [&hellip;]<\/p>\n","protected":false},"author":1,"featured_media":34505,"comment_status":"closed","ping_status":"open","sticky":false,"template":"","format":"standard","meta":{"_uag_custom_page_level_css":"","_monsterinsights_skip_tracking":false,"_monsterinsights_sitenote_active":false,"_monsterinsights_sitenote_note":"","_monsterinsights_sitenote_category":0,"jetpack_post_was_ever_published":false,"_jetpack_newsletter_access":"","_jetpack_dont_email_post_to_subs":false,"_jetpack_newsletter_tier_id":0,"_jetpack_memberships_contains_paywalled_content":false,"_jetpack_memberships_contains_paid_content":false,"footnotes":"","jetpack_publicize_message":"","jetpack_publicize_feature_enabled":true,"jetpack_social_post_already_shared":true,"jetpack_social_options":{"image_generator_settings":{"template":"highway","default_image_id":0,"font":"","enabled":false},"version":2}},"categories":[203],"tags":[7998,7999,2549,190],"class_list":["post-34504","post","type-post","status-publish","format-standard","has-post-thumbnail","hentry","category-juazeiro","tag-contemplacao","tag-programa-da-gente","tag-residencial-sao-francisco-2","tag-servicos"],"jetpack_publicize_connections":[],"jetpack_featured_media_url":"https:\/\/blogopara.com.br\/wp-content\/uploads\/2022\/03\/WhatsApp-Image-2022-03-02-at-10.06.11.jpeg","uagb_featured_image_src":{"full":["https:\/\/blogopara.com.br\/wp-content\/uploads\/2022\/03\/WhatsApp-Image-2022-03-02-at-10.06.11.jpeg",500,500,false],"thumbnail":["https:\/\/blogopara.com.br\/wp-content\/uploads\/2022\/03\/WhatsApp-Image-2022-03-02-at-10.06.11-150x150.jpeg",150,150,true],"medium":["https:\/\/blogopara.com.br\/wp-content\/uploads\/2022\/03\/WhatsApp-Image-2022-03-02-at-10.06.11-300x300.jpeg",300,300,true],"medium_large":["https:\/\/blogopara.com.br\/wp-content\/uploads\/2022\/03\/WhatsApp-Image-2022-03-02-at-10.06.11.jpeg",500,500,false],"large":["https:\/\/blogopara.com.br\/wp-content\/uploads\/2022\/03\/WhatsApp-Image-2022-03-02-at-10.06.11.jpeg",500,500,false],"1536x1536":["https:\/\/blogopara.com.br\/wp-content\/uploads\/2022\/03\/WhatsApp-Image-2022-03-02-at-10.06.11.jpeg",500,500,false],"2048x2048":["https:\/\/blogopara.com.br\/wp-content\/uploads\/2022\/03\/WhatsApp-Image-2022-03-02-at-10.06.11.jpeg",500,500,false],"mantranews-slider-large":["https:\/\/blogopara.com.br\/wp-content\/uploads\/2022\/03\/WhatsApp-Image-2022-03-02-at-10.06.11.jpeg",500,500,false],"mantranews-featured-medium":["https:\/\/blogopara.com.br\/wp-content\/uploads\/2022\/03\/WhatsApp-Image-2022-03-02-at-10.06.11-420x307.jpeg",420,307,true],"mantranews-featured-long":["https:\/\/blogopara.com.br\/wp-content\/uploads\/2022\/03\/WhatsApp-Image-2022-03-02-at-10.06.11-300x443.jpeg",300,443,true],"mantranews-block-medium":["https:\/\/blogopara.com.br\/wp-content\/uploads\/2022\/03\/WhatsApp-Image-2022-03-02-at-10.06.11-464x290.jpeg",464,290,true],"mantranews-carousel-image":["https:\/\/blogopara.com.br\/wp-content\/uploads\/2022\/03\/WhatsApp-Image-2022-03-02-at-10.06.11.jpeg",500,500,false],"mantranews-block-thumb":["https:\/\/blogopara.com.br\/wp-content\/uploads\/2022\/03\/WhatsApp-Image-2022-03-02-at-10.06.11-322x230.jpeg",322,230,true],"mantranews-single-large":["https:\/\/blogopara.com.br\/wp-content\/uploads\/2022\/03\/WhatsApp-Image-2022-03-02-at-10.06.11.jpeg",500,500,false]},"uagb_author_info":{"display_name":"Reda\u00e7\u00e3o geral","author_link":"https:\/\/blogopara.com.br\/index.php\/author\/blogopara"},"uagb_comment_info":0,"uagb_excerpt":"A Prefeitura de Juazeiro, atrav\u00e9s da Secretaria de Servi\u00e7os P\u00fablicos (SESP), chega nesta sexta-feira (4) ao Residencial S\u00e3o Francisco. A a\u00e7\u00e3o faz parte do Programa \u2018Juazeiro da Gente\u2019 e est\u00e1 prevista para come\u00e7ar \u00e0s 8h, onde ser\u00e3o realizados servi\u00e7os de limpeza e manuten\u00e7\u00e3o dos equipamentos p\u00fablicos. A realiza\u00e7\u00e3o do Programa tem contribu\u00eddo com a limpeza&hellip;","jetpack_sharing_enabled":true,"jetpack_likes_enabled":true,"_links":{"self":[{"href":"https:\/\/blogopara.com.br\/index.php\/wp-json\/wp\/v2\/posts\/34504","targetHints":{"allow":["GET"]}}],"collection":[{"href":"https:\/\/blogopara.com.br\/index.php\/wp-json\/wp\/v2\/posts"}],"about":[{"href":"https:\/\/blogopara.com.br\/index.php\/wp-json\/wp\/v2\/types\/post"}],"author":[{"embeddable":true,"href":"https:\/\/blogopara.com.br\/index.php\/wp-json\/wp\/v2\/users\/1"}],"replies":[{"embeddable":true,"href":"https:\/\/blogopara.com.br\/index.php\/wp-json\/wp\/v2\/comments?post=34504"}],"version-history":[{"count":1,"href":"https:\/\/blogopara.com.br\/index.php\/wp-json\/wp\/v2\/posts\/34504\/revisions"}],"predecessor-version":[{"id":34506,"href":"https:\/\/blogopara.com.br\/index.php\/wp-json\/wp\/v2\/posts\/34504\/revisions\/34506"}],"wp:featuredmedia":[{"embeddable":true,"href":"https:\/\/blogopara.com.br\/index.php\/wp-json\/wp\/v2\/media\/34505"}],"wp:attachment":[{"href":"https:\/\/blogopara.com.br\/index.php\/wp-json\/wp\/v2\/media?parent=34504"}],"wp:term":[{"taxonomy":"category","embeddable":true,"href":"https:\/\/blogopara.com.br\/index.php\/wp-json\/wp\/v2\/categories?post=34504"},{"taxonomy":"post_tag","embeddable":true,"href":"https:\/\/blogopara.com.br\/index.php\/wp-json\/wp\/v2\/tags?post=34504"}],"curies":[{"name":"wp","href":"https:\/\/api.w.org\/{rel}","templated":true}]}}