{"id":34524,"date":"2022-03-04T09:49:00","date_gmt":"2022-03-04T12:49:00","guid":{"rendered":"https:\/\/blogopara.com.br\/?p=34524"},"modified":"2022-03-04T08:20:02","modified_gmt":"2022-03-04T11:20:02","slug":"defesa-civil-de-petrolina-emite-alerta-sobre-chuva-moderada-para-os-proximos-dias","status":"publish","type":"post","link":"https:\/\/blogopara.com.br\/index.php\/2022\/03\/04\/defesa-civil-de-petrolina-emite-alerta-sobre-chuva-moderada-para-os-proximos-dias","title":{"rendered":"Defesa Civil de Petrolina emite alerta sobre chuva moderada para os pr\u00f3ximos dias"},"content":{"rendered":"<div class=\"mc-column content-text active-extra-styles \" data-block-type=\"unstyled\" data-block-weight=\"23\" data-block-id=\"2\">\n<p class=\"content-text__container \" style=\"text-align: justify;\" data-track-category=\"Link no Texto\" data-track-links=\"\">Nesta quinta-feira (3), a Defesa Civil de Petrolina, no Sert\u00e3o de Pernambuco, emitiu um alerta sobre chuva moderada para os pr\u00f3ximos dias.<\/p>\n<\/div>\n<div class=\"wall protected-content\">\n<div class=\"mc-column content-text active-extra-styles \" style=\"text-align: justify;\" data-block-type=\"unstyled\" data-block-weight=\"46\" data-block-id=\"3\">\n<p class=\"content-text__container \" data-track-category=\"Link no Texto\" data-track-links=\"\">De acordo com a gest\u00e3o municipal, o \u00f3rg\u00e3o mant\u00e9m aten\u00e7\u00e3o \u00e0 instabilidade clim\u00e1tica divulgada pelo Instituto Nacional de Meteorologia (INMET) e por isso enviou orienta\u00e7\u00e3o aos moradores atrav\u00e9s do Servi\u00e7o SMS 40199 que informa a popula\u00e7\u00e3o de maneira antecipada, sobre indicativo de fen\u00f4menos que demandem aten\u00e7\u00e3o.<\/p>\n<\/div>\n<div class=\"mc-column content-text active-extra-styles \" data-block-type=\"unstyled\" data-block-weight=\"34\" data-block-id=\"4\">\n<p class=\"content-text__container \" style=\"text-align: justify;\" data-track-category=\"Link no Texto\" data-track-links=\"\">As pessoas interessadas em receber essas informa\u00e7\u00f5es de forma gratuita, devem se cadastrar enviando uma mensagem via SMS para o n\u00famero 40199, com o CEP do local sobre o qual deseja receber informa\u00e7\u00f5es.<\/p>\n<p data-track-category=\"Link no Texto\" data-track-links=\"\">\n<\/div>\n<p data-track-category=\"Link no Texto\" data-track-links=\"\">Por g1 Petrolina<\/p>\n<\/div>\n","protected":false},"excerpt":{"rendered":"<p>Nesta quinta-feira (3), a Defesa Civil de Petrolina, no Sert\u00e3o de Pernambuco, emitiu um alerta sobre chuva moderada para os pr\u00f3ximos dias. De acordo com a gest\u00e3o municipal, o \u00f3rg\u00e3o mant\u00e9m aten\u00e7\u00e3o \u00e0 instabilidade clim\u00e1tica divulgada pelo Instituto Nacional de Meteorologia (INMET) e por isso enviou orienta\u00e7\u00e3o aos moradores atrav\u00e9s do Servi\u00e7o SMS 40199 que [&hellip;]<\/p>\n","protected":false},"author":1,"featured_media":34525,"comment_status":"closed","ping_status":"open","sticky":false,"template":"","format":"standard","meta":{"_uag_custom_page_level_css":"","_monsterinsights_skip_tracking":false,"_monsterinsights_sitenote_active":false,"_monsterinsights_sitenote_note":"","_monsterinsights_sitenote_category":0,"jetpack_post_was_ever_published":false,"_jetpack_newsletter_access":"","_jetpack_dont_email_post_to_subs":false,"_jetpack_newsletter_tier_id":0,"_jetpack_memberships_contains_paywalled_content":false,"_jetpack_memberships_contains_paid_content":false,"footnotes":"","jetpack_publicize_message":"","jetpack_publicize_feature_enabled":true,"jetpack_social_post_already_shared":true,"jetpack_social_options":{"image_generator_settings":{"template":"highway","default_image_id":0,"font":"","enabled":false},"version":2}},"categories":[851],"tags":[1759,8007,1129,2478,6548],"class_list":["post-34524","post","type-post","status-publish","format-standard","has-post-thumbnail","hentry","category-petrolina","tag-alerta","tag-chuva-moderada","tag-defesa-civil","tag-petrolina-pe","tag-proximos-dias"],"jetpack_publicize_connections":[],"jetpack_featured_media_url":"https:\/\/blogopara.com.br\/wp-content\/uploads\/2022\/03\/whatsapp-image-2020-11-04-at-09.00.40.jpeg","uagb_featured_image_src":{"full":["https:\/\/blogopara.com.br\/wp-content\/uploads\/2022\/03\/whatsapp-image-2020-11-04-at-09.00.40.jpeg",500,375,false],"thumbnail":["https:\/\/blogopara.com.br\/wp-content\/uploads\/2022\/03\/whatsapp-image-2020-11-04-at-09.00.40-150x150.jpeg",150,150,true],"medium":["https:\/\/blogopara.com.br\/wp-content\/uploads\/2022\/03\/whatsapp-image-2020-11-04-at-09.00.40-300x225.jpeg",300,225,true],"medium_large":["https:\/\/blogopara.com.br\/wp-content\/uploads\/2022\/03\/whatsapp-image-2020-11-04-at-09.00.40.jpeg",500,375,false],"large":["https:\/\/blogopara.com.br\/wp-content\/uploads\/2022\/03\/whatsapp-image-2020-11-04-at-09.00.40.jpeg",500,375,false],"1536x1536":["https:\/\/blogopara.com.br\/wp-content\/uploads\/2022\/03\/whatsapp-image-2020-11-04-at-09.00.40.jpeg",500,375,false],"2048x2048":["https:\/\/blogopara.com.br\/wp-content\/uploads\/2022\/03\/whatsapp-image-2020-11-04-at-09.00.40.jpeg",500,375,false],"mantranews-slider-large":["https:\/\/blogopara.com.br\/wp-content\/uploads\/2022\/03\/whatsapp-image-2020-11-04-at-09.00.40.jpeg",500,375,false],"mantranews-featured-medium":["https:\/\/blogopara.com.br\/wp-content\/uploads\/2022\/03\/whatsapp-image-2020-11-04-at-09.00.40-420x307.jpeg",420,307,true],"mantranews-featured-long":["https:\/\/blogopara.com.br\/wp-content\/uploads\/2022\/03\/whatsapp-image-2020-11-04-at-09.00.40-300x375.jpeg",300,375,true],"mantranews-block-medium":["https:\/\/blogopara.com.br\/wp-content\/uploads\/2022\/03\/whatsapp-image-2020-11-04-at-09.00.40-464x290.jpeg",464,290,true],"mantranews-carousel-image":["https:\/\/blogopara.com.br\/wp-content\/uploads\/2022\/03\/whatsapp-image-2020-11-04-at-09.00.40.jpeg",500,375,false],"mantranews-block-thumb":["https:\/\/blogopara.com.br\/wp-content\/uploads\/2022\/03\/whatsapp-image-2020-11-04-at-09.00.40-322x230.jpeg",322,230,true],"mantranews-single-large":["https:\/\/blogopara.com.br\/wp-content\/uploads\/2022\/03\/whatsapp-image-2020-11-04-at-09.00.40.jpeg",500,375,false]},"uagb_author_info":{"display_name":"Reda\u00e7\u00e3o geral","author_link":"https:\/\/blogopara.com.br\/index.php\/author\/blogopara"},"uagb_comment_info":0,"uagb_excerpt":"Nesta quinta-feira (3), a Defesa Civil de Petrolina, no Sert\u00e3o de Pernambuco, emitiu um alerta sobre chuva moderada para os pr\u00f3ximos dias. De acordo com a gest\u00e3o municipal, o \u00f3rg\u00e3o mant\u00e9m aten\u00e7\u00e3o \u00e0 instabilidade clim\u00e1tica divulgada pelo Instituto Nacional de Meteorologia (INMET) e por isso enviou orienta\u00e7\u00e3o aos moradores atrav\u00e9s do Servi\u00e7o SMS 40199 que&hellip;","jetpack_sharing_enabled":true,"jetpack_likes_enabled":true,"_links":{"self":[{"href":"https:\/\/blogopara.com.br\/index.php\/wp-json\/wp\/v2\/posts\/34524","targetHints":{"allow":["GET"]}}],"collection":[{"href":"https:\/\/blogopara.com.br\/index.php\/wp-json\/wp\/v2\/posts"}],"about":[{"href":"https:\/\/blogopara.com.br\/index.php\/wp-json\/wp\/v2\/types\/post"}],"author":[{"embeddable":true,"href":"https:\/\/blogopara.com.br\/index.php\/wp-json\/wp\/v2\/users\/1"}],"replies":[{"embeddable":true,"href":"https:\/\/blogopara.com.br\/index.php\/wp-json\/wp\/v2\/comments?post=34524"}],"version-history":[{"count":1,"href":"https:\/\/blogopara.com.br\/index.php\/wp-json\/wp\/v2\/posts\/34524\/revisions"}],"predecessor-version":[{"id":34526,"href":"https:\/\/blogopara.com.br\/index.php\/wp-json\/wp\/v2\/posts\/34524\/revisions\/34526"}],"wp:featuredmedia":[{"embeddable":true,"href":"https:\/\/blogopara.com.br\/index.php\/wp-json\/wp\/v2\/media\/34525"}],"wp:attachment":[{"href":"https:\/\/blogopara.com.br\/index.php\/wp-json\/wp\/v2\/media?parent=34524"}],"wp:term":[{"taxonomy":"category","embeddable":true,"href":"https:\/\/blogopara.com.br\/index.php\/wp-json\/wp\/v2\/categories?post=34524"},{"taxonomy":"post_tag","embeddable":true,"href":"https:\/\/blogopara.com.br\/index.php\/wp-json\/wp\/v2\/tags?post=34524"}],"curies":[{"name":"wp","href":"https:\/\/api.w.org\/{rel}","templated":true}]}}