{"id":34619,"date":"2022-03-07T07:48:00","date_gmt":"2022-03-07T10:48:00","guid":{"rendered":"https:\/\/blogopara.com.br\/?p=34619"},"modified":"2022-03-07T07:38:27","modified_gmt":"2022-03-07T10:38:27","slug":"candidatos-aprovados-no-programa-aprova-juazeiro-devem-realizar-assinatura-do-termo-de-compromisso-nesta-segunda-e-terca-feira","status":"publish","type":"post","link":"https:\/\/blogopara.com.br\/index.php\/2022\/03\/07\/candidatos-aprovados-no-programa-aprova-juazeiro-devem-realizar-assinatura-do-termo-de-compromisso-nesta-segunda-e-terca-feira","title":{"rendered":"Candidatos aprovados no Programa Aprova Juazeiro devem realizar assinatura do Termo de  Compromisso nesta segunda e ter\u00e7a-feira"},"content":{"rendered":"<p style=\"font-weight: 400; text-align: justify;\">Candidatos aprovados no processo seletivo do Programa Aprova\u00a0 Juazeiro dever\u00e3o realizar a assinatura do Termo de Compromisso nesta segunda (07) e ter\u00e7a-feira (08). Os aprovados dever\u00e3o procurar o pr\u00e9dio da Secretaria de Educa\u00e7\u00e3o e Juventude (Seduc),\u00a0de acordo com a data e hor\u00e1rio definidos para cada categoria indicada no ato da inscri\u00e7\u00e3o (concluintes do ensino m\u00e9dio ou egressos, ambos da rede p\u00fablica de ensino de\u00a0Juazeiro).<\/p>\n<p style=\"font-weight: 400; text-align: justify;\">No dia 07 de mar\u00e7o, os 50 primeiros\u00a0aprovados que j\u00e1 conclu\u00edram o ensino m\u00e9dio (grupo 1) dever\u00e3o comparecer a Seduc no per\u00edodo de 8h \u00e0s 12h.\u00a0 J\u00e1 aqueles 50 primeiros\u00a0aprovados que ainda est\u00e3o cursando a 3\u00aa s\u00e9rie do ensino m\u00e9dio (grupo 2) ser\u00e3o atendidos no per\u00edodo de 13h \u00e0s 17h. No dia 08 de mar\u00e7o, ser\u00e1 a vez dos 50\u00a0aprovados finais de cada grupo, seguindo a mesma\u00a0 l\u00f3gica de hor\u00e1rio.<\/p>\n<p style=\"font-weight: 400; text-align: justify;\">\n<p style=\"font-weight: 400; text-align: justify;\"><strong>O Programa<\/strong><\/p>\n<p style=\"font-weight: 400; text-align: justify;\" aria-hidden=\"true\">\n<p style=\"font-weight: 400; text-align: justify;\"><span style=\"font-style: inherit; font-weight: inherit;\">O Aprova Juazeiro \u00e9 um programa municipal que tem como objetivo auxiliar o ingresso de estudantes da rede p\u00fablica nas universidades, concedendo bolsas de estudo integrais em cursos pr\u00e9-vestibulares privados do munic\u00edpio.\u00a0<\/span>Em 2022, houve uma amplia\u00e7\u00e3o do n\u00famero de bolsas para 200, cerca de 75% a mais do que no ano anterior.<\/p>\n<p style=\"text-align: justify;\">\n<p style=\"font-weight: 400; text-align: justify;\"><span style=\"font-style: inherit; font-weight: inherit;\">Seduc\/ PMJ<\/span><\/p>\n","protected":false},"excerpt":{"rendered":"<p>Candidatos aprovados no processo seletivo do Programa Aprova\u00a0 Juazeiro dever\u00e3o realizar a assinatura do Termo de Compromisso nesta segunda (07) e ter\u00e7a-feira (08). Os aprovados dever\u00e3o procurar o pr\u00e9dio da Secretaria de Educa\u00e7\u00e3o e Juventude (Seduc),\u00a0de acordo com a data e hor\u00e1rio definidos para cada categoria indicada no ato da inscri\u00e7\u00e3o (concluintes do ensino m\u00e9dio [&hellip;]<\/p>\n","protected":false},"author":1,"featured_media":34620,"comment_status":"closed","ping_status":"open","sticky":false,"template":"","format":"standard","meta":{"_uag_custom_page_level_css":"","_monsterinsights_skip_tracking":false,"_monsterinsights_sitenote_active":false,"_monsterinsights_sitenote_note":"","_monsterinsights_sitenote_category":0,"jetpack_post_was_ever_published":false,"_jetpack_newsletter_access":"","_jetpack_dont_email_post_to_subs":false,"_jetpack_newsletter_tier_id":0,"_jetpack_memberships_contains_paywalled_content":false,"_jetpack_memberships_contains_paid_content":false,"footnotes":"","jetpack_publicize_message":"","jetpack_publicize_feature_enabled":true,"jetpack_social_post_already_shared":true,"jetpack_social_options":{"image_generator_settings":{"template":"highway","default_image_id":0,"font":"","enabled":false},"version":2}},"categories":[203],"tags":[4353,8053,3994,8054],"class_list":["post-34619","post","type-post","status-publish","format-standard","has-post-thumbnail","hentry","category-juazeiro","tag-assinatura","tag-candidatos-aprovados","tag-programa-aprova-juazeiro","tag-termo-de-compromisso"],"jetpack_publicize_connections":[],"jetpack_featured_media_url":"https:\/\/blogopara.com.br\/wp-content\/uploads\/2022\/03\/APROVA-JUA-VISITA-4-de-7-3-2.jpg","uagb_featured_image_src":{"full":["https:\/\/blogopara.com.br\/wp-content\/uploads\/2022\/03\/APROVA-JUA-VISITA-4-de-7-3-2.jpg",500,333,false],"thumbnail":["https:\/\/blogopara.com.br\/wp-content\/uploads\/2022\/03\/APROVA-JUA-VISITA-4-de-7-3-2-150x150.jpg",150,150,true],"medium":["https:\/\/blogopara.com.br\/wp-content\/uploads\/2022\/03\/APROVA-JUA-VISITA-4-de-7-3-2-300x200.jpg",300,200,true],"medium_large":["https:\/\/blogopara.com.br\/wp-content\/uploads\/2022\/03\/APROVA-JUA-VISITA-4-de-7-3-2.jpg",500,333,false],"large":["https:\/\/blogopara.com.br\/wp-content\/uploads\/2022\/03\/APROVA-JUA-VISITA-4-de-7-3-2.jpg",500,333,false],"1536x1536":["https:\/\/blogopara.com.br\/wp-content\/uploads\/2022\/03\/APROVA-JUA-VISITA-4-de-7-3-2.jpg",500,333,false],"2048x2048":["https:\/\/blogopara.com.br\/wp-content\/uploads\/2022\/03\/APROVA-JUA-VISITA-4-de-7-3-2.jpg",500,333,false],"mantranews-slider-large":["https:\/\/blogopara.com.br\/wp-content\/uploads\/2022\/03\/APROVA-JUA-VISITA-4-de-7-3-2.jpg",500,333,false],"mantranews-featured-medium":["https:\/\/blogopara.com.br\/wp-content\/uploads\/2022\/03\/APROVA-JUA-VISITA-4-de-7-3-2-420x307.jpg",420,307,true],"mantranews-featured-long":["https:\/\/blogopara.com.br\/wp-content\/uploads\/2022\/03\/APROVA-JUA-VISITA-4-de-7-3-2-300x333.jpg",300,333,true],"mantranews-block-medium":["https:\/\/blogopara.com.br\/wp-content\/uploads\/2022\/03\/APROVA-JUA-VISITA-4-de-7-3-2-464x290.jpg",464,290,true],"mantranews-carousel-image":["https:\/\/blogopara.com.br\/wp-content\/uploads\/2022\/03\/APROVA-JUA-VISITA-4-de-7-3-2.jpg",500,333,false],"mantranews-block-thumb":["https:\/\/blogopara.com.br\/wp-content\/uploads\/2022\/03\/APROVA-JUA-VISITA-4-de-7-3-2-322x230.jpg",322,230,true],"mantranews-single-large":["https:\/\/blogopara.com.br\/wp-content\/uploads\/2022\/03\/APROVA-JUA-VISITA-4-de-7-3-2.jpg",500,333,false]},"uagb_author_info":{"display_name":"Reda\u00e7\u00e3o geral","author_link":"https:\/\/blogopara.com.br\/index.php\/author\/blogopara"},"uagb_comment_info":0,"uagb_excerpt":"Candidatos aprovados no processo seletivo do Programa Aprova\u00a0 Juazeiro dever\u00e3o realizar a assinatura do Termo de Compromisso nesta segunda (07) e ter\u00e7a-feira (08). Os aprovados dever\u00e3o procurar o pr\u00e9dio da Secretaria de Educa\u00e7\u00e3o e Juventude (Seduc),\u00a0de acordo com a data e hor\u00e1rio definidos para cada categoria indicada no ato da inscri\u00e7\u00e3o (concluintes do ensino m\u00e9dio&hellip;","jetpack_sharing_enabled":true,"jetpack_likes_enabled":true,"_links":{"self":[{"href":"https:\/\/blogopara.com.br\/index.php\/wp-json\/wp\/v2\/posts\/34619","targetHints":{"allow":["GET"]}}],"collection":[{"href":"https:\/\/blogopara.com.br\/index.php\/wp-json\/wp\/v2\/posts"}],"about":[{"href":"https:\/\/blogopara.com.br\/index.php\/wp-json\/wp\/v2\/types\/post"}],"author":[{"embeddable":true,"href":"https:\/\/blogopara.com.br\/index.php\/wp-json\/wp\/v2\/users\/1"}],"replies":[{"embeddable":true,"href":"https:\/\/blogopara.com.br\/index.php\/wp-json\/wp\/v2\/comments?post=34619"}],"version-history":[{"count":1,"href":"https:\/\/blogopara.com.br\/index.php\/wp-json\/wp\/v2\/posts\/34619\/revisions"}],"predecessor-version":[{"id":34621,"href":"https:\/\/blogopara.com.br\/index.php\/wp-json\/wp\/v2\/posts\/34619\/revisions\/34621"}],"wp:featuredmedia":[{"embeddable":true,"href":"https:\/\/blogopara.com.br\/index.php\/wp-json\/wp\/v2\/media\/34620"}],"wp:attachment":[{"href":"https:\/\/blogopara.com.br\/index.php\/wp-json\/wp\/v2\/media?parent=34619"}],"wp:term":[{"taxonomy":"category","embeddable":true,"href":"https:\/\/blogopara.com.br\/index.php\/wp-json\/wp\/v2\/categories?post=34619"},{"taxonomy":"post_tag","embeddable":true,"href":"https:\/\/blogopara.com.br\/index.php\/wp-json\/wp\/v2\/tags?post=34619"}],"curies":[{"name":"wp","href":"https:\/\/api.w.org\/{rel}","templated":true}]}}