{"id":34641,"date":"2022-03-07T15:22:00","date_gmt":"2022-03-07T18:22:00","guid":{"rendered":"https:\/\/blogopara.com.br\/?p=34641"},"modified":"2022-03-07T12:57:58","modified_gmt":"2022-03-07T15:57:58","slug":"alteracao-de-local-palestra-de-fabricio-carpinejar-sera-nesta-segunda-feira-na-chacara-bougainville-marcando-abertura-da-jornada-pedagogica-2022","status":"publish","type":"post","link":"https:\/\/blogopara.com.br\/index.php\/2022\/03\/07\/alteracao-de-local-palestra-de-fabricio-carpinejar-sera-nesta-segunda-feira-na-chacara-bougainville-marcando-abertura-da-jornada-pedagogica-2022","title":{"rendered":"Altera\u00e7\u00e3o de local: Palestra de Fabr\u00edcio Carpinejar ser\u00e1 nesta segunda-feira na Ch\u00e1cara Bougainville marcando abertura da Jornada Pedag\u00f3gica 2022"},"content":{"rendered":"<div style=\"text-align: justify;\">A palestra &#8220;Educa\u00e7\u00e3o: um ato de amor em um Novo Tempo&#8221;,que ser\u00e1 ministrada pelo escritor, jornalista e comentarista do Programa Encontro com F\u00e1tima Bernardes na Rede Globo, Fabr\u00edcio Carpinejar, teve o local de realiza\u00e7\u00e3o alterado. O evento que aconteceria na Primeira Igreja Batista (PIB), nesta segunda-feira (07), foi transferido para a Ch\u00e1cara Bougainville. A programa\u00e7\u00e3o tem in\u00edcio \u00e0s 19h e integra as atividades da Jornada Pedag\u00f3gica 2022 realizada pela Prefeitura de Juazeiro, atrav\u00e9s da Secretaria de Educa\u00e7\u00e3o e Juventude (Seduc).<\/div>\n<div><\/div>\n<div style=\"text-align: justify;\">A altera\u00e7\u00e3o do local se deu em virtude do falecimento da Pra. Helenice Moreira Valverde, membro da PIB, onde ser\u00e1 realizado o vel\u00f3rio.<\/div>\n<div><\/div>\n<div style=\"text-align: justify;\">A Seduc se solidariza e registra suas condol\u00eancias com os membros da igreja e com a fam\u00edlia da Pra Helenice, atrav\u00e9s do Pr. Josaf\u00e1 Valverde.<\/div>\n<div style=\"text-align: justify;\"><\/div>\n<div style=\"text-align: justify;\"><\/div>\n<div style=\"text-align: justify;\">Seduc\/PMJ<\/div>\n<div style=\"text-align: justify;\"><\/div>\n","protected":false},"excerpt":{"rendered":"<p>A palestra &#8220;Educa\u00e7\u00e3o: um ato de amor em um Novo Tempo&#8221;,que ser\u00e1 ministrada pelo escritor, jornalista e comentarista do Programa Encontro com F\u00e1tima Bernardes na Rede Globo, Fabr\u00edcio Carpinejar, teve o local de realiza\u00e7\u00e3o alterado. O evento que aconteceria na Primeira Igreja Batista (PIB), nesta segunda-feira (07), foi transferido para a Ch\u00e1cara Bougainville. A programa\u00e7\u00e3o [&hellip;]<\/p>\n","protected":false},"author":1,"featured_media":34642,"comment_status":"closed","ping_status":"open","sticky":false,"template":"","format":"standard","meta":{"_uag_custom_page_level_css":"","_monsterinsights_skip_tracking":false,"_monsterinsights_sitenote_active":false,"_monsterinsights_sitenote_note":"","_monsterinsights_sitenote_category":0,"jetpack_post_was_ever_published":false,"_jetpack_newsletter_access":"","_jetpack_dont_email_post_to_subs":false,"_jetpack_newsletter_tier_id":0,"_jetpack_memberships_contains_paywalled_content":false,"_jetpack_memberships_contains_paid_content":false,"footnotes":"","jetpack_publicize_message":"","jetpack_publicize_feature_enabled":true,"jetpack_social_post_already_shared":true,"jetpack_social_options":{"image_generator_settings":{"template":"highway","default_image_id":0,"font":"","enabled":false},"version":2}},"categories":[209,203],"tags":[8065,8066,7959,3423],"class_list":["post-34641","post","type-post","status-publish","format-standard","has-post-thumbnail","hentry","category-educacao","category-juazeiro","tag-alteracao-de-local","tag-chacara-biugainville","tag-fabricio-carpinejar","tag-palestra"],"jetpack_publicize_connections":[],"jetpack_featured_media_url":"https:\/\/blogopara.com.br\/wp-content\/uploads\/2022\/03\/WhatsApp-Image-2022-03-07-at-11.03.02-AM.jpeg","uagb_featured_image_src":{"full":["https:\/\/blogopara.com.br\/wp-content\/uploads\/2022\/03\/WhatsApp-Image-2022-03-07-at-11.03.02-AM.jpeg",500,500,false],"thumbnail":["https:\/\/blogopara.com.br\/wp-content\/uploads\/2022\/03\/WhatsApp-Image-2022-03-07-at-11.03.02-AM-150x150.jpeg",150,150,true],"medium":["https:\/\/blogopara.com.br\/wp-content\/uploads\/2022\/03\/WhatsApp-Image-2022-03-07-at-11.03.02-AM-300x300.jpeg",300,300,true],"medium_large":["https:\/\/blogopara.com.br\/wp-content\/uploads\/2022\/03\/WhatsApp-Image-2022-03-07-at-11.03.02-AM.jpeg",500,500,false],"large":["https:\/\/blogopara.com.br\/wp-content\/uploads\/2022\/03\/WhatsApp-Image-2022-03-07-at-11.03.02-AM.jpeg",500,500,false],"1536x1536":["https:\/\/blogopara.com.br\/wp-content\/uploads\/2022\/03\/WhatsApp-Image-2022-03-07-at-11.03.02-AM.jpeg",500,500,false],"2048x2048":["https:\/\/blogopara.com.br\/wp-content\/uploads\/2022\/03\/WhatsApp-Image-2022-03-07-at-11.03.02-AM.jpeg",500,500,false],"mantranews-slider-large":["https:\/\/blogopara.com.br\/wp-content\/uploads\/2022\/03\/WhatsApp-Image-2022-03-07-at-11.03.02-AM.jpeg",500,500,false],"mantranews-featured-medium":["https:\/\/blogopara.com.br\/wp-content\/uploads\/2022\/03\/WhatsApp-Image-2022-03-07-at-11.03.02-AM-420x307.jpeg",420,307,true],"mantranews-featured-long":["https:\/\/blogopara.com.br\/wp-content\/uploads\/2022\/03\/WhatsApp-Image-2022-03-07-at-11.03.02-AM-300x443.jpeg",300,443,true],"mantranews-block-medium":["https:\/\/blogopara.com.br\/wp-content\/uploads\/2022\/03\/WhatsApp-Image-2022-03-07-at-11.03.02-AM-464x290.jpeg",464,290,true],"mantranews-carousel-image":["https:\/\/blogopara.com.br\/wp-content\/uploads\/2022\/03\/WhatsApp-Image-2022-03-07-at-11.03.02-AM.jpeg",500,500,false],"mantranews-block-thumb":["https:\/\/blogopara.com.br\/wp-content\/uploads\/2022\/03\/WhatsApp-Image-2022-03-07-at-11.03.02-AM-322x230.jpeg",322,230,true],"mantranews-single-large":["https:\/\/blogopara.com.br\/wp-content\/uploads\/2022\/03\/WhatsApp-Image-2022-03-07-at-11.03.02-AM.jpeg",500,500,false]},"uagb_author_info":{"display_name":"Reda\u00e7\u00e3o geral","author_link":"https:\/\/blogopara.com.br\/index.php\/author\/blogopara"},"uagb_comment_info":0,"uagb_excerpt":"A palestra &#8220;Educa\u00e7\u00e3o: um ato de amor em um Novo Tempo&#8221;,que ser\u00e1 ministrada pelo escritor, jornalista e comentarista do Programa Encontro com F\u00e1tima Bernardes na Rede Globo, Fabr\u00edcio Carpinejar, teve o local de realiza\u00e7\u00e3o alterado. O evento que aconteceria na Primeira Igreja Batista (PIB), nesta segunda-feira (07), foi transferido para a Ch\u00e1cara Bougainville. A programa\u00e7\u00e3o&hellip;","jetpack_sharing_enabled":true,"jetpack_likes_enabled":true,"_links":{"self":[{"href":"https:\/\/blogopara.com.br\/index.php\/wp-json\/wp\/v2\/posts\/34641","targetHints":{"allow":["GET"]}}],"collection":[{"href":"https:\/\/blogopara.com.br\/index.php\/wp-json\/wp\/v2\/posts"}],"about":[{"href":"https:\/\/blogopara.com.br\/index.php\/wp-json\/wp\/v2\/types\/post"}],"author":[{"embeddable":true,"href":"https:\/\/blogopara.com.br\/index.php\/wp-json\/wp\/v2\/users\/1"}],"replies":[{"embeddable":true,"href":"https:\/\/blogopara.com.br\/index.php\/wp-json\/wp\/v2\/comments?post=34641"}],"version-history":[{"count":2,"href":"https:\/\/blogopara.com.br\/index.php\/wp-json\/wp\/v2\/posts\/34641\/revisions"}],"predecessor-version":[{"id":34644,"href":"https:\/\/blogopara.com.br\/index.php\/wp-json\/wp\/v2\/posts\/34641\/revisions\/34644"}],"wp:featuredmedia":[{"embeddable":true,"href":"https:\/\/blogopara.com.br\/index.php\/wp-json\/wp\/v2\/media\/34642"}],"wp:attachment":[{"href":"https:\/\/blogopara.com.br\/index.php\/wp-json\/wp\/v2\/media?parent=34641"}],"wp:term":[{"taxonomy":"category","embeddable":true,"href":"https:\/\/blogopara.com.br\/index.php\/wp-json\/wp\/v2\/categories?post=34641"},{"taxonomy":"post_tag","embeddable":true,"href":"https:\/\/blogopara.com.br\/index.php\/wp-json\/wp\/v2\/tags?post=34641"}],"curies":[{"name":"wp","href":"https:\/\/api.w.org\/{rel}","templated":true}]}}