{"id":34712,"date":"2022-03-09T16:39:00","date_gmt":"2022-03-09T19:39:00","guid":{"rendered":"https:\/\/blogopara.com.br\/?p=34712"},"modified":"2022-03-09T11:16:15","modified_gmt":"2022-03-09T14:16:15","slug":"prefeitura-prepara-acoes-de-ordenamento-urbano-nos-residenciais-de-juazeiro","status":"publish","type":"post","link":"https:\/\/blogopara.com.br\/index.php\/2022\/03\/09\/prefeitura-prepara-acoes-de-ordenamento-urbano-nos-residenciais-de-juazeiro","title":{"rendered":"Prefeitura prepara a\u00e7\u00f5es de ordenamento urbano nos residenciais de Juazeiro"},"content":{"rendered":"<p style=\"font-weight: 400; text-align: justify;\">A Prefeitura de Juazeiro, atrav\u00e9s da Secretaria de Meio Ambiente e Ordenamento Urbano (Semaurb), est\u00e1 iniciando a\u00e7\u00f5es com o objetivo de organizar os residenciais do programa Minha Casa, Minha Vida existentes no munic\u00edpio.\u00a0 A inten\u00e7\u00e3o \u00e9 melhorar o ordenamento urbano nesses locais.<\/p>\n<p style=\"font-weight: 400; text-align: justify;\">A ideia surgiu ap\u00f3s uma reuni\u00e3o promovida pela Semaurb, com a participa\u00e7\u00e3o do Minist\u00e9rio P\u00fablico, Caixa Econ\u00f4mica, Procuradoria Geral do Munic\u00edpio e presidentes da Uni\u00e3o das Associa\u00e7\u00f5es de Moradores e da Federa\u00e7\u00e3o das Associa\u00e7\u00f5es de Moradores.<\/p>\n<p style=\"font-weight: 400; text-align: justify;\">\u201cNesse encontro discutimos melhorias e ficou esclarecido que constru\u00e7\u00f5es irregulares que descaracterizem o projeto inicial dos residenciais ser\u00e3o fiscalizadas pela Semaurb e a engenharia da Caixa se colocou \u00e0 disposi\u00e7\u00e3o, para junto com o munic\u00edpio, equacionar o problema. E com rela\u00e7\u00e3o \u00e0 oferta de servi\u00e7os nos residenciais, isso \u00e9 uma compet\u00eancia do munic\u00edpio. A partir dessas defini\u00e7\u00f5es, a Prefeitura poder\u00e1 atuar tanto com a\u00e7\u00f5es sociais quanto realizar o ordenamento urbano nesses locais\u201d, explicou o titular da Semaurb, Rubens Torres.<\/p>\n<p style=\"font-weight: 400; text-align: justify;\">\n<p style=\"font-weight: 400; text-align: justify;\"><strong>Primeiras provid\u00eancias<\/strong><\/p>\n<p style=\"font-weight: 400; text-align: justify;\">\n<p style=\"font-weight: 400; text-align: justify;\">Um levantamento preliminar realizado no Residencial S\u00e3o Francisco, em parceria com lideran\u00e7as comunit\u00e1rias, identificou mais de 100 barracas que comercializam lanches e outros produtos ocupando irregularmente espa\u00e7os p\u00fablicos, como cal\u00e7adas, pra\u00e7as e at\u00e9 quadras esportivas, situa\u00e7\u00e3o que estaria gerando insatisfa\u00e7\u00e3o entre os pr\u00f3prios moradores.<\/p>\n<p style=\"font-weight: 400; text-align: justify;\">A partir desse diagn\u00f3stico, a Semaurb ir\u00e1 cadastrar os comerciantes informais do Residencial S\u00e3o Francisco e analisar\u00e1 a viabilidade de manter ou n\u00e3o as barracas no local. Aquelas que os donos n\u00e3o forem identificados ser\u00e3o removidas.<\/p>\n<p style=\"font-weight: 400; text-align: justify;\">Esse trabalho contar\u00e1 com a parceria de lideran\u00e7as comunit\u00e1rias, que far\u00e3o o levantamento das informa\u00e7\u00f5es. Posteriormente as a\u00e7\u00f5es de ordenamento urbano ser\u00e3o estendidas aos demais residenciais de Juazeiro.<\/p>\n<p style=\"font-weight: 400; text-align: justify;\">\u201cNossa participa\u00e7\u00e3o ser\u00e1 ouvindo as necessidades dos moradores e fazendo um levantamento para identificar a quantidade de barracas que existem dentro dos residenciais, quantas est\u00e3o em funcionamento e quais est\u00e3o abandonadas, para poder localizar os donos. Essa parceria vai ser bastante produtiva para promover o ordenamento nos residenciais\u201d, pontuou o l\u00edder comunit\u00e1rio Anderson Matheus Pereira.<\/p>\n<p style=\"font-weight: 400; text-align: justify;\">\u201cEu acho que essa a\u00e7\u00e3o \u00e9 de suma import\u00e2ncia, tendo em vista que desde o in\u00edcio dos residenciais, em outras gest\u00f5es o ordenamento nunca foi feito, e agora na gest\u00e3o atual a Semaurb est\u00e1 se envolvendo e tomando a responsabilidade, n\u00e3o para prejudicar ningu\u00e9m, mas realmente para organizar os residenciais e deixar os espa\u00e7os melhores tanto para os comerciantes quanto para a popula\u00e7\u00e3o de modo geral\u201d, completou o l\u00edder comunit\u00e1rio, Lucas Felipe Rodrigues.<\/p>\n<p style=\"text-align: justify;\">\n<p style=\"font-weight: 400; text-align: justify;\">Ascom\/Semaurb\/PMJ<\/p>\n<p style=\"font-weight: 400; text-align: justify;\">\n","protected":false},"excerpt":{"rendered":"<p>A Prefeitura de Juazeiro, atrav\u00e9s da Secretaria de Meio Ambiente e Ordenamento Urbano (Semaurb), est\u00e1 iniciando a\u00e7\u00f5es com o objetivo de organizar os residenciais do programa Minha Casa, Minha Vida existentes no munic\u00edpio.\u00a0 A inten\u00e7\u00e3o \u00e9 melhorar o ordenamento urbano nesses locais. A ideia surgiu ap\u00f3s uma reuni\u00e3o promovida pela Semaurb, com a participa\u00e7\u00e3o do [&hellip;]<\/p>\n","protected":false},"author":1,"featured_media":34713,"comment_status":"closed","ping_status":"open","sticky":false,"template":"","format":"standard","meta":{"_uag_custom_page_level_css":"","_monsterinsights_skip_tracking":false,"_monsterinsights_sitenote_active":false,"_monsterinsights_sitenote_note":"","_monsterinsights_sitenote_category":0,"jetpack_post_was_ever_published":false,"_jetpack_newsletter_access":"","_jetpack_dont_email_post_to_subs":false,"_jetpack_newsletter_tier_id":0,"_jetpack_memberships_contains_paywalled_content":false,"_jetpack_memberships_contains_paid_content":false,"footnotes":"","jetpack_publicize_message":"","jetpack_publicize_feature_enabled":true,"jetpack_social_post_already_shared":true,"jetpack_social_options":{"image_generator_settings":{"template":"highway","default_image_id":0,"font":"","enabled":false},"version":2}},"categories":[203],"tags":[8070,610,8050,1111],"class_list":["post-34712","post","type-post","status-publish","format-standard","has-post-thumbnail","hentry","category-juazeiro","tag-acoes-de-ordenamento-urbano","tag-prefeitura","tag-preparacao","tag-residenciais"],"jetpack_publicize_connections":[],"jetpack_featured_media_url":"https:\/\/blogopara.com.br\/wp-content\/uploads\/2022\/03\/Barracas-Residencial-Sao-Francisco-17.jpg","uagb_featured_image_src":{"full":["https:\/\/blogopara.com.br\/wp-content\/uploads\/2022\/03\/Barracas-Residencial-Sao-Francisco-17.jpg",500,333,false],"thumbnail":["https:\/\/blogopara.com.br\/wp-content\/uploads\/2022\/03\/Barracas-Residencial-Sao-Francisco-17-150x150.jpg",150,150,true],"medium":["https:\/\/blogopara.com.br\/wp-content\/uploads\/2022\/03\/Barracas-Residencial-Sao-Francisco-17-300x200.jpg",300,200,true],"medium_large":["https:\/\/blogopara.com.br\/wp-content\/uploads\/2022\/03\/Barracas-Residencial-Sao-Francisco-17.jpg",500,333,false],"large":["https:\/\/blogopara.com.br\/wp-content\/uploads\/2022\/03\/Barracas-Residencial-Sao-Francisco-17.jpg",500,333,false],"1536x1536":["https:\/\/blogopara.com.br\/wp-content\/uploads\/2022\/03\/Barracas-Residencial-Sao-Francisco-17.jpg",500,333,false],"2048x2048":["https:\/\/blogopara.com.br\/wp-content\/uploads\/2022\/03\/Barracas-Residencial-Sao-Francisco-17.jpg",500,333,false],"mantranews-slider-large":["https:\/\/blogopara.com.br\/wp-content\/uploads\/2022\/03\/Barracas-Residencial-Sao-Francisco-17.jpg",500,333,false],"mantranews-featured-medium":["https:\/\/blogopara.com.br\/wp-content\/uploads\/2022\/03\/Barracas-Residencial-Sao-Francisco-17-420x307.jpg",420,307,true],"mantranews-featured-long":["https:\/\/blogopara.com.br\/wp-content\/uploads\/2022\/03\/Barracas-Residencial-Sao-Francisco-17-300x333.jpg",300,333,true],"mantranews-block-medium":["https:\/\/blogopara.com.br\/wp-content\/uploads\/2022\/03\/Barracas-Residencial-Sao-Francisco-17-464x290.jpg",464,290,true],"mantranews-carousel-image":["https:\/\/blogopara.com.br\/wp-content\/uploads\/2022\/03\/Barracas-Residencial-Sao-Francisco-17.jpg",500,333,false],"mantranews-block-thumb":["https:\/\/blogopara.com.br\/wp-content\/uploads\/2022\/03\/Barracas-Residencial-Sao-Francisco-17-322x230.jpg",322,230,true],"mantranews-single-large":["https:\/\/blogopara.com.br\/wp-content\/uploads\/2022\/03\/Barracas-Residencial-Sao-Francisco-17.jpg",500,333,false]},"uagb_author_info":{"display_name":"Reda\u00e7\u00e3o geral","author_link":"https:\/\/blogopara.com.br\/index.php\/author\/blogopara"},"uagb_comment_info":0,"uagb_excerpt":"A Prefeitura de Juazeiro, atrav\u00e9s da Secretaria de Meio Ambiente e Ordenamento Urbano (Semaurb), est\u00e1 iniciando a\u00e7\u00f5es com o objetivo de organizar os residenciais do programa Minha Casa, Minha Vida existentes no munic\u00edpio.\u00a0 A inten\u00e7\u00e3o \u00e9 melhorar o ordenamento urbano nesses locais. A ideia surgiu ap\u00f3s uma reuni\u00e3o promovida pela Semaurb, com a participa\u00e7\u00e3o do&hellip;","jetpack_sharing_enabled":true,"jetpack_likes_enabled":true,"_links":{"self":[{"href":"https:\/\/blogopara.com.br\/index.php\/wp-json\/wp\/v2\/posts\/34712","targetHints":{"allow":["GET"]}}],"collection":[{"href":"https:\/\/blogopara.com.br\/index.php\/wp-json\/wp\/v2\/posts"}],"about":[{"href":"https:\/\/blogopara.com.br\/index.php\/wp-json\/wp\/v2\/types\/post"}],"author":[{"embeddable":true,"href":"https:\/\/blogopara.com.br\/index.php\/wp-json\/wp\/v2\/users\/1"}],"replies":[{"embeddable":true,"href":"https:\/\/blogopara.com.br\/index.php\/wp-json\/wp\/v2\/comments?post=34712"}],"version-history":[{"count":1,"href":"https:\/\/blogopara.com.br\/index.php\/wp-json\/wp\/v2\/posts\/34712\/revisions"}],"predecessor-version":[{"id":34714,"href":"https:\/\/blogopara.com.br\/index.php\/wp-json\/wp\/v2\/posts\/34712\/revisions\/34714"}],"wp:featuredmedia":[{"embeddable":true,"href":"https:\/\/blogopara.com.br\/index.php\/wp-json\/wp\/v2\/media\/34713"}],"wp:attachment":[{"href":"https:\/\/blogopara.com.br\/index.php\/wp-json\/wp\/v2\/media?parent=34712"}],"wp:term":[{"taxonomy":"category","embeddable":true,"href":"https:\/\/blogopara.com.br\/index.php\/wp-json\/wp\/v2\/categories?post=34712"},{"taxonomy":"post_tag","embeddable":true,"href":"https:\/\/blogopara.com.br\/index.php\/wp-json\/wp\/v2\/tags?post=34712"}],"curies":[{"name":"wp","href":"https:\/\/api.w.org\/{rel}","templated":true}]}}