{"id":34735,"date":"2022-03-10T14:21:00","date_gmt":"2022-03-10T17:21:00","guid":{"rendered":"https:\/\/blogopara.com.br\/?p=34735"},"modified":"2022-03-10T12:21:55","modified_gmt":"2022-03-10T15:21:55","slug":"governo-decreta-permissao-para-uso-de-imagens-de-cameras-privadas-para-investigar-e-prevenir-crimes-na-bahia","status":"publish","type":"post","link":"https:\/\/blogopara.com.br\/index.php\/2022\/03\/10\/governo-decreta-permissao-para-uso-de-imagens-de-cameras-privadas-para-investigar-e-prevenir-crimes-na-bahia","title":{"rendered":"Governo decreta permiss\u00e3o para uso de imagens de c\u00e2meras privadas para investigar e prevenir crimes na Bahia"},"content":{"rendered":"<div class=\"mc-column content-text active-extra-styles \" data-block-type=\"unstyled\" data-block-weight=\"45\" data-block-id=\"2\">\n<p class=\"content-text__container \" style=\"text-align: justify;\" data-track-category=\"Link no Texto\" data-track-links=\"\">O governo da Bahia publicou, nesta quinta-feira (10), o decreto que permite o uso de imagens cedidas pela sociedade, para investigar e prevenir crimes. Chamado de Projeto C\u00e2mera Interativa, a medida foi tomada para ampliar o sistema de monitoramento da Secretaria da Seguran\u00e7a P\u00fablica (SSP-BA).<\/p>\n<\/div>\n<div class=\"wall protected-content\">\n<div class=\"mc-column content-text active-extra-styles \" style=\"text-align: justify;\" data-block-type=\"unstyled\" data-block-weight=\"28\" data-block-id=\"3\">\n<p class=\"content-text__container \" data-track-category=\"Link no Texto\" data-track-links=\"\">Na pr\u00e1tica, as pol\u00edcias j\u00e1 fazem o uso das imagens de c\u00e2meras de seguran\u00e7a em investiga\u00e7\u00f5es, quando solicitam \u2013 seja voluntariamente ou por meio da Justi\u00e7a.<\/p>\n<\/div>\n<div class=\"mc-column content-text active-extra-styles \" style=\"text-align: justify;\" data-block-type=\"unstyled\" data-block-weight=\"56\" data-block-id=\"4\">\n<p class=\"content-text__container \" data-track-category=\"Link no Texto\" data-track-links=\"\">A pasta pretende usar imagens de c\u00e2meras residenciais, estabelecimentos comerciais e entidades privadas, junto \u00e0s c\u00e2meras que j\u00e1 foram instaladas pelo estado. A participa\u00e7\u00e3o \u00e9 espont\u00e2nea, ou seja, os donos das c\u00e2meras cedem as imagens se quiserem. Al\u00e9m disso, a SSP-BA tamb\u00e9m n\u00e3o vai pagar pelas imagens e poder\u00e1 us\u00e1-las pelo tempo que achar necess\u00e1rio.<\/p>\n<\/div>\n<div class=\"mc-column content-text active-extra-styles \" style=\"text-align: justify;\" data-block-type=\"unstyled\" data-block-weight=\"38\" data-block-id=\"6\">\n<p class=\"content-text__container \" data-track-category=\"Link no Texto\" data-track-links=\"\">Todas as imagens cedidas ficar\u00e3o armazenadas em uma nuvem. A SSP-BA far\u00e1 um contrato com s propriet\u00e1rios das c\u00e2meras, que precisam estar voltadas para ruas e avenidas. As especifica\u00e7\u00f5es t\u00e9cnicas das c\u00e2meras tamb\u00e9m devem ser informadas ao governo.<\/p>\n<\/div>\n<div class=\"mc-column content-text active-extra-styles \" style=\"text-align: justify;\" data-block-type=\"unstyled\" data-block-weight=\"22\" data-block-id=\"7\">\n<p class=\"content-text__container \" data-track-category=\"Link no Texto\" data-track-links=\"\">O acesso ser\u00e1 pelo Centro de Opera\u00e7\u00f5es e Intelig\u00eancia (COI) e pelos 23 Centros Integrados de Comunica\u00e7\u00e3o (CICOM) ou unidades policiais interessadas.<\/p>\n<\/div>\n<div class=\"mc-column content-text active-extra-styles\" style=\"text-align: justify;\" data-block-type=\"raw\" data-block-weight=\"3\" data-block-id=\"8\">\n<p class=\"content-text__container\">\u00a0<\/p>\n<div class=\"content-intertitle\">\n<h2>C\u00e2meras nas fardas<\/h2>\n<\/div>\n<\/div>\n<div class=\"row medium-uncollapsed content-media content-photo\" style=\"text-align: justify;\" data-block-type=\"backstage-photo\" data-block-id=\"9\">\n<div class=\"mc-column content-media__container\">\n<div class=\"content-media-container glb-skeleton-box\">\n<figure class=\"content-media-figure\"><\/figure>\n<\/div>\n<\/div>\n<\/div>\n<div class=\"mc-column content-text active-extra-styles \" style=\"text-align: justify;\" data-block-type=\"unstyled\" data-block-weight=\"34\" data-block-id=\"10\">\n<p class=\"content-text__container \" data-track-category=\"Link no Texto\" data-track-links=\"\">O debate sobre o uso de c\u00e2meras para combater crimes voltou \u00e0 tona depois que\u00a0<a href=\"https:\/\/g1.globo.com\/ba\/bahia\/noticia\/2022\/03\/01\/jovem-e-morto-e-outros-dois-sao-baleados-em-acao-da-pm-na-gamboa-em-salvador-comunidade-protesta.ghtml\">tr\u00eas jovens foram mortos por policiais militares na Gamboa<\/a>, em\u00a0<a href=\"https:\/\/g1.globo.com\/ba\/bahia\/cidade\/salvador\/\">Salvador<\/a>, na madrugada do dia 1\u00ba de mar\u00e7o.<\/p>\n<p class=\"content-text__container \" data-track-category=\"Link no Texto\" data-track-links=\"\"><span style=\"color: initial; font-size: revert; font-family: inherit; font-style: inherit; font-variant-ligatures: inherit; font-variant-caps: inherit; font-weight: inherit; text-align: center;\">A comunidade afirma que os PMs j\u00e1 chegaram ao local atirando, j\u00e1 a pol\u00edcia d\u00e1 uma vers\u00e3o diferente para os fatos e alega que foi acionada ap\u00f3s um suposto caso com ref\u00e9ns.<\/span><\/p>\n<\/div>\n<div class=\"mc-column content-text active-extra-styles \" data-block-type=\"unstyled\" data-block-weight=\"31\" data-block-id=\"14\">\n<p class=\"content-text__container \" style=\"text-align: justify;\" data-track-category=\"Link no Texto\" data-track-links=\"\">A Ordem dos Advogados do Brasil, se\u00e7\u00e3o Bahia (OBA-BA), informou que pediu\u00a0<a href=\"https:\/\/g1.globo.com\/ba\/bahia\/noticia\/2022\/03\/01\/entidades-baianas-divulgam-nota-de-repudio-contra-acao-da-pm-que-deixou-tres-mortos-na-gamboa-em-salvador.ghtml\">urg\u00eancia na instala\u00e7\u00e3o de c\u00e2meras em viaturas e fardas da PM<\/a>, prometidas pelo governo da Bahia em 2021.<\/p>\n<\/div>\n<\/div>\n<p data-track-category=\"Link no Texto\" data-track-links=\"\">\u00a0<\/p>\n<p data-track-category=\"Link no Texto\" data-track-links=\"\">Por g1 BA<\/p>\n","protected":false},"excerpt":{"rendered":"<p>O governo da Bahia publicou, nesta quinta-feira (10), o decreto que permite o uso de imagens cedidas pela sociedade, para investigar e prevenir crimes. Chamado de Projeto C\u00e2mera Interativa, a medida foi tomada para ampliar o sistema de monitoramento da Secretaria da Seguran\u00e7a P\u00fablica (SSP-BA). Na pr\u00e1tica, as pol\u00edcias j\u00e1 fazem o uso das imagens [&hellip;]<\/p>\n","protected":false},"author":1,"featured_media":34736,"comment_status":"closed","ping_status":"open","sticky":false,"template":"","format":"standard","meta":{"_uag_custom_page_level_css":"","_monsterinsights_skip_tracking":false,"_monsterinsights_sitenote_active":false,"_monsterinsights_sitenote_note":"","_monsterinsights_sitenote_category":0,"jetpack_post_was_ever_published":false,"_jetpack_newsletter_access":"","_jetpack_dont_email_post_to_subs":false,"_jetpack_newsletter_tier_id":0,"_jetpack_memberships_contains_paywalled_content":false,"_jetpack_memberships_contains_paid_content":false,"footnotes":"","jetpack_publicize_message":"","jetpack_publicize_feature_enabled":true,"jetpack_social_post_already_shared":true,"jetpack_social_options":{"image_generator_settings":{"template":"highway","default_image_id":0,"font":"","enabled":false},"version":2}},"categories":[199],"tags":[8123,8126,8124,8125],"class_list":["post-34735","post","type-post","status-publish","format-standard","has-post-thumbnail","hentry","category-bahia","tag-governo-decreta","tag-investigar-e-prevenir-crimes","tag-permissao","tag-uso-de-imagens-de-camaras"],"jetpack_publicize_connections":[],"jetpack_featured_media_url":"https:\/\/blogopara.com.br\/wp-content\/uploads\/2022\/03\/whatsapp-image-2022-03-10-at-06.45.08.jpg","uagb_featured_image_src":{"full":["https:\/\/blogopara.com.br\/wp-content\/uploads\/2022\/03\/whatsapp-image-2022-03-10-at-06.45.08.jpg",500,285,false],"thumbnail":["https:\/\/blogopara.com.br\/wp-content\/uploads\/2022\/03\/whatsapp-image-2022-03-10-at-06.45.08-150x150.jpg",150,150,true],"medium":["https:\/\/blogopara.com.br\/wp-content\/uploads\/2022\/03\/whatsapp-image-2022-03-10-at-06.45.08-300x171.jpg",300,171,true],"medium_large":["https:\/\/blogopara.com.br\/wp-content\/uploads\/2022\/03\/whatsapp-image-2022-03-10-at-06.45.08.jpg",500,285,false],"large":["https:\/\/blogopara.com.br\/wp-content\/uploads\/2022\/03\/whatsapp-image-2022-03-10-at-06.45.08.jpg",500,285,false],"1536x1536":["https:\/\/blogopara.com.br\/wp-content\/uploads\/2022\/03\/whatsapp-image-2022-03-10-at-06.45.08.jpg",500,285,false],"2048x2048":["https:\/\/blogopara.com.br\/wp-content\/uploads\/2022\/03\/whatsapp-image-2022-03-10-at-06.45.08.jpg",500,285,false],"mantranews-slider-large":["https:\/\/blogopara.com.br\/wp-content\/uploads\/2022\/03\/whatsapp-image-2022-03-10-at-06.45.08.jpg",500,285,false],"mantranews-featured-medium":["https:\/\/blogopara.com.br\/wp-content\/uploads\/2022\/03\/whatsapp-image-2022-03-10-at-06.45.08-420x285.jpg",420,285,true],"mantranews-featured-long":["https:\/\/blogopara.com.br\/wp-content\/uploads\/2022\/03\/whatsapp-image-2022-03-10-at-06.45.08-300x285.jpg",300,285,true],"mantranews-block-medium":["https:\/\/blogopara.com.br\/wp-content\/uploads\/2022\/03\/whatsapp-image-2022-03-10-at-06.45.08-464x285.jpg",464,285,true],"mantranews-carousel-image":["https:\/\/blogopara.com.br\/wp-content\/uploads\/2022\/03\/whatsapp-image-2022-03-10-at-06.45.08.jpg",500,285,false],"mantranews-block-thumb":["https:\/\/blogopara.com.br\/wp-content\/uploads\/2022\/03\/whatsapp-image-2022-03-10-at-06.45.08-322x230.jpg",322,230,true],"mantranews-single-large":["https:\/\/blogopara.com.br\/wp-content\/uploads\/2022\/03\/whatsapp-image-2022-03-10-at-06.45.08.jpg",500,285,false]},"uagb_author_info":{"display_name":"Reda\u00e7\u00e3o geral","author_link":"https:\/\/blogopara.com.br\/index.php\/author\/blogopara"},"uagb_comment_info":0,"uagb_excerpt":"O governo da Bahia publicou, nesta quinta-feira (10), o decreto que permite o uso de imagens cedidas pela sociedade, para investigar e prevenir crimes. Chamado de Projeto C\u00e2mera Interativa, a medida foi tomada para ampliar o sistema de monitoramento da Secretaria da Seguran\u00e7a P\u00fablica (SSP-BA). Na pr\u00e1tica, as pol\u00edcias j\u00e1 fazem o uso das imagens&hellip;","jetpack_sharing_enabled":true,"jetpack_likes_enabled":true,"_links":{"self":[{"href":"https:\/\/blogopara.com.br\/index.php\/wp-json\/wp\/v2\/posts\/34735","targetHints":{"allow":["GET"]}}],"collection":[{"href":"https:\/\/blogopara.com.br\/index.php\/wp-json\/wp\/v2\/posts"}],"about":[{"href":"https:\/\/blogopara.com.br\/index.php\/wp-json\/wp\/v2\/types\/post"}],"author":[{"embeddable":true,"href":"https:\/\/blogopara.com.br\/index.php\/wp-json\/wp\/v2\/users\/1"}],"replies":[{"embeddable":true,"href":"https:\/\/blogopara.com.br\/index.php\/wp-json\/wp\/v2\/comments?post=34735"}],"version-history":[{"count":1,"href":"https:\/\/blogopara.com.br\/index.php\/wp-json\/wp\/v2\/posts\/34735\/revisions"}],"predecessor-version":[{"id":34737,"href":"https:\/\/blogopara.com.br\/index.php\/wp-json\/wp\/v2\/posts\/34735\/revisions\/34737"}],"wp:featuredmedia":[{"embeddable":true,"href":"https:\/\/blogopara.com.br\/index.php\/wp-json\/wp\/v2\/media\/34736"}],"wp:attachment":[{"href":"https:\/\/blogopara.com.br\/index.php\/wp-json\/wp\/v2\/media?parent=34735"}],"wp:term":[{"taxonomy":"category","embeddable":true,"href":"https:\/\/blogopara.com.br\/index.php\/wp-json\/wp\/v2\/categories?post=34735"},{"taxonomy":"post_tag","embeddable":true,"href":"https:\/\/blogopara.com.br\/index.php\/wp-json\/wp\/v2\/tags?post=34735"}],"curies":[{"name":"wp","href":"https:\/\/api.w.org\/{rel}","templated":true}]}}