{"id":34738,"date":"2022-03-10T15:41:00","date_gmt":"2022-03-10T18:41:00","guid":{"rendered":"https:\/\/blogopara.com.br\/?p=34738"},"modified":"2022-03-10T12:32:29","modified_gmt":"2022-03-10T15:32:29","slug":"rui-se-reune-com-leao-e-pede-paciencia-mas-o-clima-politico-entre-os-dois-nao-esta-bom","status":"publish","type":"post","link":"https:\/\/blogopara.com.br\/index.php\/2022\/03\/10\/rui-se-reune-com-leao-e-pede-paciencia-mas-o-clima-politico-entre-os-dois-nao-esta-bom","title":{"rendered":"Rui se re\u00fane com Le\u00e3o e pede paci\u00eancia, mas o clima pol\u00edtico entre os dois n\u00e3o est\u00e1 bom"},"content":{"rendered":"<p style=\"text-align: justify;\">Governador da Bahia, Rui Costa (PT) teve uma reuni\u00e3o com o vice Jo\u00e3o Le\u00e3o (PP) na noite da \u00faltima quarta (9) e pediu que Le\u00e3o tenha paci\u00eancia e n\u00e3o tome nenhuma decis\u00e3o de cabe\u00e7a quente. O Bonit\u00e3o ficou furioso ap\u00f3s saber, pelo r\u00e1dio, que n\u00e3o assumiria mais a cadeira de governador da Bahia com a ren\u00fancia de Rui, prevista para que ele sa\u00edsse candidato a Senador nas pr\u00f3ximas elei\u00e7\u00f5es.<\/p>\n<p style=\"text-align: justify;\">Le\u00e3o esteve em Bras\u00edlia no in\u00edcio da semana e surgiu a possibilidade de romper com a base do governo, com quem caminha junto h\u00e1 14 anos, e se juntar \u00e0 oposi\u00e7\u00e3o liderada por ACM Neto (Uni\u00e3o Brasil).<\/p>\n<p style=\"text-align: justify;\">Le\u00e3o ficou insatisfeito com a configura\u00e7\u00e3o anunciada sem aviso pr\u00e9vio por Jaques Wagner na r\u00e1dio Metr\u00f3pole. O senador declarou que Rui Costa fica at\u00e9 o final do governo e que o PT vai escolher entre uma \u201clista tr\u00edplice\u201d o postulante a governador.<\/p>\n<div class=\"d-flex justify-content-center my-3\" style=\"text-align: justify;\">\n<div id=\"banner-300x250-1-area\" data-desktop=\"300x250\" data-mobile=\"320x50\" data-google-query-id=\"COSCnfHsu_YCFX44uQYdUBMGmw\">\n<div id=\"google_ads_iframe_\/8804\/parceiros\/bnews_0__container__\"><span style=\"font-size: revert; color: initial;\">As decis\u00f5es impactaram diretamente o PP. Primeiro que Le\u00e3o queria assumir o governo por nove meses e j\u00e1 tinha esse pr\u00e9-acordo estabelecido. Segundo que n\u00e3o \u00e9 so agrado do partido apoiar Luiz Caetano, Jer\u00f4nimo Rodrigues ou Moema Gramacho na disputa pelo Pal\u00e1cio de Ondina.<\/span><\/div>\n<\/div>\n<\/div>\n<p style=\"text-align: justify;\">&#8220;Sei que o Governador falou a Le\u00e3o que a partir de agora ele [Rui] vai comandar. J\u00e1 cumprimos outros acordos com o PT, como no caso da elei\u00e7\u00e3o de Adolfo na AL-BA. Mas agora \u00e9 entre eles l\u00e1, quero ver se Rui \u00e9 bom de acordo mesmo, se manda mesmo&#8221;, disse um deputado pepista ouvido pelo BNews.<\/p>\n<p style=\"text-align: justify;\">O deputado ainda comentou que o clima dentro do PP n\u00e3o \u00e9 bom e pouco favor\u00e1vel \u00e0 manuten\u00e7\u00e3o da sigla na base governista. &#8220;O clima n\u00e3o est\u00e1 bom, principalmente com os federais, que s\u00e3o mais independente,s que n\u00e3o precisam do Governo do Estado. Houve uma falta de aten\u00e7\u00e3o enorme. Le\u00e3o tem 14 anos de lealdade a eles e foi uma situa\u00e7\u00e3o chata&#8221;, afirmou.<\/p>\n<p style=\"text-align: justify;\">Rui j\u00e1 havia encontrado o pepista no in\u00edcio da semana, quando pediu\u00a0 um &#8220;tempo&#8221; a ele para tentar equacionar o imbr\u00f3glio. A ideia do governador \u00e9 executar os planos A e B, que atualmente envolvem a candidatura de Wagner \u00e0 cabe\u00e7a de chapa.<\/p>\n<p style=\"text-align: justify;\">O plano A consiste na chapa dos sonhos. Wagner candidato ao governo, Otto Alencar (ou Otto Filho) postulante a vice e Rui Costa no Senado Federal. O PP, neste cen\u00e1rio, abriria m\u00e3o da majorit\u00e1ria.<\/p>\n<p style=\"text-align: justify;\">J\u00e1 o plano B seria Wagner candidato ao governo, Otto no Senado Federal e o deputado federal Ronaldo Carletto indicado do PP a vice. Nesta conjuntura, de forma mais remota, Rui Costa poderia disputar a C\u00e2mara Federal para arrumar o partido e puxar votos. Rui deu um prazo at\u00e9 13 de mar\u00e7o (domingo) para definir e anunciar a chapa completa.<\/p>\n<p>Por: BNews<\/p>\n","protected":false},"excerpt":{"rendered":"<p>Governador da Bahia, Rui Costa (PT) teve uma reuni\u00e3o com o vice Jo\u00e3o Le\u00e3o (PP) na noite da \u00faltima quarta (9) e pediu que Le\u00e3o tenha paci\u00eancia e n\u00e3o tome nenhuma decis\u00e3o de cabe\u00e7a quente. O Bonit\u00e3o ficou furioso ap\u00f3s saber, pelo r\u00e1dio, que n\u00e3o assumiria mais a cadeira de governador da Bahia com a [&hellip;]<\/p>\n","protected":false},"author":1,"featured_media":34739,"comment_status":"closed","ping_status":"open","sticky":false,"template":"","format":"standard","meta":{"_uag_custom_page_level_css":"","_monsterinsights_skip_tracking":false,"_monsterinsights_sitenote_active":false,"_monsterinsights_sitenote_note":"","_monsterinsights_sitenote_category":0,"jetpack_post_was_ever_published":false,"_jetpack_newsletter_access":"","_jetpack_dont_email_post_to_subs":false,"_jetpack_newsletter_tier_id":0,"_jetpack_memberships_contains_paywalled_content":false,"_jetpack_memberships_contains_paid_content":false,"footnotes":"","jetpack_publicize_message":"","jetpack_publicize_feature_enabled":true,"jetpack_social_post_already_shared":true,"jetpack_social_options":{"image_generator_settings":{"template":"highway","default_image_id":0,"font":"","enabled":false},"version":2}},"categories":[199,197],"tags":[8128,8127,1208,3421],"class_list":["post-34738","post","type-post","status-publish","format-standard","has-post-thumbnail","hentry","category-bahia","category-politica","tag-clima-politico-ruim","tag-leao","tag-reuniao","tag-rui"],"jetpack_publicize_connections":[],"jetpack_featured_media_url":"https:\/\/blogopara.com.br\/wp-content\/uploads\/2022\/03\/mateuspereira_govba_widelg_widelg-1.jpg","uagb_featured_image_src":{"full":["https:\/\/blogopara.com.br\/wp-content\/uploads\/2022\/03\/mateuspereira_govba_widelg_widelg-1.jpg",500,281,false],"thumbnail":["https:\/\/blogopara.com.br\/wp-content\/uploads\/2022\/03\/mateuspereira_govba_widelg_widelg-1-150x150.jpg",150,150,true],"medium":["https:\/\/blogopara.com.br\/wp-content\/uploads\/2022\/03\/mateuspereira_govba_widelg_widelg-1-300x169.jpg",300,169,true],"medium_large":["https:\/\/blogopara.com.br\/wp-content\/uploads\/2022\/03\/mateuspereira_govba_widelg_widelg-1.jpg",500,281,false],"large":["https:\/\/blogopara.com.br\/wp-content\/uploads\/2022\/03\/mateuspereira_govba_widelg_widelg-1.jpg",500,281,false],"1536x1536":["https:\/\/blogopara.com.br\/wp-content\/uploads\/2022\/03\/mateuspereira_govba_widelg_widelg-1.jpg",500,281,false],"2048x2048":["https:\/\/blogopara.com.br\/wp-content\/uploads\/2022\/03\/mateuspereira_govba_widelg_widelg-1.jpg",500,281,false],"mantranews-slider-large":["https:\/\/blogopara.com.br\/wp-content\/uploads\/2022\/03\/mateuspereira_govba_widelg_widelg-1.jpg",500,281,false],"mantranews-featured-medium":["https:\/\/blogopara.com.br\/wp-content\/uploads\/2022\/03\/mateuspereira_govba_widelg_widelg-1-420x281.jpg",420,281,true],"mantranews-featured-long":["https:\/\/blogopara.com.br\/wp-content\/uploads\/2022\/03\/mateuspereira_govba_widelg_widelg-1-300x281.jpg",300,281,true],"mantranews-block-medium":["https:\/\/blogopara.com.br\/wp-content\/uploads\/2022\/03\/mateuspereira_govba_widelg_widelg-1-464x281.jpg",464,281,true],"mantranews-carousel-image":["https:\/\/blogopara.com.br\/wp-content\/uploads\/2022\/03\/mateuspereira_govba_widelg_widelg-1.jpg",500,281,false],"mantranews-block-thumb":["https:\/\/blogopara.com.br\/wp-content\/uploads\/2022\/03\/mateuspereira_govba_widelg_widelg-1-322x230.jpg",322,230,true],"mantranews-single-large":["https:\/\/blogopara.com.br\/wp-content\/uploads\/2022\/03\/mateuspereira_govba_widelg_widelg-1.jpg",500,281,false]},"uagb_author_info":{"display_name":"Reda\u00e7\u00e3o geral","author_link":"https:\/\/blogopara.com.br\/index.php\/author\/blogopara"},"uagb_comment_info":0,"uagb_excerpt":"Governador da Bahia, Rui Costa (PT) teve uma reuni\u00e3o com o vice Jo\u00e3o Le\u00e3o (PP) na noite da \u00faltima quarta (9) e pediu que Le\u00e3o tenha paci\u00eancia e n\u00e3o tome nenhuma decis\u00e3o de cabe\u00e7a quente. O Bonit\u00e3o ficou furioso ap\u00f3s saber, pelo r\u00e1dio, que n\u00e3o assumiria mais a cadeira de governador da Bahia com a&hellip;","jetpack_sharing_enabled":true,"jetpack_likes_enabled":true,"_links":{"self":[{"href":"https:\/\/blogopara.com.br\/index.php\/wp-json\/wp\/v2\/posts\/34738","targetHints":{"allow":["GET"]}}],"collection":[{"href":"https:\/\/blogopara.com.br\/index.php\/wp-json\/wp\/v2\/posts"}],"about":[{"href":"https:\/\/blogopara.com.br\/index.php\/wp-json\/wp\/v2\/types\/post"}],"author":[{"embeddable":true,"href":"https:\/\/blogopara.com.br\/index.php\/wp-json\/wp\/v2\/users\/1"}],"replies":[{"embeddable":true,"href":"https:\/\/blogopara.com.br\/index.php\/wp-json\/wp\/v2\/comments?post=34738"}],"version-history":[{"count":1,"href":"https:\/\/blogopara.com.br\/index.php\/wp-json\/wp\/v2\/posts\/34738\/revisions"}],"predecessor-version":[{"id":34740,"href":"https:\/\/blogopara.com.br\/index.php\/wp-json\/wp\/v2\/posts\/34738\/revisions\/34740"}],"wp:featuredmedia":[{"embeddable":true,"href":"https:\/\/blogopara.com.br\/index.php\/wp-json\/wp\/v2\/media\/34739"}],"wp:attachment":[{"href":"https:\/\/blogopara.com.br\/index.php\/wp-json\/wp\/v2\/media?parent=34738"}],"wp:term":[{"taxonomy":"category","embeddable":true,"href":"https:\/\/blogopara.com.br\/index.php\/wp-json\/wp\/v2\/categories?post=34738"},{"taxonomy":"post_tag","embeddable":true,"href":"https:\/\/blogopara.com.br\/index.php\/wp-json\/wp\/v2\/tags?post=34738"}],"curies":[{"name":"wp","href":"https:\/\/api.w.org\/{rel}","templated":true}]}}