{"id":34776,"date":"2022-03-11T14:20:00","date_gmt":"2022-03-11T17:20:00","guid":{"rendered":"https:\/\/blogopara.com.br\/?p=34776"},"modified":"2022-03-11T09:35:31","modified_gmt":"2022-03-11T12:35:31","slug":"camara-de-vereadores-de-juazeiro-institui-conselho-de-etica-e-decoro","status":"publish","type":"post","link":"https:\/\/blogopara.com.br\/index.php\/2022\/03\/11\/camara-de-vereadores-de-juazeiro-institui-conselho-de-etica-e-decoro","title":{"rendered":"C\u00e2mara de Vereadores de Juazeiro institui Conselho de \u00c9tica e Decoro"},"content":{"rendered":"<p style=\"text-align: justify;\">Na sess\u00e3o da \u00faltima quarta-feira (09), o presidente da mesa diretora, Berg da Carna\u00edba, anunciou que a C\u00e2mara Municipal de Juazeiro instituiu o Conselho de \u00c9tica e Decoro.<\/p>\n<p style=\"text-align: justify;\">Berg da Carna\u00edba, no uso de suas atribui\u00e7\u00f5es, obedecendo o disposto do Artigo 40\u00a7 10 do Regimento Interno da Casa, nomeou, conforme indica\u00e7\u00e3o dos blocos parlamentares, Jean Gomes &#8211; presidente; Cl\u00e9sio Alexandre de Carvalho-vice-presidente; Lourival Quirino &#8211; relator e Salvador de Carvalho e Hitalo Marcelino \u2013 membros.<\/p>\n<p style=\"text-align: justify;\">Berg explica que qualquer tipo de den\u00fancia ao vereador, a partir de agora dever\u00e1 chegar \u00e0 presid\u00eancia da C\u00e2mara e em seguida ser\u00e1 repassada para o Conselho que dever\u00e1 analisar a dela\u00e7\u00e3o. \u201cFoi um clamor da popula\u00e7\u00e3o de Juazeiro e eu estou a servi\u00e7o do povo, fui eleito para representar a popula\u00e7\u00e3o e defender os seus direitos e atender o anseio popular. No meu mandato o povo sempre estar\u00e1 em primeiro lugar\u201d, enfatiza o presidente.<\/p>\n<p style=\"text-align: justify;\">O mandato dos membros do Conselho j\u00e1 est\u00e1 em vigor, com in\u00edcio a partir da data da publica\u00e7\u00e3o no 23 de fevereiro, e t\u00e9rmino em 31 de dezembro de 2022.<\/p>\n<p style=\"text-align: justify;\">\nAscom presid\u00eancia da CMJ<\/p>\n","protected":false},"excerpt":{"rendered":"<p>Na sess\u00e3o da \u00faltima quarta-feira (09), o presidente da mesa diretora, Berg da Carna\u00edba, anunciou que a C\u00e2mara Municipal de Juazeiro instituiu o Conselho de \u00c9tica e Decoro. Berg da Carna\u00edba, no uso de suas atribui\u00e7\u00f5es, obedecendo o disposto do Artigo 40\u00a7 10 do Regimento Interno da Casa, nomeou, conforme indica\u00e7\u00e3o dos blocos parlamentares, Jean [&hellip;]<\/p>\n","protected":false},"author":1,"featured_media":34777,"comment_status":"closed","ping_status":"open","sticky":false,"template":"","format":"standard","meta":{"_uag_custom_page_level_css":"","_monsterinsights_skip_tracking":false,"_monsterinsights_sitenote_active":false,"_monsterinsights_sitenote_note":"","_monsterinsights_sitenote_category":0,"jetpack_post_was_ever_published":false,"_jetpack_newsletter_access":"","_jetpack_dont_email_post_to_subs":false,"_jetpack_newsletter_tier_id":0,"_jetpack_memberships_contains_paywalled_content":false,"_jetpack_memberships_contains_paid_content":false,"footnotes":"","jetpack_publicize_message":"","jetpack_publicize_feature_enabled":true,"jetpack_social_post_already_shared":true,"jetpack_social_options":{"image_generator_settings":{"template":"highway","default_image_id":0,"font":"","enabled":false},"version":2}},"categories":[203,197],"tags":[1951,8151,8150],"class_list":["post-34776","post","type-post","status-publish","format-standard","has-post-thumbnail","hentry","category-juazeiro","category-politica","tag-camara-de-vereadores-de-juazeiro","tag-conselho-de-etica-e-decoro","tag-institui"],"jetpack_publicize_connections":[],"jetpack_featured_media_url":"https:\/\/blogopara.com.br\/wp-content\/uploads\/2022\/03\/WhatsApp-Image-2022-03-10-at-17.33.35.jpeg","uagb_featured_image_src":{"full":["https:\/\/blogopara.com.br\/wp-content\/uploads\/2022\/03\/WhatsApp-Image-2022-03-10-at-17.33.35.jpeg",500,333,false],"thumbnail":["https:\/\/blogopara.com.br\/wp-content\/uploads\/2022\/03\/WhatsApp-Image-2022-03-10-at-17.33.35-150x150.jpeg",150,150,true],"medium":["https:\/\/blogopara.com.br\/wp-content\/uploads\/2022\/03\/WhatsApp-Image-2022-03-10-at-17.33.35-300x200.jpeg",300,200,true],"medium_large":["https:\/\/blogopara.com.br\/wp-content\/uploads\/2022\/03\/WhatsApp-Image-2022-03-10-at-17.33.35.jpeg",500,333,false],"large":["https:\/\/blogopara.com.br\/wp-content\/uploads\/2022\/03\/WhatsApp-Image-2022-03-10-at-17.33.35.jpeg",500,333,false],"1536x1536":["https:\/\/blogopara.com.br\/wp-content\/uploads\/2022\/03\/WhatsApp-Image-2022-03-10-at-17.33.35.jpeg",500,333,false],"2048x2048":["https:\/\/blogopara.com.br\/wp-content\/uploads\/2022\/03\/WhatsApp-Image-2022-03-10-at-17.33.35.jpeg",500,333,false],"mantranews-slider-large":["https:\/\/blogopara.com.br\/wp-content\/uploads\/2022\/03\/WhatsApp-Image-2022-03-10-at-17.33.35.jpeg",500,333,false],"mantranews-featured-medium":["https:\/\/blogopara.com.br\/wp-content\/uploads\/2022\/03\/WhatsApp-Image-2022-03-10-at-17.33.35-420x307.jpeg",420,307,true],"mantranews-featured-long":["https:\/\/blogopara.com.br\/wp-content\/uploads\/2022\/03\/WhatsApp-Image-2022-03-10-at-17.33.35-300x333.jpeg",300,333,true],"mantranews-block-medium":["https:\/\/blogopara.com.br\/wp-content\/uploads\/2022\/03\/WhatsApp-Image-2022-03-10-at-17.33.35-464x290.jpeg",464,290,true],"mantranews-carousel-image":["https:\/\/blogopara.com.br\/wp-content\/uploads\/2022\/03\/WhatsApp-Image-2022-03-10-at-17.33.35.jpeg",500,333,false],"mantranews-block-thumb":["https:\/\/blogopara.com.br\/wp-content\/uploads\/2022\/03\/WhatsApp-Image-2022-03-10-at-17.33.35-322x230.jpeg",322,230,true],"mantranews-single-large":["https:\/\/blogopara.com.br\/wp-content\/uploads\/2022\/03\/WhatsApp-Image-2022-03-10-at-17.33.35.jpeg",500,333,false]},"uagb_author_info":{"display_name":"Reda\u00e7\u00e3o geral","author_link":"https:\/\/blogopara.com.br\/index.php\/author\/blogopara"},"uagb_comment_info":0,"uagb_excerpt":"Na sess\u00e3o da \u00faltima quarta-feira (09), o presidente da mesa diretora, Berg da Carna\u00edba, anunciou que a C\u00e2mara Municipal de Juazeiro instituiu o Conselho de \u00c9tica e Decoro. Berg da Carna\u00edba, no uso de suas atribui\u00e7\u00f5es, obedecendo o disposto do Artigo 40\u00a7 10 do Regimento Interno da Casa, nomeou, conforme indica\u00e7\u00e3o dos blocos parlamentares, Jean&hellip;","jetpack_sharing_enabled":true,"jetpack_likes_enabled":true,"_links":{"self":[{"href":"https:\/\/blogopara.com.br\/index.php\/wp-json\/wp\/v2\/posts\/34776","targetHints":{"allow":["GET"]}}],"collection":[{"href":"https:\/\/blogopara.com.br\/index.php\/wp-json\/wp\/v2\/posts"}],"about":[{"href":"https:\/\/blogopara.com.br\/index.php\/wp-json\/wp\/v2\/types\/post"}],"author":[{"embeddable":true,"href":"https:\/\/blogopara.com.br\/index.php\/wp-json\/wp\/v2\/users\/1"}],"replies":[{"embeddable":true,"href":"https:\/\/blogopara.com.br\/index.php\/wp-json\/wp\/v2\/comments?post=34776"}],"version-history":[{"count":1,"href":"https:\/\/blogopara.com.br\/index.php\/wp-json\/wp\/v2\/posts\/34776\/revisions"}],"predecessor-version":[{"id":34778,"href":"https:\/\/blogopara.com.br\/index.php\/wp-json\/wp\/v2\/posts\/34776\/revisions\/34778"}],"wp:featuredmedia":[{"embeddable":true,"href":"https:\/\/blogopara.com.br\/index.php\/wp-json\/wp\/v2\/media\/34777"}],"wp:attachment":[{"href":"https:\/\/blogopara.com.br\/index.php\/wp-json\/wp\/v2\/media?parent=34776"}],"wp:term":[{"taxonomy":"category","embeddable":true,"href":"https:\/\/blogopara.com.br\/index.php\/wp-json\/wp\/v2\/categories?post=34776"},{"taxonomy":"post_tag","embeddable":true,"href":"https:\/\/blogopara.com.br\/index.php\/wp-json\/wp\/v2\/tags?post=34776"}],"curies":[{"name":"wp","href":"https:\/\/api.w.org\/{rel}","templated":true}]}}