{"id":34801,"date":"2022-03-12T10:46:00","date_gmt":"2022-03-12T13:46:00","guid":{"rendered":"https:\/\/blogopara.com.br\/?p=34801"},"modified":"2022-03-12T08:59:14","modified_gmt":"2022-03-12T11:59:14","slug":"prefeitura-de-juazeiro-fara-grande-reforma-em-escola-de-itamotinga-que-estava-ha-quinze-anos-com-estrutura-precaria","status":"publish","type":"post","link":"https:\/\/blogopara.com.br\/index.php\/2022\/03\/12\/prefeitura-de-juazeiro-fara-grande-reforma-em-escola-de-itamotinga-que-estava-ha-quinze-anos-com-estrutura-precaria","title":{"rendered":"Prefeitura de Juazeiro far\u00e1 grande reforma em escola de Itamotinga que estava h\u00e1 quinze anos com estrutura prec\u00e1ria"},"content":{"rendered":"<p style=\"text-align: justify;\">A Prefeitura de Juazeiro, atrav\u00e9s da Secretaria de Educa\u00e7\u00e3o e Juventude (Seduc) realizar\u00e1 uma grande reforma na Escola Municipal Professora Iracy Nunes da Silva, localizada no distrito de Itamotinga, que h\u00e1 15 anos sofre com a precariedade na sua estrutura.<\/p>\n<p>Com in\u00edcio das obras previsto para maio, a expectativa \u00e9 de mudan\u00e7as significativas na unidade, como salas climatizadas; readequa\u00e7\u00e3o de banheiros para promover a acessibilidade; troca de instala\u00e7\u00f5es el\u00e9tricas e hidr\u00e1ulicas; al\u00e9m da mudan\u00e7a de pisos, pinturas e paisagismo, entre outras altera\u00e7\u00f5es que beneficiar\u00e3o cerca de 500 alunos da comunidade.<\/p>\n<p>A secret\u00e1ria de Educa\u00e7\u00e3o e Juventude, Normeide Almeida ressalta o trabalho da gest\u00e3o em garantir a qualidade na educa\u00e7\u00e3o municipal. &#8220;A prefeita Suzana Ramos n\u00e3o mede esfor\u00e7os para cuidar do ensino e bem-estar dos nossos alunos e professores. A reforma da Escola Iracy Nunes garantir\u00e1 a qualidade na estrutura e conforto de toda a comunidade escolar de Itamotinga&#8221;, ressalta Normeide.<\/p>\n<p><b>Alinhamento<br \/>\n<\/b><br \/>\nA Secretaria de Educa\u00e7\u00e3o e Juventude se reuniu, nesta quinta-feira (10), com a comunidade escolar do distrito, com o objetivo de alinhar a realiza\u00e7\u00e3o do ano letivo de 2022, visando a adequa\u00e7\u00e3o com as necessidades da comunidade e a garantia do ensino durante o per\u00edodo de reforma.<\/p>\n<p style=\"text-align: justify;\">Com momentos de escuta, onde a comunidade teve espa\u00e7o para tirar d\u00favidas e realizar considera\u00e7\u00f5es, foi decidido que o Ensino Fundamental 1 ter\u00e1 um espa\u00e7o para aulas presenciais e o Fundamental 2 permanecer\u00e1 com aulas remotas at\u00e9 o fim da reforma.<\/p>\n<div style=\"text-align: justify;\"><\/div>\n<div style=\"text-align: justify;\">Ascom PMJ<\/div>\n<div style=\"text-align: justify;\"><\/div>\n","protected":false},"excerpt":{"rendered":"<p>A Prefeitura de Juazeiro, atrav\u00e9s da Secretaria de Educa\u00e7\u00e3o e Juventude (Seduc) realizar\u00e1 uma grande reforma na Escola Municipal Professora Iracy Nunes da Silva, localizada no distrito de Itamotinga, que h\u00e1 15 anos sofre com a precariedade na sua estrutura. Com in\u00edcio das obras previsto para maio, a expectativa \u00e9 de mudan\u00e7as significativas na unidade, [&hellip;]<\/p>\n","protected":false},"author":1,"featured_media":34802,"comment_status":"closed","ping_status":"open","sticky":false,"template":"","format":"standard","meta":{"_uag_custom_page_level_css":"","_monsterinsights_skip_tracking":false,"_monsterinsights_sitenote_active":false,"_monsterinsights_sitenote_note":"","_monsterinsights_sitenote_category":0,"jetpack_post_was_ever_published":false,"_jetpack_newsletter_access":"","_jetpack_dont_email_post_to_subs":false,"_jetpack_newsletter_tier_id":0,"_jetpack_memberships_contains_paywalled_content":false,"_jetpack_memberships_contains_paid_content":false,"footnotes":"","jetpack_publicize_message":"","jetpack_publicize_feature_enabled":true,"jetpack_social_post_already_shared":true,"jetpack_social_options":{"image_generator_settings":{"template":"highway","default_image_id":0,"font":"","enabled":false},"version":2}},"categories":[203],"tags":[8165,8163,316,340,8164],"class_list":["post-34801","post","type-post","status-publish","format-standard","has-post-thumbnail","hentry","category-juazeiro","tag-estrutura-precaria","tag-fara-grande-reforma","tag-itamotinga","tag-prefeitura-de-juazeiro","tag-quinze-anos"],"jetpack_publicize_connections":[],"jetpack_featured_media_url":"https:\/\/blogopara.com.br\/wp-content\/uploads\/2022\/03\/foto-iraci.jpeg","uagb_featured_image_src":{"full":["https:\/\/blogopara.com.br\/wp-content\/uploads\/2022\/03\/foto-iraci.jpeg",500,375,false],"thumbnail":["https:\/\/blogopara.com.br\/wp-content\/uploads\/2022\/03\/foto-iraci-150x150.jpeg",150,150,true],"medium":["https:\/\/blogopara.com.br\/wp-content\/uploads\/2022\/03\/foto-iraci-300x225.jpeg",300,225,true],"medium_large":["https:\/\/blogopara.com.br\/wp-content\/uploads\/2022\/03\/foto-iraci.jpeg",500,375,false],"large":["https:\/\/blogopara.com.br\/wp-content\/uploads\/2022\/03\/foto-iraci.jpeg",500,375,false],"1536x1536":["https:\/\/blogopara.com.br\/wp-content\/uploads\/2022\/03\/foto-iraci.jpeg",500,375,false],"2048x2048":["https:\/\/blogopara.com.br\/wp-content\/uploads\/2022\/03\/foto-iraci.jpeg",500,375,false],"mantranews-slider-large":["https:\/\/blogopara.com.br\/wp-content\/uploads\/2022\/03\/foto-iraci.jpeg",500,375,false],"mantranews-featured-medium":["https:\/\/blogopara.com.br\/wp-content\/uploads\/2022\/03\/foto-iraci-420x307.jpeg",420,307,true],"mantranews-featured-long":["https:\/\/blogopara.com.br\/wp-content\/uploads\/2022\/03\/foto-iraci-300x375.jpeg",300,375,true],"mantranews-block-medium":["https:\/\/blogopara.com.br\/wp-content\/uploads\/2022\/03\/foto-iraci-464x290.jpeg",464,290,true],"mantranews-carousel-image":["https:\/\/blogopara.com.br\/wp-content\/uploads\/2022\/03\/foto-iraci.jpeg",500,375,false],"mantranews-block-thumb":["https:\/\/blogopara.com.br\/wp-content\/uploads\/2022\/03\/foto-iraci-322x230.jpeg",322,230,true],"mantranews-single-large":["https:\/\/blogopara.com.br\/wp-content\/uploads\/2022\/03\/foto-iraci.jpeg",500,375,false]},"uagb_author_info":{"display_name":"Reda\u00e7\u00e3o geral","author_link":"https:\/\/blogopara.com.br\/index.php\/author\/blogopara"},"uagb_comment_info":0,"uagb_excerpt":"A Prefeitura de Juazeiro, atrav\u00e9s da Secretaria de Educa\u00e7\u00e3o e Juventude (Seduc) realizar\u00e1 uma grande reforma na Escola Municipal Professora Iracy Nunes da Silva, localizada no distrito de Itamotinga, que h\u00e1 15 anos sofre com a precariedade na sua estrutura. Com in\u00edcio das obras previsto para maio, a expectativa \u00e9 de mudan\u00e7as significativas na unidade,&hellip;","jetpack_sharing_enabled":true,"jetpack_likes_enabled":true,"_links":{"self":[{"href":"https:\/\/blogopara.com.br\/index.php\/wp-json\/wp\/v2\/posts\/34801","targetHints":{"allow":["GET"]}}],"collection":[{"href":"https:\/\/blogopara.com.br\/index.php\/wp-json\/wp\/v2\/posts"}],"about":[{"href":"https:\/\/blogopara.com.br\/index.php\/wp-json\/wp\/v2\/types\/post"}],"author":[{"embeddable":true,"href":"https:\/\/blogopara.com.br\/index.php\/wp-json\/wp\/v2\/users\/1"}],"replies":[{"embeddable":true,"href":"https:\/\/blogopara.com.br\/index.php\/wp-json\/wp\/v2\/comments?post=34801"}],"version-history":[{"count":1,"href":"https:\/\/blogopara.com.br\/index.php\/wp-json\/wp\/v2\/posts\/34801\/revisions"}],"predecessor-version":[{"id":34803,"href":"https:\/\/blogopara.com.br\/index.php\/wp-json\/wp\/v2\/posts\/34801\/revisions\/34803"}],"wp:featuredmedia":[{"embeddable":true,"href":"https:\/\/blogopara.com.br\/index.php\/wp-json\/wp\/v2\/media\/34802"}],"wp:attachment":[{"href":"https:\/\/blogopara.com.br\/index.php\/wp-json\/wp\/v2\/media?parent=34801"}],"wp:term":[{"taxonomy":"category","embeddable":true,"href":"https:\/\/blogopara.com.br\/index.php\/wp-json\/wp\/v2\/categories?post=34801"},{"taxonomy":"post_tag","embeddable":true,"href":"https:\/\/blogopara.com.br\/index.php\/wp-json\/wp\/v2\/tags?post=34801"}],"curies":[{"name":"wp","href":"https:\/\/api.w.org\/{rel}","templated":true}]}}