{"id":34821,"date":"2022-03-13T09:40:00","date_gmt":"2022-03-13T12:40:00","guid":{"rendered":"https:\/\/blogopara.com.br\/?p=34821"},"modified":"2022-03-13T08:15:48","modified_gmt":"2022-03-13T11:15:48","slug":"caminhoneiros-queimam-pneus-em-protesto-na-br-116-entre-as-cidades-de-jaguaquara-e-jequie","status":"publish","type":"post","link":"https:\/\/blogopara.com.br\/index.php\/2022\/03\/13\/caminhoneiros-queimam-pneus-em-protesto-na-br-116-entre-as-cidades-de-jaguaquara-e-jequie","title":{"rendered":"Caminhoneiros queimam pneus em protesto na BR-116, entre as cidades de Jaguaquara e Jequi\u00e9"},"content":{"rendered":"<div class=\"mc-column content-text active-extra-styles \" data-block-type=\"unstyled\" data-block-weight=\"41\" data-block-id=\"6\">\n<p class=\"content-text__container \" style=\"text-align: justify;\" data-track-category=\"Link no Texto\" data-track-links=\"\">Por volta das 16h30 a Pol\u00edcia Militar chegou ao local. Em seguida, por volta das 17 horas, agentes da Pol\u00edcia Rodovi\u00e1ria Federal tentaram a libera\u00e7\u00e3o da pista. Em sua conta no Twitter, a corpora\u00e7\u00e3o alertou sobre o protesto.<\/p>\n<\/div>\n<div class=\"mc-column mc-block-embed \" style=\"text-align: justify;\" data-block-type=\"embed-social-twitter\" data-block-id=\"7\"><\/div>\n<div class=\"mc-column content-text active-extra-styles\" style=\"text-align: justify;\" data-block-type=\"raw\" data-block-weight=\"2\" data-block-id=\"8\">\n<p class=\"content-text__container\">\n<div class=\"content-intertitle\">\n<h2>Outros protestos<\/h2>\n<\/div>\n<\/div>\n<div class=\"mc-column content-text active-extra-styles \" style=\"text-align: justify;\" data-block-type=\"unstyled\" data-block-weight=\"28\" data-block-id=\"9\">\n<p class=\"content-text__container \" data-track-category=\"Link no Texto\" data-track-links=\"\">Esse \u00e9 o terceiro protesto em rodovias na Bahia deste a \u00faltima ter\u00e7a-feira (9). A s\u00e9rie de protestos tem rela\u00e7\u00e3o com o aumento no pre\u00e7o do combust\u00edvel.<\/p>\n<\/div>\n<div class=\"mc-column content-text active-extra-styles \" style=\"text-align: justify;\" data-block-type=\"unstyled\" data-block-weight=\"30\" data-block-id=\"10\">\n<p class=\"content-text__container \" data-track-category=\"Link no Texto\" data-track-links=\"\">Na sexta-feira (11), um\u00a0<a href=\"https:\/\/g1.globo.com\/ba\/bahia\/noticia\/2022\/03\/11\/avenida-e-liberada-apos-protesto-de-caminhoneiros-contra-o-aumento-no-preco-do-combustivel-em-feira-de-santana-na-ba.ghtml\">grupo de caminhoneiros fechou, por 12 horas, a Avenida Transnordestina<\/a>, nas imedia\u00e7\u00f5es do Anel Vi\u00e1rio de\u00a0<a href=\"https:\/\/g1.globo.com\/ba\/bahia\/cidade\/feira-de-santana\/\">Feira de Santana<\/a>, cidade a 100 quil\u00f4metros de\u00a0<a href=\"https:\/\/g1.globo.com\/ba\/bahia\/cidade\/salvador\/\">Salvador<\/a>.<\/p>\n<\/div>\n<div class=\"mc-column content-text active-extra-styles \" style=\"text-align: justify;\" data-block-type=\"unstyled\" data-block-weight=\"26\" data-block-id=\"12\">\n<p class=\"content-text__container \" data-track-category=\"Link no Texto\" data-track-links=\"\">Os manifestantes bloquearam os dois trechos da via e o ato provocou um longo congestionamento na regi\u00e3o, que d\u00e1 acesso a outras rodovias no munic\u00edpio.<\/p>\n<\/div>\n<div class=\"mc-column content-text active-extra-styles \" data-block-type=\"unstyled\" data-block-weight=\"28\" data-block-id=\"13\">\n<p class=\"content-text__container \" style=\"text-align: justify;\" data-track-category=\"Link no Texto\" data-track-links=\"\">No mesmo local, na ter\u00e7a-feira (9), os\u00a0<a href=\"https:\/\/g1.globo.com\/ba\/bahia\/noticia\/2022\/03\/09\/caminhoneiros-queimam-pneus-em-protesto-contra-o-aumento-do-diesel-em-feira-de-santana-bahia-teve-alta-de-mais-de-23percent.ghtml\">caminhoneiros protestaram por cerca de uma hora<\/a>. A Pol\u00edcia Rodovi\u00e1ria Federal (PRF) esteve na \u00e1rea e negociou a libera\u00e7\u00e3o da pista.<\/p>\n<p data-track-category=\"Link no Texto\" data-track-links=\"\">\n<\/div>\n<p data-track-category=\"Link no Texto\" data-track-links=\"\">Por g1 BA<\/p>\n","protected":false},"excerpt":{"rendered":"<p>Por volta das 16h30 a Pol\u00edcia Militar chegou ao local. Em seguida, por volta das 17 horas, agentes da Pol\u00edcia Rodovi\u00e1ria Federal tentaram a libera\u00e7\u00e3o da pista. Em sua conta no Twitter, a corpora\u00e7\u00e3o alertou sobre o protesto. Outros protestos Esse \u00e9 o terceiro protesto em rodovias na Bahia deste a \u00faltima ter\u00e7a-feira (9). A [&hellip;]<\/p>\n","protected":false},"author":1,"featured_media":34822,"comment_status":"closed","ping_status":"open","sticky":false,"template":"","format":"standard","meta":{"_uag_custom_page_level_css":"","_monsterinsights_skip_tracking":false,"_monsterinsights_sitenote_active":false,"_monsterinsights_sitenote_note":"","_monsterinsights_sitenote_category":0,"jetpack_post_was_ever_published":false,"_jetpack_newsletter_access":"","_jetpack_dont_email_post_to_subs":false,"_jetpack_newsletter_tier_id":0,"_jetpack_memberships_contains_paywalled_content":false,"_jetpack_memberships_contains_paid_content":false,"footnotes":"","jetpack_publicize_message":"","jetpack_publicize_feature_enabled":true,"jetpack_social_post_already_shared":true,"jetpack_social_options":{"image_generator_settings":{"template":"highway","default_image_id":0,"font":"","enabled":false},"version":2}},"categories":[199],"tags":[8180,8181,8182],"class_list":["post-34821","post","type-post","status-publish","format-standard","has-post-thumbnail","hentry","category-bahia","tag-caminhoneiros-queimam-pneus","tag-protesto-na-br-116","tag-rodovias-baianas"],"jetpack_publicize_connections":[],"jetpack_featured_media_url":"https:\/\/blogopara.com.br\/wp-content\/uploads\/2022\/03\/231093-3.jpeg","uagb_featured_image_src":{"full":["https:\/\/blogopara.com.br\/wp-content\/uploads\/2022\/03\/231093-3.jpeg",500,384,false],"thumbnail":["https:\/\/blogopara.com.br\/wp-content\/uploads\/2022\/03\/231093-3-150x150.jpeg",150,150,true],"medium":["https:\/\/blogopara.com.br\/wp-content\/uploads\/2022\/03\/231093-3-300x230.jpeg",300,230,true],"medium_large":["https:\/\/blogopara.com.br\/wp-content\/uploads\/2022\/03\/231093-3.jpeg",500,384,false],"large":["https:\/\/blogopara.com.br\/wp-content\/uploads\/2022\/03\/231093-3.jpeg",500,384,false],"1536x1536":["https:\/\/blogopara.com.br\/wp-content\/uploads\/2022\/03\/231093-3.jpeg",500,384,false],"2048x2048":["https:\/\/blogopara.com.br\/wp-content\/uploads\/2022\/03\/231093-3.jpeg",500,384,false],"mantranews-slider-large":["https:\/\/blogopara.com.br\/wp-content\/uploads\/2022\/03\/231093-3.jpeg",500,384,false],"mantranews-featured-medium":["https:\/\/blogopara.com.br\/wp-content\/uploads\/2022\/03\/231093-3-420x307.jpeg",420,307,true],"mantranews-featured-long":["https:\/\/blogopara.com.br\/wp-content\/uploads\/2022\/03\/231093-3-300x384.jpeg",300,384,true],"mantranews-block-medium":["https:\/\/blogopara.com.br\/wp-content\/uploads\/2022\/03\/231093-3-464x290.jpeg",464,290,true],"mantranews-carousel-image":["https:\/\/blogopara.com.br\/wp-content\/uploads\/2022\/03\/231093-3.jpeg",500,384,false],"mantranews-block-thumb":["https:\/\/blogopara.com.br\/wp-content\/uploads\/2022\/03\/231093-3-322x230.jpeg",322,230,true],"mantranews-single-large":["https:\/\/blogopara.com.br\/wp-content\/uploads\/2022\/03\/231093-3.jpeg",500,384,false]},"uagb_author_info":{"display_name":"Reda\u00e7\u00e3o geral","author_link":"https:\/\/blogopara.com.br\/index.php\/author\/blogopara"},"uagb_comment_info":0,"uagb_excerpt":"Por volta das 16h30 a Pol\u00edcia Militar chegou ao local. Em seguida, por volta das 17 horas, agentes da Pol\u00edcia Rodovi\u00e1ria Federal tentaram a libera\u00e7\u00e3o da pista. Em sua conta no Twitter, a corpora\u00e7\u00e3o alertou sobre o protesto. Outros protestos Esse \u00e9 o terceiro protesto em rodovias na Bahia deste a \u00faltima ter\u00e7a-feira (9). A&hellip;","jetpack_sharing_enabled":true,"jetpack_likes_enabled":true,"_links":{"self":[{"href":"https:\/\/blogopara.com.br\/index.php\/wp-json\/wp\/v2\/posts\/34821","targetHints":{"allow":["GET"]}}],"collection":[{"href":"https:\/\/blogopara.com.br\/index.php\/wp-json\/wp\/v2\/posts"}],"about":[{"href":"https:\/\/blogopara.com.br\/index.php\/wp-json\/wp\/v2\/types\/post"}],"author":[{"embeddable":true,"href":"https:\/\/blogopara.com.br\/index.php\/wp-json\/wp\/v2\/users\/1"}],"replies":[{"embeddable":true,"href":"https:\/\/blogopara.com.br\/index.php\/wp-json\/wp\/v2\/comments?post=34821"}],"version-history":[{"count":1,"href":"https:\/\/blogopara.com.br\/index.php\/wp-json\/wp\/v2\/posts\/34821\/revisions"}],"predecessor-version":[{"id":34823,"href":"https:\/\/blogopara.com.br\/index.php\/wp-json\/wp\/v2\/posts\/34821\/revisions\/34823"}],"wp:featuredmedia":[{"embeddable":true,"href":"https:\/\/blogopara.com.br\/index.php\/wp-json\/wp\/v2\/media\/34822"}],"wp:attachment":[{"href":"https:\/\/blogopara.com.br\/index.php\/wp-json\/wp\/v2\/media?parent=34821"}],"wp:term":[{"taxonomy":"category","embeddable":true,"href":"https:\/\/blogopara.com.br\/index.php\/wp-json\/wp\/v2\/categories?post=34821"},{"taxonomy":"post_tag","embeddable":true,"href":"https:\/\/blogopara.com.br\/index.php\/wp-json\/wp\/v2\/tags?post=34821"}],"curies":[{"name":"wp","href":"https:\/\/api.w.org\/{rel}","templated":true}]}}