{"id":34848,"date":"2022-03-14T09:41:00","date_gmt":"2022-03-14T12:41:00","guid":{"rendered":"https:\/\/blogopara.com.br\/?p=34848"},"modified":"2022-03-14T07:55:28","modified_gmt":"2022-03-14T10:55:28","slug":"reuniao-dos-federais-do-pp-promete-rompimento-com-o-governo-rui","status":"publish","type":"post","link":"https:\/\/blogopara.com.br\/index.php\/2022\/03\/14\/reuniao-dos-federais-do-pp-promete-rompimento-com-o-governo-rui","title":{"rendered":"Reuni\u00e3o dos federais do PP promete rompimento com o governo Rui"},"content":{"rendered":"<p style=\"text-align: justify;\">Apesar dos caciques do PP\u00a0<a href=\"https:\/\/www.bnews.com.br\/noticias\/eleicoes-2022\/executiva-do-pp-baiano-se-reune-nesta-segunda-feira-14-para-batida-do-martelo.html\" target=\"_blank\" rel=\"noopener\">terem organizado uma reuni\u00e3o na segunda-feria (14) para oficializar o rompimento da base do governo Rui Costa (PT)<\/a>, o encontro servir\u00e1 como pura formalidade. As principais cabe\u00e7as da sigla na C\u00e2mara Federal se reuniram na noite deste domingo (13) e sacramentaram o div\u00f3rcio.<\/p>\n<p style=\"text-align: justify;\">Nesta segunda, pela manh\u00e3, haver\u00e1 uma nova rodada de reuni\u00f5es entre os deputados estaduais. Existe a tend\u00eancia do PP ainda fazer mist\u00e9rio e n\u00e3o anunciar de imediato o ingresso na chapa de ACM Neto (UB), apesar da negocia\u00e7\u00e3o fechada, conforme os bastidores pol\u00edticos.<\/p>\n<p style=\"text-align: justify;\">Como sinal de rompimento total, uma enxurrada de pedidos de exonera\u00e7\u00f5es, dos principais cargos, deve ser entregue \u00e0 Casa Civil do governo. Depois, no pente fino, a Serin cuidar\u00e1 de fazer a limpa. A medida serve para recha\u00e7ar qualquer indica\u00e7\u00e3o de fisiologismo do partido.<\/p>\n<p style=\"text-align: justify;\">O PP estuda, ap\u00f3s a reuni\u00e3o, convocar uma coletiva de imprensa ou soltar uma nota oficial pela assessoria da sigla a toda a imprensa e classe pol\u00edtica.<\/p>\n<p style=\"text-align: justify;\">\n<div style=\"text-align: justify;\" data-desktop=\"300x250\" data-mobile=\"320x50\" data-google-query-id=\"CLSexJG2xfYCFXUDuQYdduIH1A\">Fonte: BNews<\/div>\n","protected":false},"excerpt":{"rendered":"<p>Apesar dos caciques do PP\u00a0terem organizado uma reuni\u00e3o na segunda-feria (14) para oficializar o rompimento da base do governo Rui Costa (PT), o encontro servir\u00e1 como pura formalidade. As principais cabe\u00e7as da sigla na C\u00e2mara Federal se reuniram na noite deste domingo (13) e sacramentaram o div\u00f3rcio. Nesta segunda, pela manh\u00e3, haver\u00e1 uma nova rodada [&hellip;]<\/p>\n","protected":false},"author":1,"featured_media":34849,"comment_status":"closed","ping_status":"open","sticky":false,"template":"","format":"standard","meta":{"_uag_custom_page_level_css":"","_monsterinsights_skip_tracking":false,"_monsterinsights_sitenote_active":false,"_monsterinsights_sitenote_note":"","_monsterinsights_sitenote_category":0,"jetpack_post_was_ever_published":false,"_jetpack_newsletter_access":"","_jetpack_dont_email_post_to_subs":false,"_jetpack_newsletter_tier_id":0,"_jetpack_memberships_contains_paywalled_content":false,"_jetpack_memberships_contains_paid_content":false,"footnotes":"","jetpack_publicize_message":"","jetpack_publicize_feature_enabled":true,"jetpack_social_post_already_shared":true,"jetpack_social_options":{"image_generator_settings":{"template":"highway","default_image_id":0,"font":"","enabled":false},"version":2}},"categories":[197],"tags":[8202,8200,8201,8199],"class_list":["post-34848","post","type-post","status-publish","format-standard","has-post-thumbnail","hentry","category-politica","tag-governo-rui-costa","tag-nesta-segunda-feira14","tag-promete-rompimento","tag-reuniao-dos-federais-pp"],"jetpack_publicize_connections":[],"jetpack_featured_media_url":"https:\/\/blogopara.com.br\/wp-content\/uploads\/2022\/03\/224680_widelg_widelg.jpg","uagb_featured_image_src":{"full":["https:\/\/blogopara.com.br\/wp-content\/uploads\/2022\/03\/224680_widelg_widelg.jpg",500,281,false],"thumbnail":["https:\/\/blogopara.com.br\/wp-content\/uploads\/2022\/03\/224680_widelg_widelg-150x150.jpg",150,150,true],"medium":["https:\/\/blogopara.com.br\/wp-content\/uploads\/2022\/03\/224680_widelg_widelg-300x169.jpg",300,169,true],"medium_large":["https:\/\/blogopara.com.br\/wp-content\/uploads\/2022\/03\/224680_widelg_widelg.jpg",500,281,false],"large":["https:\/\/blogopara.com.br\/wp-content\/uploads\/2022\/03\/224680_widelg_widelg.jpg",500,281,false],"1536x1536":["https:\/\/blogopara.com.br\/wp-content\/uploads\/2022\/03\/224680_widelg_widelg.jpg",500,281,false],"2048x2048":["https:\/\/blogopara.com.br\/wp-content\/uploads\/2022\/03\/224680_widelg_widelg.jpg",500,281,false],"mantranews-slider-large":["https:\/\/blogopara.com.br\/wp-content\/uploads\/2022\/03\/224680_widelg_widelg.jpg",500,281,false],"mantranews-featured-medium":["https:\/\/blogopara.com.br\/wp-content\/uploads\/2022\/03\/224680_widelg_widelg-420x281.jpg",420,281,true],"mantranews-featured-long":["https:\/\/blogopara.com.br\/wp-content\/uploads\/2022\/03\/224680_widelg_widelg-300x281.jpg",300,281,true],"mantranews-block-medium":["https:\/\/blogopara.com.br\/wp-content\/uploads\/2022\/03\/224680_widelg_widelg-464x281.jpg",464,281,true],"mantranews-carousel-image":["https:\/\/blogopara.com.br\/wp-content\/uploads\/2022\/03\/224680_widelg_widelg.jpg",500,281,false],"mantranews-block-thumb":["https:\/\/blogopara.com.br\/wp-content\/uploads\/2022\/03\/224680_widelg_widelg-322x230.jpg",322,230,true],"mantranews-single-large":["https:\/\/blogopara.com.br\/wp-content\/uploads\/2022\/03\/224680_widelg_widelg.jpg",500,281,false]},"uagb_author_info":{"display_name":"Reda\u00e7\u00e3o geral","author_link":"https:\/\/blogopara.com.br\/index.php\/author\/blogopara"},"uagb_comment_info":0,"uagb_excerpt":"Apesar dos caciques do PP\u00a0terem organizado uma reuni\u00e3o na segunda-feria (14) para oficializar o rompimento da base do governo Rui Costa (PT), o encontro servir\u00e1 como pura formalidade. As principais cabe\u00e7as da sigla na C\u00e2mara Federal se reuniram na noite deste domingo (13) e sacramentaram o div\u00f3rcio. Nesta segunda, pela manh\u00e3, haver\u00e1 uma nova rodada&hellip;","jetpack_sharing_enabled":true,"jetpack_likes_enabled":true,"_links":{"self":[{"href":"https:\/\/blogopara.com.br\/index.php\/wp-json\/wp\/v2\/posts\/34848","targetHints":{"allow":["GET"]}}],"collection":[{"href":"https:\/\/blogopara.com.br\/index.php\/wp-json\/wp\/v2\/posts"}],"about":[{"href":"https:\/\/blogopara.com.br\/index.php\/wp-json\/wp\/v2\/types\/post"}],"author":[{"embeddable":true,"href":"https:\/\/blogopara.com.br\/index.php\/wp-json\/wp\/v2\/users\/1"}],"replies":[{"embeddable":true,"href":"https:\/\/blogopara.com.br\/index.php\/wp-json\/wp\/v2\/comments?post=34848"}],"version-history":[{"count":1,"href":"https:\/\/blogopara.com.br\/index.php\/wp-json\/wp\/v2\/posts\/34848\/revisions"}],"predecessor-version":[{"id":34850,"href":"https:\/\/blogopara.com.br\/index.php\/wp-json\/wp\/v2\/posts\/34848\/revisions\/34850"}],"wp:featuredmedia":[{"embeddable":true,"href":"https:\/\/blogopara.com.br\/index.php\/wp-json\/wp\/v2\/media\/34849"}],"wp:attachment":[{"href":"https:\/\/blogopara.com.br\/index.php\/wp-json\/wp\/v2\/media?parent=34848"}],"wp:term":[{"taxonomy":"category","embeddable":true,"href":"https:\/\/blogopara.com.br\/index.php\/wp-json\/wp\/v2\/categories?post=34848"},{"taxonomy":"post_tag","embeddable":true,"href":"https:\/\/blogopara.com.br\/index.php\/wp-json\/wp\/v2\/tags?post=34848"}],"curies":[{"name":"wp","href":"https:\/\/api.w.org\/{rel}","templated":true}]}}