{"id":34871,"date":"2022-03-14T18:18:00","date_gmt":"2022-03-14T21:18:00","guid":{"rendered":"https:\/\/blogopara.com.br\/?p=34871"},"modified":"2022-03-14T15:39:57","modified_gmt":"2022-03-14T18:39:57","slug":"crianca-de-2-anos-morre-ao-cair-em-poco-de-15-metros-de-profundidade","status":"publish","type":"post","link":"https:\/\/blogopara.com.br\/index.php\/2022\/03\/14\/crianca-de-2-anos-morre-ao-cair-em-poco-de-15-metros-de-profundidade","title":{"rendered":"Crian\u00e7a de 2 anos morre ao cair em po\u00e7o de 15 metros de profundidade"},"content":{"rendered":"<div class=\"mc-column content-text active-extra-styles\" data-block-id=\"2\" data-block-type=\"unstyled\" data-block-weight=\"53\">\n<p class=\"content-text__container\" style=\"text-align: justify;\" data-track-category=\"Link no Texto\" data-track-links=\"\">Um menino de apenas 2 anos\u00a0<span class=\"highlight highlighted\">morreu ao\u00a0<a href=\"https:\/\/www.bnews.com.br\/noticias\/bnews-pet\/cachorro-cai-em-poco-de-27-metros-e-e-resgatado-pelos-bombeiros.html\" target=\"_blank\" rel=\"noopener\">cair em um po\u00e7o<\/a>\u00a0de cerca de 15 metros de profundidade\u00a0<\/span>na tarde deste domingo (13), em uma casa no Bairro Autran Nunes,\u00a0<a href=\"https:\/\/www.bnews.com.br\/noticias\/nordeste\/bombeiros-resgatam-11-pessoas-afetadas-pelas-chuvas-em-cidade-cearense.html\" target=\"_blank\" rel=\"noopener\">em Fortaleza<\/a>. O acidente ocorreu na Rua Tom\u00e1s Cavalcante, quando Ant\u00f4nio Derik Levi Souza dos Santos\u00a0estava aos cuidados de um tio.<\/p>\n<\/div>\n<div class=\"wall protected-content\">\n<div class=\"mc-column content-text active-extra-styles\" style=\"text-align: justify;\" data-block-id=\"3\" data-block-type=\"unstyled\" data-block-weight=\"26\">\n<p class=\"content-text__container\" data-track-category=\"Link no Texto\" data-track-links=\"\">De acordo com testemunhas, um vizinho havia pedido \u00e1gua ao respons\u00e1vel pela resid\u00eancia, e as pessoas esqueceram de fechar o po\u00e7o. Pouco tempo depois, a crian\u00e7a caiu.<\/p>\n<\/div>\n<div class=\"mc-column content-text active-extra-styles\" style=\"text-align: justify;\" data-block-id=\"4\" data-block-type=\"unstyled\" data-block-weight=\"43\">\n<p class=\"content-text__container\" data-track-category=\"Link no Texto\" data-track-links=\"\">O\u00a0<a href=\"https:\/\/www.bnews.com.br\/noticias\/salvador\/319941-governo-da-bahia-quer-construir-instalacoes-do-corpo-de-bombeiros-no-cab.html\" target=\"_blank\" rel=\"noopener\">Corpo de Bombeiros<\/a>\u00a0esteve no local para fazer o resgate, e uma equipe do\u00a0<a href=\"https:\/\/www.bnews.com.br\/noticias\/nordeste\/motorista-do-samu-usa-ambulancia-para-ir-residencia-da-ex-esposa-e-agredir-o-ex-sogro.html\" target=\"_blank\" rel=\"noopener\">Servi\u00e7o de Atendimento M\u00f3vel de Urg\u00eancia (Samu)<\/a>\u00a0foi chamada para realizar o socorro do menino. Segundo os bombeiros, o po\u00e7o tinha cerca de 15 metros de \u00e1gua.<\/p>\n<\/div>\n<div class=\"content-ads content-ads--reveal\" style=\"text-align: justify;\" data-block-id=\"5\" data-block-type=\"ads\">Ap\u00f3s o resgate, o menino foi levado ainda com vida para a Unidade de Pronto Atendimento (UPA) do Bairro Autran Nunes, mas\u00a0poucos minutos ap\u00f3s chegar na unidade hospitalar, n\u00e3o resistiu e morreu.<\/div>\n<div class=\"content-ads content-ads--reveal\" style=\"text-align: justify;\" data-block-id=\"5\" data-block-type=\"ads\">\u00a0<\/div>\n<div class=\"mc-column content-text active-extra-styles\" data-block-id=\"6\" data-block-type=\"unstyled\" data-block-weight=\"43\">\n<p class=\"content-text__container\" style=\"text-align: justify;\" data-track-category=\"Link no Texto\" data-track-links=\"\">Em nota, a Secretaria da Seguran\u00e7a P\u00fablica e Defesa Social (SSPDS) informou o caso foi registrado no 10\u00ba Distrito Policial (10\u00ba DP) da Pol\u00edcia Civil do\u00a0<a href=\"https:\/\/www.bnews.com.br\/noticias\/nordeste\/bombeiros-resgatam-11-pessoas-afetadas-pelas-chuvas-em-cidade-cearense.html\" target=\"_blank\" rel=\"noopener\">Estado do Cear\u00e1<\/a>\u00a0(PC-CE), e transferido para o 27\u00ba DP, unidade que apura as circunst\u00e2ncias do acidente.<\/p>\n<div class=\"mc-column content-text active-extra-styles\" data-block-id=\"10\" data-block-type=\"unstyled\" data-block-weight=\"33\">\n<p class=\"content-text__container\" style=\"text-align: justify;\" data-track-category=\"Link no Texto\" data-track-links=\"\">Os bombeiros alertam para os cuidados em casas com po\u00e7os e cacimbas. \u00c9 importante que eles estejam sempre fechados e sinalizados para evitar acidentes, especialmente com crian\u00e7as, idosos e animais.<\/p>\n<p style=\"text-align: justify;\">O Corpo de Bombeiros resgatou 11 pessoas que foram afetadas pelas fortes chuvas que ca\u00edram neste s\u00e1bado (12) em V\u00e1rzea Alegre, no Cear\u00e1 De acordo com a prefeitura da cidade, houve o rompimento de a\u00e7udes, provocando o alagamento de casas, ruas e estradas.<\/p>\n<p style=\"text-align: justify;\">De acordo com o coronel Nijair Ara\u00fajo, comandante do Batalh\u00e3o dos Bombeiros de Iguatu, cidade vizinha a V\u00e1rzea Alegre, a prefeitura do munic\u00edpio iniciou hoje o trabalho de levantamento do n\u00famero de desabrigados. Viaturas dos bombeiros e da Defesa Civil continuam prestando assist\u00eancia \u00e0 popula\u00e7\u00e3o.<\/p>\n<p style=\"text-align: justify;\">O comandante Ara\u00fajo disse acreditar que o n\u00famero de desabrigados deve diminuir hoje porque o n\u00edvel das \u00e1guas est\u00e1 baixando em alguns locais e parte das pessoas afetadas est\u00e1 voltando para casa.<\/p>\n<p>\u00a0<\/p>\n<\/div>\n<p>Por: NBews<\/p>\n<\/div>\n<\/div>\n","protected":false},"excerpt":{"rendered":"<p>Um menino de apenas 2 anos\u00a0morreu ao\u00a0cair em um po\u00e7o\u00a0de cerca de 15 metros de profundidade\u00a0na tarde deste domingo (13), em uma casa no Bairro Autran Nunes,\u00a0em Fortaleza. O acidente ocorreu na Rua Tom\u00e1s Cavalcante, quando Ant\u00f4nio Derik Levi Souza dos Santos\u00a0estava aos cuidados de um tio. De acordo com testemunhas, um vizinho havia pedido [&hellip;]<\/p>\n","protected":false},"author":1,"featured_media":34872,"comment_status":"closed","ping_status":"open","sticky":false,"template":"","format":"standard","meta":{"_uag_custom_page_level_css":"","_monsterinsights_skip_tracking":false,"_monsterinsights_sitenote_active":false,"_monsterinsights_sitenote_note":"","_monsterinsights_sitenote_category":0,"jetpack_post_was_ever_published":false,"_jetpack_newsletter_access":"","_jetpack_dont_email_post_to_subs":false,"_jetpack_newsletter_tier_id":0,"_jetpack_memberships_contains_paywalled_content":false,"_jetpack_memberships_contains_paid_content":false,"footnotes":"","jetpack_publicize_message":"","jetpack_publicize_feature_enabled":true,"jetpack_social_post_already_shared":true,"jetpack_social_options":{"image_generator_settings":{"template":"highway","default_image_id":0,"font":"","enabled":false},"version":2}},"categories":[203],"tags":[],"class_list":["post-34871","post","type-post","status-publish","format-standard","has-post-thumbnail","hentry","category-juazeiro"],"jetpack_publicize_connections":[],"jetpack_featured_media_url":"https:\/\/blogopara.com.br\/wp-content\/uploads\/2022\/03\/1_corpo_de_bombeiros_resgata_crianca_que_caiu_em_cacimba_dentro_de_casa-18306844_widelg-1.jpeg","uagb_featured_image_src":{"full":["https:\/\/blogopara.com.br\/wp-content\/uploads\/2022\/03\/1_corpo_de_bombeiros_resgata_crianca_que_caiu_em_cacimba_dentro_de_casa-18306844_widelg-1.jpeg",500,281,false],"thumbnail":["https:\/\/blogopara.com.br\/wp-content\/uploads\/2022\/03\/1_corpo_de_bombeiros_resgata_crianca_que_caiu_em_cacimba_dentro_de_casa-18306844_widelg-1-150x150.jpeg",150,150,true],"medium":["https:\/\/blogopara.com.br\/wp-content\/uploads\/2022\/03\/1_corpo_de_bombeiros_resgata_crianca_que_caiu_em_cacimba_dentro_de_casa-18306844_widelg-1-300x169.jpeg",300,169,true],"medium_large":["https:\/\/blogopara.com.br\/wp-content\/uploads\/2022\/03\/1_corpo_de_bombeiros_resgata_crianca_que_caiu_em_cacimba_dentro_de_casa-18306844_widelg-1.jpeg",500,281,false],"large":["https:\/\/blogopara.com.br\/wp-content\/uploads\/2022\/03\/1_corpo_de_bombeiros_resgata_crianca_que_caiu_em_cacimba_dentro_de_casa-18306844_widelg-1.jpeg",500,281,false],"1536x1536":["https:\/\/blogopara.com.br\/wp-content\/uploads\/2022\/03\/1_corpo_de_bombeiros_resgata_crianca_que_caiu_em_cacimba_dentro_de_casa-18306844_widelg-1.jpeg",500,281,false],"2048x2048":["https:\/\/blogopara.com.br\/wp-content\/uploads\/2022\/03\/1_corpo_de_bombeiros_resgata_crianca_que_caiu_em_cacimba_dentro_de_casa-18306844_widelg-1.jpeg",500,281,false],"mantranews-slider-large":["https:\/\/blogopara.com.br\/wp-content\/uploads\/2022\/03\/1_corpo_de_bombeiros_resgata_crianca_que_caiu_em_cacimba_dentro_de_casa-18306844_widelg-1.jpeg",500,281,false],"mantranews-featured-medium":["https:\/\/blogopara.com.br\/wp-content\/uploads\/2022\/03\/1_corpo_de_bombeiros_resgata_crianca_que_caiu_em_cacimba_dentro_de_casa-18306844_widelg-1-420x281.jpeg",420,281,true],"mantranews-featured-long":["https:\/\/blogopara.com.br\/wp-content\/uploads\/2022\/03\/1_corpo_de_bombeiros_resgata_crianca_que_caiu_em_cacimba_dentro_de_casa-18306844_widelg-1-300x281.jpeg",300,281,true],"mantranews-block-medium":["https:\/\/blogopara.com.br\/wp-content\/uploads\/2022\/03\/1_corpo_de_bombeiros_resgata_crianca_que_caiu_em_cacimba_dentro_de_casa-18306844_widelg-1-464x281.jpeg",464,281,true],"mantranews-carousel-image":["https:\/\/blogopara.com.br\/wp-content\/uploads\/2022\/03\/1_corpo_de_bombeiros_resgata_crianca_que_caiu_em_cacimba_dentro_de_casa-18306844_widelg-1.jpeg",500,281,false],"mantranews-block-thumb":["https:\/\/blogopara.com.br\/wp-content\/uploads\/2022\/03\/1_corpo_de_bombeiros_resgata_crianca_que_caiu_em_cacimba_dentro_de_casa-18306844_widelg-1-322x230.jpeg",322,230,true],"mantranews-single-large":["https:\/\/blogopara.com.br\/wp-content\/uploads\/2022\/03\/1_corpo_de_bombeiros_resgata_crianca_que_caiu_em_cacimba_dentro_de_casa-18306844_widelg-1.jpeg",500,281,false]},"uagb_author_info":{"display_name":"Reda\u00e7\u00e3o geral","author_link":"https:\/\/blogopara.com.br\/index.php\/author\/blogopara"},"uagb_comment_info":0,"uagb_excerpt":"Um menino de apenas 2 anos\u00a0morreu ao\u00a0cair em um po\u00e7o\u00a0de cerca de 15 metros de profundidade\u00a0na tarde deste domingo (13), em uma casa no Bairro Autran Nunes,\u00a0em Fortaleza. O acidente ocorreu na Rua Tom\u00e1s Cavalcante, quando Ant\u00f4nio Derik Levi Souza dos Santos\u00a0estava aos cuidados de um tio. De acordo com testemunhas, um vizinho havia pedido&hellip;","jetpack_sharing_enabled":true,"jetpack_likes_enabled":true,"_links":{"self":[{"href":"https:\/\/blogopara.com.br\/index.php\/wp-json\/wp\/v2\/posts\/34871","targetHints":{"allow":["GET"]}}],"collection":[{"href":"https:\/\/blogopara.com.br\/index.php\/wp-json\/wp\/v2\/posts"}],"about":[{"href":"https:\/\/blogopara.com.br\/index.php\/wp-json\/wp\/v2\/types\/post"}],"author":[{"embeddable":true,"href":"https:\/\/blogopara.com.br\/index.php\/wp-json\/wp\/v2\/users\/1"}],"replies":[{"embeddable":true,"href":"https:\/\/blogopara.com.br\/index.php\/wp-json\/wp\/v2\/comments?post=34871"}],"version-history":[{"count":1,"href":"https:\/\/blogopara.com.br\/index.php\/wp-json\/wp\/v2\/posts\/34871\/revisions"}],"predecessor-version":[{"id":34873,"href":"https:\/\/blogopara.com.br\/index.php\/wp-json\/wp\/v2\/posts\/34871\/revisions\/34873"}],"wp:featuredmedia":[{"embeddable":true,"href":"https:\/\/blogopara.com.br\/index.php\/wp-json\/wp\/v2\/media\/34872"}],"wp:attachment":[{"href":"https:\/\/blogopara.com.br\/index.php\/wp-json\/wp\/v2\/media?parent=34871"}],"wp:term":[{"taxonomy":"category","embeddable":true,"href":"https:\/\/blogopara.com.br\/index.php\/wp-json\/wp\/v2\/categories?post=34871"},{"taxonomy":"post_tag","embeddable":true,"href":"https:\/\/blogopara.com.br\/index.php\/wp-json\/wp\/v2\/tags?post=34871"}],"curies":[{"name":"wp","href":"https:\/\/api.w.org\/{rel}","templated":true}]}}