{"id":34881,"date":"2022-03-15T08:48:00","date_gmt":"2022-03-15T11:48:00","guid":{"rendered":"https:\/\/blogopara.com.br\/?p=34881"},"modified":"2022-03-15T07:36:02","modified_gmt":"2022-03-15T10:36:02","slug":"delegados-da-policia-civil-da-bahia-entram-em-greve-e-ameacam-entregar-cargos","status":"publish","type":"post","link":"https:\/\/blogopara.com.br\/index.php\/2022\/03\/15\/delegados-da-policia-civil-da-bahia-entram-em-greve-e-ameacam-entregar-cargos","title":{"rendered":"Delegados da Pol\u00edcia Civil da Bahia entram em greve e amea\u00e7am entregar cargos"},"content":{"rendered":"<div class=\"noticias-single__description visible-lg\" style=\"text-align: justify;\">Mais de 300 delegados da Pol\u00edcia Civil da Bahia se reuniram nesta segunda-feira (14), e decidiram suspender todas as opera\u00e7\u00f5es e o cumprimento de mandados, al\u00e9m das representa\u00e7\u00f5es por novas medidas cautelares, inclusive as medidas protetivas decorrentes da Lei Maria da Penha, pelo prazo de 30 dias.<\/div>\n<div><\/div>\n<div class=\"noticias-single__description visible-lg\" style=\"text-align: justify;\"><\/div>\n<div class=\"noticias-single__description visible-lg\" style=\"text-align: justify;\"><span style=\"color: initial; font-size: revert;\">Segundo o Sindicato dos Delegados de Pol\u00edcia do Estado da Bahia (ADPEB), a manifesta\u00e7\u00e3o \u00e9 &#8220;contra o aumento de 4% concedido pelo Governo do Estado e a aus\u00eancia de di\u00e1logo por parte da administra\u00e7\u00e3o, al\u00e9m da falta de investimentos na institui\u00e7\u00e3o, em estrutura e na contrata\u00e7\u00e3o de pessoal&#8221;.<\/span><\/div>\n<div><\/div>\n<div class=\"noticias-single__content\">\n<div class=\"noticias-single__content__text js-mediator-article\">\n<p style=\"text-align: justify;\">A expectativa do sindicato \u00e9 que, caso o governo atenda a entidade at\u00e9 a pr\u00f3xima segunda-feira, 21 de mar\u00e7o, sejam recolhidas as assinaturas e a entrega de todos os cargos da Pol\u00edcia Civil ocupados por delegados a partir do dia 25 de mar\u00e7o.<\/p>\n<\/div>\n<p>Fonte: BNews<\/p>\n<\/div>\n","protected":false},"excerpt":{"rendered":"<p>Mais de 300 delegados da Pol\u00edcia Civil da Bahia se reuniram nesta segunda-feira (14), e decidiram suspender todas as opera\u00e7\u00f5es e o cumprimento de mandados, al\u00e9m das representa\u00e7\u00f5es por novas medidas cautelares, inclusive as medidas protetivas decorrentes da Lei Maria da Penha, pelo prazo de 30 dias. Segundo o Sindicato dos Delegados de Pol\u00edcia do [&hellip;]<\/p>\n","protected":false},"author":1,"featured_media":34882,"comment_status":"closed","ping_status":"open","sticky":false,"template":"","format":"standard","meta":{"_uag_custom_page_level_css":"","_monsterinsights_skip_tracking":false,"_monsterinsights_sitenote_active":false,"_monsterinsights_sitenote_note":"","_monsterinsights_sitenote_category":0,"jetpack_post_was_ever_published":false,"_jetpack_newsletter_access":"","_jetpack_dont_email_post_to_subs":false,"_jetpack_newsletter_tier_id":0,"_jetpack_memberships_contains_paywalled_content":false,"_jetpack_memberships_contains_paid_content":false,"footnotes":"","jetpack_publicize_message":"","jetpack_publicize_feature_enabled":true,"jetpack_social_post_already_shared":true,"jetpack_social_options":{"image_generator_settings":{"template":"highway","default_image_id":0,"font":"","enabled":false},"version":2}},"categories":[199],"tags":[8218,11,8217,26],"class_list":["post-34881","post","type-post","status-publish","format-standard","has-post-thumbnail","hentry","category-bahia","tag-ameacam-entregar-cargos","tag-bahia","tag-delegados-da-policia-civil","tag-greve"],"jetpack_publicize_connections":[],"jetpack_featured_media_url":"https:\/\/blogopara.com.br\/wp-content\/uploads\/2022\/03\/csm_delegados_ba_44a660a9bc_widelg-1.jpg","uagb_featured_image_src":{"full":["https:\/\/blogopara.com.br\/wp-content\/uploads\/2022\/03\/csm_delegados_ba_44a660a9bc_widelg-1.jpg",500,281,false],"thumbnail":["https:\/\/blogopara.com.br\/wp-content\/uploads\/2022\/03\/csm_delegados_ba_44a660a9bc_widelg-1-150x150.jpg",150,150,true],"medium":["https:\/\/blogopara.com.br\/wp-content\/uploads\/2022\/03\/csm_delegados_ba_44a660a9bc_widelg-1-300x169.jpg",300,169,true],"medium_large":["https:\/\/blogopara.com.br\/wp-content\/uploads\/2022\/03\/csm_delegados_ba_44a660a9bc_widelg-1.jpg",500,281,false],"large":["https:\/\/blogopara.com.br\/wp-content\/uploads\/2022\/03\/csm_delegados_ba_44a660a9bc_widelg-1.jpg",500,281,false],"1536x1536":["https:\/\/blogopara.com.br\/wp-content\/uploads\/2022\/03\/csm_delegados_ba_44a660a9bc_widelg-1.jpg",500,281,false],"2048x2048":["https:\/\/blogopara.com.br\/wp-content\/uploads\/2022\/03\/csm_delegados_ba_44a660a9bc_widelg-1.jpg",500,281,false],"mantranews-slider-large":["https:\/\/blogopara.com.br\/wp-content\/uploads\/2022\/03\/csm_delegados_ba_44a660a9bc_widelg-1.jpg",500,281,false],"mantranews-featured-medium":["https:\/\/blogopara.com.br\/wp-content\/uploads\/2022\/03\/csm_delegados_ba_44a660a9bc_widelg-1-420x281.jpg",420,281,true],"mantranews-featured-long":["https:\/\/blogopara.com.br\/wp-content\/uploads\/2022\/03\/csm_delegados_ba_44a660a9bc_widelg-1-300x281.jpg",300,281,true],"mantranews-block-medium":["https:\/\/blogopara.com.br\/wp-content\/uploads\/2022\/03\/csm_delegados_ba_44a660a9bc_widelg-1-464x281.jpg",464,281,true],"mantranews-carousel-image":["https:\/\/blogopara.com.br\/wp-content\/uploads\/2022\/03\/csm_delegados_ba_44a660a9bc_widelg-1.jpg",500,281,false],"mantranews-block-thumb":["https:\/\/blogopara.com.br\/wp-content\/uploads\/2022\/03\/csm_delegados_ba_44a660a9bc_widelg-1-322x230.jpg",322,230,true],"mantranews-single-large":["https:\/\/blogopara.com.br\/wp-content\/uploads\/2022\/03\/csm_delegados_ba_44a660a9bc_widelg-1.jpg",500,281,false]},"uagb_author_info":{"display_name":"Reda\u00e7\u00e3o geral","author_link":"https:\/\/blogopara.com.br\/index.php\/author\/blogopara"},"uagb_comment_info":0,"uagb_excerpt":"Mais de 300 delegados da Pol\u00edcia Civil da Bahia se reuniram nesta segunda-feira (14), e decidiram suspender todas as opera\u00e7\u00f5es e o cumprimento de mandados, al\u00e9m das representa\u00e7\u00f5es por novas medidas cautelares, inclusive as medidas protetivas decorrentes da Lei Maria da Penha, pelo prazo de 30 dias. Segundo o Sindicato dos Delegados de Pol\u00edcia do&hellip;","jetpack_sharing_enabled":true,"jetpack_likes_enabled":true,"_links":{"self":[{"href":"https:\/\/blogopara.com.br\/index.php\/wp-json\/wp\/v2\/posts\/34881","targetHints":{"allow":["GET"]}}],"collection":[{"href":"https:\/\/blogopara.com.br\/index.php\/wp-json\/wp\/v2\/posts"}],"about":[{"href":"https:\/\/blogopara.com.br\/index.php\/wp-json\/wp\/v2\/types\/post"}],"author":[{"embeddable":true,"href":"https:\/\/blogopara.com.br\/index.php\/wp-json\/wp\/v2\/users\/1"}],"replies":[{"embeddable":true,"href":"https:\/\/blogopara.com.br\/index.php\/wp-json\/wp\/v2\/comments?post=34881"}],"version-history":[{"count":2,"href":"https:\/\/blogopara.com.br\/index.php\/wp-json\/wp\/v2\/posts\/34881\/revisions"}],"predecessor-version":[{"id":34884,"href":"https:\/\/blogopara.com.br\/index.php\/wp-json\/wp\/v2\/posts\/34881\/revisions\/34884"}],"wp:featuredmedia":[{"embeddable":true,"href":"https:\/\/blogopara.com.br\/index.php\/wp-json\/wp\/v2\/media\/34882"}],"wp:attachment":[{"href":"https:\/\/blogopara.com.br\/index.php\/wp-json\/wp\/v2\/media?parent=34881"}],"wp:term":[{"taxonomy":"category","embeddable":true,"href":"https:\/\/blogopara.com.br\/index.php\/wp-json\/wp\/v2\/categories?post=34881"},{"taxonomy":"post_tag","embeddable":true,"href":"https:\/\/blogopara.com.br\/index.php\/wp-json\/wp\/v2\/tags?post=34881"}],"curies":[{"name":"wp","href":"https:\/\/api.w.org\/{rel}","templated":true}]}}