{"id":34988,"date":"2022-03-18T11:42:00","date_gmt":"2022-03-18T14:42:00","guid":{"rendered":"https:\/\/blogopara.com.br\/?p=34988"},"modified":"2022-03-18T10:35:18","modified_gmt":"2022-03-18T13:35:18","slug":"corpo-e-encontrado-boiando-em-praia-e-fica-preso-em-rede-de-pescador-em-ponto-turistico-de-salvador","status":"publish","type":"post","link":"https:\/\/blogopara.com.br\/index.php\/2022\/03\/18\/corpo-e-encontrado-boiando-em-praia-e-fica-preso-em-rede-de-pescador-em-ponto-turistico-de-salvador","title":{"rendered":"Corpo \u00e9 encontrado boiando em praia e fica preso em rede de pescador, em ponto tur\u00edstico de Salvador"},"content":{"rendered":"<div class=\"mc-column content-text active-extra-styles \" data-block-type=\"unstyled\" data-block-weight=\"41\" data-block-id=\"2\">\n<p class=\"content-text__container \" style=\"text-align: justify;\" data-track-category=\"Link no Texto\" data-track-links=\"\">O corpo de um homem, com idade de aproximadamente 40 anos, foi encontrado morto, boiando na praia da Ponta de Humait\u00e1, local tur\u00edstico de\u00a0<a href=\"https:\/\/g1.globo.com\/ba\/bahia\/cidade\/salvador\/\">Salvador<\/a>, que fica no bairro do Monte Serrat. O caso aconteceu na manh\u00e3 desta sexta-feira (18).<\/p>\n<\/div>\n<div class=\"wall protected-content\">\n<div class=\"mc-column content-text active-extra-styles \" style=\"text-align: justify;\" data-block-type=\"unstyled\" data-block-weight=\"35\" data-block-id=\"3\">\n<p class=\"content-text__container \" data-track-category=\"Link no Texto\" data-track-links=\"\">A v\u00edtima ficou presa na rede de um pescador, que chamou a Pol\u00edcia Militar. Uma equipe esteve no local e autorizou que o pescador puxasse o corpo pela rede, at\u00e9 a beira da praia.<\/p>\n<\/div>\n<div class=\"mc-column content-text active-extra-styles \" data-block-type=\"unstyled\" data-block-weight=\"38\" data-block-id=\"4\">\n<p class=\"content-text__container \" style=\"text-align: justify;\" data-track-category=\"Link no Texto\" data-track-links=\"\">O homem ainda n\u00e3o foi identificado, mas a pol\u00edcia informou que ele foi ferido com um tiro atr\u00e1s da cabe\u00e7a. O Departamento de Pol\u00edcia T\u00e9cnica (DPT) tamb\u00e9m foi acionado para fazer a per\u00edcia e remo\u00e7\u00e3o da v\u00edtima.<\/p>\n<\/div>\n<p data-track-category=\"Link no Texto\" data-track-links=\"\">\n<p data-track-category=\"Link no Texto\" data-track-links=\"\">Por g1 BA<\/p>\n<\/div>\n","protected":false},"excerpt":{"rendered":"<p>O corpo de um homem, com idade de aproximadamente 40 anos, foi encontrado morto, boiando na praia da Ponta de Humait\u00e1, local tur\u00edstico de\u00a0Salvador, que fica no bairro do Monte Serrat. O caso aconteceu na manh\u00e3 desta sexta-feira (18). A v\u00edtima ficou presa na rede de um pescador, que chamou a Pol\u00edcia Militar. Uma equipe [&hellip;]<\/p>\n","protected":false},"author":1,"featured_media":34989,"comment_status":"closed","ping_status":"open","sticky":false,"template":"","format":"standard","meta":{"_uag_custom_page_level_css":"","_monsterinsights_skip_tracking":false,"_monsterinsights_sitenote_active":false,"_monsterinsights_sitenote_note":"","_monsterinsights_sitenote_category":0,"jetpack_post_was_ever_published":false,"_jetpack_newsletter_access":"","_jetpack_dont_email_post_to_subs":false,"_jetpack_newsletter_tier_id":0,"_jetpack_memberships_contains_paywalled_content":false,"_jetpack_memberships_contains_paid_content":false,"footnotes":"","jetpack_publicize_message":"","jetpack_publicize_feature_enabled":true,"jetpack_social_post_already_shared":true,"jetpack_social_options":{"image_generator_settings":{"template":"highway","default_image_id":0,"font":"","enabled":false},"version":2}},"categories":[199],"tags":[8296,5073,8298,8297,1253],"class_list":["post-34988","post","type-post","status-publish","format-standard","has-post-thumbnail","hentry","category-bahia","tag-boiando-em-praia","tag-corpo-encontrado","tag-ponto-turistico","tag-preso-em-rede-de-pescador","tag-salvador"],"jetpack_publicize_connections":[],"jetpack_featured_media_url":"https:\/\/blogopara.com.br\/wp-content\/uploads\/2022\/03\/iml.jpg","uagb_featured_image_src":{"full":["https:\/\/blogopara.com.br\/wp-content\/uploads\/2022\/03\/iml.jpg",500,285,false],"thumbnail":["https:\/\/blogopara.com.br\/wp-content\/uploads\/2022\/03\/iml-150x150.jpg",150,150,true],"medium":["https:\/\/blogopara.com.br\/wp-content\/uploads\/2022\/03\/iml-300x171.jpg",300,171,true],"medium_large":["https:\/\/blogopara.com.br\/wp-content\/uploads\/2022\/03\/iml.jpg",500,285,false],"large":["https:\/\/blogopara.com.br\/wp-content\/uploads\/2022\/03\/iml.jpg",500,285,false],"1536x1536":["https:\/\/blogopara.com.br\/wp-content\/uploads\/2022\/03\/iml.jpg",500,285,false],"2048x2048":["https:\/\/blogopara.com.br\/wp-content\/uploads\/2022\/03\/iml.jpg",500,285,false],"mantranews-slider-large":["https:\/\/blogopara.com.br\/wp-content\/uploads\/2022\/03\/iml.jpg",500,285,false],"mantranews-featured-medium":["https:\/\/blogopara.com.br\/wp-content\/uploads\/2022\/03\/iml-420x285.jpg",420,285,true],"mantranews-featured-long":["https:\/\/blogopara.com.br\/wp-content\/uploads\/2022\/03\/iml-300x285.jpg",300,285,true],"mantranews-block-medium":["https:\/\/blogopara.com.br\/wp-content\/uploads\/2022\/03\/iml-464x285.jpg",464,285,true],"mantranews-carousel-image":["https:\/\/blogopara.com.br\/wp-content\/uploads\/2022\/03\/iml.jpg",500,285,false],"mantranews-block-thumb":["https:\/\/blogopara.com.br\/wp-content\/uploads\/2022\/03\/iml-322x230.jpg",322,230,true],"mantranews-single-large":["https:\/\/blogopara.com.br\/wp-content\/uploads\/2022\/03\/iml.jpg",500,285,false]},"uagb_author_info":{"display_name":"Reda\u00e7\u00e3o geral","author_link":"https:\/\/blogopara.com.br\/index.php\/author\/blogopara"},"uagb_comment_info":0,"uagb_excerpt":"O corpo de um homem, com idade de aproximadamente 40 anos, foi encontrado morto, boiando na praia da Ponta de Humait\u00e1, local tur\u00edstico de\u00a0Salvador, que fica no bairro do Monte Serrat. O caso aconteceu na manh\u00e3 desta sexta-feira (18). A v\u00edtima ficou presa na rede de um pescador, que chamou a Pol\u00edcia Militar. Uma equipe&hellip;","jetpack_sharing_enabled":true,"jetpack_likes_enabled":true,"_links":{"self":[{"href":"https:\/\/blogopara.com.br\/index.php\/wp-json\/wp\/v2\/posts\/34988","targetHints":{"allow":["GET"]}}],"collection":[{"href":"https:\/\/blogopara.com.br\/index.php\/wp-json\/wp\/v2\/posts"}],"about":[{"href":"https:\/\/blogopara.com.br\/index.php\/wp-json\/wp\/v2\/types\/post"}],"author":[{"embeddable":true,"href":"https:\/\/blogopara.com.br\/index.php\/wp-json\/wp\/v2\/users\/1"}],"replies":[{"embeddable":true,"href":"https:\/\/blogopara.com.br\/index.php\/wp-json\/wp\/v2\/comments?post=34988"}],"version-history":[{"count":1,"href":"https:\/\/blogopara.com.br\/index.php\/wp-json\/wp\/v2\/posts\/34988\/revisions"}],"predecessor-version":[{"id":34990,"href":"https:\/\/blogopara.com.br\/index.php\/wp-json\/wp\/v2\/posts\/34988\/revisions\/34990"}],"wp:featuredmedia":[{"embeddable":true,"href":"https:\/\/blogopara.com.br\/index.php\/wp-json\/wp\/v2\/media\/34989"}],"wp:attachment":[{"href":"https:\/\/blogopara.com.br\/index.php\/wp-json\/wp\/v2\/media?parent=34988"}],"wp:term":[{"taxonomy":"category","embeddable":true,"href":"https:\/\/blogopara.com.br\/index.php\/wp-json\/wp\/v2\/categories?post=34988"},{"taxonomy":"post_tag","embeddable":true,"href":"https:\/\/blogopara.com.br\/index.php\/wp-json\/wp\/v2\/tags?post=34988"}],"curies":[{"name":"wp","href":"https:\/\/api.w.org\/{rel}","templated":true}]}}