{"id":35103,"date":"2022-03-22T09:45:00","date_gmt":"2022-03-22T12:45:00","guid":{"rendered":"https:\/\/blogopara.com.br\/?p=35103"},"modified":"2022-03-22T08:52:31","modified_gmt":"2022-03-22T11:52:31","slug":"suspeito-de-torturar-idoso-de-74-anos-investigador-da-policia-civil-e-preso-em-juazeiro","status":"publish","type":"post","link":"https:\/\/blogopara.com.br\/index.php\/2022\/03\/22\/suspeito-de-torturar-idoso-de-74-anos-investigador-da-policia-civil-e-preso-em-juazeiro","title":{"rendered":"Suspeito de torturar idoso de 74 anos, investigador da Pol\u00edcia Civil \u00e9 preso, em Juazeiro"},"content":{"rendered":"<p style=\"text-align: justify;\">Na manh\u00e3 desta segunda-feira(21) em\u00a0 \u201cOpera\u00e7\u00e3o Istambul\u201d, realizada pelo Minist\u00e9rio P\u00fablico (MP-BA), em Juazeiro(BA), um investigador da Pol\u00edcia Civil foi preso e afastado das suas fun\u00e7\u00f5es, investigado pelo crime de tortura cometido contra um idoso de 74 anos, na cidade de Remanso.<\/p>\n<p style=\"text-align: justify;\">A opera\u00e7\u00e3o do MP-BA \u00a0contou com o apoio do Grupo de Atua\u00e7\u00e3o Especial Operacional de Seguran\u00e7a P\u00fablica (Geosp) e do Grupo de Apoio Especial de Combate ao Crime Organizado (Gaeco). O \u00a0agente\u00a0 foi preso em flagrante, mas foi \u00a0liberado pelo juiz.<\/p>\n<p style=\"text-align: justify;\">Os policiais tamb\u00e9m realizaram busca e apreens\u00e3o na casa do investigador, com base em decis\u00e3o da Vara Criminal de Remanso.<\/p>\n<p style=\"text-align: justify;\">O \u00a0MP-BA ficou sabendo do caso de tortura contra o idoso,\u00a0 atrav\u00e9s do Centro de Apoio Operacional dos Direitos Humanos (CAODH). Detido com subst\u00e2ncias entorpecentes, no dia 22 de janeiro, a v\u00edtima precisou ser internada por causa das les\u00f5es sofridas na unidade b\u00e1sica de sa\u00fade de Remanso.<\/p>\n<p style=\"text-align: justify;\">O Minist\u00e9rio P\u00fablico recolheu depoimentos de todos os profissionais, da \u00e1rea de seguran\u00e7a p\u00fablica, de sa\u00fade e familiares, que tiveram contato com o idoso,<\/p>\n<p style=\"text-align: justify;\">O \u00f3rg\u00e3o informou constatou que o idoso foi v\u00edtima do crime tortura cometido pelo policial civil.<\/p>\n<p style=\"text-align: justify;\">\n","protected":false},"excerpt":{"rendered":"<p>Na manh\u00e3 desta segunda-feira(21) em\u00a0 \u201cOpera\u00e7\u00e3o Istambul\u201d, realizada pelo Minist\u00e9rio P\u00fablico (MP-BA), em Juazeiro(BA), um investigador da Pol\u00edcia Civil foi preso e afastado das suas fun\u00e7\u00f5es, investigado pelo crime de tortura cometido contra um idoso de 74 anos, na cidade de Remanso. A opera\u00e7\u00e3o do MP-BA \u00a0contou com o apoio do Grupo de Atua\u00e7\u00e3o Especial [&hellip;]<\/p>\n","protected":false},"author":1,"featured_media":24366,"comment_status":"closed","ping_status":"open","sticky":false,"template":"","format":"standard","meta":{"_uag_custom_page_level_css":"","_monsterinsights_skip_tracking":false,"_monsterinsights_sitenote_active":false,"_monsterinsights_sitenote_note":"","_monsterinsights_sitenote_category":0,"jetpack_post_was_ever_published":false,"_jetpack_newsletter_access":"","_jetpack_dont_email_post_to_subs":false,"_jetpack_newsletter_tier_id":0,"_jetpack_memberships_contains_paywalled_content":false,"_jetpack_memberships_contains_paid_content":false,"footnotes":"","jetpack_publicize_message":"","jetpack_publicize_feature_enabled":true,"jetpack_social_post_already_shared":true,"jetpack_social_options":{"image_generator_settings":{"template":"highway","default_image_id":0,"font":"","enabled":false},"version":2}},"categories":[203],"tags":[8394,8395,8393],"class_list":["post-35103","post","type-post","status-publish","format-standard","has-post-thumbnail","hentry","category-juazeiro","tag-investigador-da-policia-civil","tag-preso-em-juazeiro","tag-suspeito-de-torturar-idoso"],"jetpack_publicize_connections":[],"jetpack_featured_media_url":"https:\/\/blogopara.com.br\/wp-content\/uploads\/2021\/06\/ministerio-publico-bahia.jpg","uagb_featured_image_src":{"full":["https:\/\/blogopara.com.br\/wp-content\/uploads\/2021\/06\/ministerio-publico-bahia.jpg",500,350,false],"thumbnail":["https:\/\/blogopara.com.br\/wp-content\/uploads\/2021\/06\/ministerio-publico-bahia-150x150.jpg",150,150,true],"medium":["https:\/\/blogopara.com.br\/wp-content\/uploads\/2021\/06\/ministerio-publico-bahia-300x210.jpg",300,210,true],"medium_large":["https:\/\/blogopara.com.br\/wp-content\/uploads\/2021\/06\/ministerio-publico-bahia.jpg",500,350,false],"large":["https:\/\/blogopara.com.br\/wp-content\/uploads\/2021\/06\/ministerio-publico-bahia.jpg",500,350,false],"1536x1536":["https:\/\/blogopara.com.br\/wp-content\/uploads\/2021\/06\/ministerio-publico-bahia.jpg",500,350,false],"2048x2048":["https:\/\/blogopara.com.br\/wp-content\/uploads\/2021\/06\/ministerio-publico-bahia.jpg",500,350,false],"mantranews-slider-large":["https:\/\/blogopara.com.br\/wp-content\/uploads\/2021\/06\/ministerio-publico-bahia.jpg",500,350,false],"mantranews-featured-medium":["https:\/\/blogopara.com.br\/wp-content\/uploads\/2021\/06\/ministerio-publico-bahia-420x307.jpg",420,307,true],"mantranews-featured-long":["https:\/\/blogopara.com.br\/wp-content\/uploads\/2021\/06\/ministerio-publico-bahia-300x350.jpg",300,350,true],"mantranews-block-medium":["https:\/\/blogopara.com.br\/wp-content\/uploads\/2021\/06\/ministerio-publico-bahia-464x290.jpg",464,290,true],"mantranews-carousel-image":["https:\/\/blogopara.com.br\/wp-content\/uploads\/2021\/06\/ministerio-publico-bahia.jpg",500,350,false],"mantranews-block-thumb":["https:\/\/blogopara.com.br\/wp-content\/uploads\/2021\/06\/ministerio-publico-bahia-322x230.jpg",322,230,true],"mantranews-single-large":["https:\/\/blogopara.com.br\/wp-content\/uploads\/2021\/06\/ministerio-publico-bahia.jpg",500,350,false]},"uagb_author_info":{"display_name":"Reda\u00e7\u00e3o geral","author_link":"https:\/\/blogopara.com.br\/index.php\/author\/blogopara"},"uagb_comment_info":0,"uagb_excerpt":"Na manh\u00e3 desta segunda-feira(21) em\u00a0 \u201cOpera\u00e7\u00e3o Istambul\u201d, realizada pelo Minist\u00e9rio P\u00fablico (MP-BA), em Juazeiro(BA), um investigador da Pol\u00edcia Civil foi preso e afastado das suas fun\u00e7\u00f5es, investigado pelo crime de tortura cometido contra um idoso de 74 anos, na cidade de Remanso. A opera\u00e7\u00e3o do MP-BA \u00a0contou com o apoio do Grupo de Atua\u00e7\u00e3o Especial&hellip;","jetpack_sharing_enabled":true,"jetpack_likes_enabled":true,"_links":{"self":[{"href":"https:\/\/blogopara.com.br\/index.php\/wp-json\/wp\/v2\/posts\/35103","targetHints":{"allow":["GET"]}}],"collection":[{"href":"https:\/\/blogopara.com.br\/index.php\/wp-json\/wp\/v2\/posts"}],"about":[{"href":"https:\/\/blogopara.com.br\/index.php\/wp-json\/wp\/v2\/types\/post"}],"author":[{"embeddable":true,"href":"https:\/\/blogopara.com.br\/index.php\/wp-json\/wp\/v2\/users\/1"}],"replies":[{"embeddable":true,"href":"https:\/\/blogopara.com.br\/index.php\/wp-json\/wp\/v2\/comments?post=35103"}],"version-history":[{"count":1,"href":"https:\/\/blogopara.com.br\/index.php\/wp-json\/wp\/v2\/posts\/35103\/revisions"}],"predecessor-version":[{"id":35104,"href":"https:\/\/blogopara.com.br\/index.php\/wp-json\/wp\/v2\/posts\/35103\/revisions\/35104"}],"wp:featuredmedia":[{"embeddable":true,"href":"https:\/\/blogopara.com.br\/index.php\/wp-json\/wp\/v2\/media\/24366"}],"wp:attachment":[{"href":"https:\/\/blogopara.com.br\/index.php\/wp-json\/wp\/v2\/media?parent=35103"}],"wp:term":[{"taxonomy":"category","embeddable":true,"href":"https:\/\/blogopara.com.br\/index.php\/wp-json\/wp\/v2\/categories?post=35103"},{"taxonomy":"post_tag","embeddable":true,"href":"https:\/\/blogopara.com.br\/index.php\/wp-json\/wp\/v2\/tags?post=35103"}],"curies":[{"name":"wp","href":"https:\/\/api.w.org\/{rel}","templated":true}]}}