{"id":35118,"date":"2022-03-22T16:38:00","date_gmt":"2022-03-22T19:38:00","guid":{"rendered":"https:\/\/blogopara.com.br\/?p=35118"},"modified":"2022-03-22T16:28:42","modified_gmt":"2022-03-22T19:28:42","slug":"clinica-especializada-em-dor-cronica-completa-tres-meses-em-petrolina-com-resultados-surpreendentes","status":"publish","type":"post","link":"https:\/\/blogopara.com.br\/index.php\/2022\/03\/22\/clinica-especializada-em-dor-cronica-completa-tres-meses-em-petrolina-com-resultados-surpreendentes","title":{"rendered":"Cl\u00ednica especializada em dor cr\u00f4nica completa tr\u00eas meses em Petrolina com resultados surpreendentes"},"content":{"rendered":"<p style=\"text-align: justify;\">Inaugurada em Petrolina em novembro do ano passado, a cl\u00ednica especializada no tratamento e controle da dor cr\u00f4nica da Unimed Vale do S\u00e3o Francisco &#8211; Unidor, est\u00e1 concluindo os tr\u00eas primeiros meses de atividades com resultados surpreendentes na recupera\u00e7\u00e3o e resgate do bem estar, autoestima e qualidade de vida dos pacientes.<\/p>\n<p style=\"text-align: justify;\">Come\u00e7ando o tratamento por uma avalia\u00e7\u00e3o biopsicossocial, a Unidor, analisa o paciente de dor cr\u00f4nica (a dor que persiste por mais de tr\u00eas meses), como um todo, incluindo aspectos como o ambiente social, o sono, depress\u00e3o, ansiedade, medo de algum movimento ou traumas. O atendimento personalizado \u00e9 multiprofissional com um servi\u00e7o integrado de especialistas a exemplo de m\u00e9dicos, psic\u00f3logos, psiquiatras, nutricionistas e fisioterapeutas.<\/p>\n<p style=\"text-align: justify;\">A exemplo de mais de 60 milh\u00f5es (37%) de pessoas que convivem com a dor cr\u00f4nica somente no Brasil, segundo dados da Sociedade Brasileira de Estudos da Dor (SBED), o petrolinense, mec\u00e2nico de autom\u00f3veis, Ederson da Silva Santos, de 38 anos, passou a viver um verdadeiro \u2018pesadelo\u2019 desde 2017, ap\u00f3s a realiza\u00e7\u00e3o de tr\u00eas cirurgias. Quando chegou \u00e0 Unidor, em dezembro do ano passado, ele reclamava de dores por todo o corpo e tomava rem\u00e9dios em demasia. Com seis parafusos na coluna, uma artrose lombar, pr\u00f3tese no quadril e outras sequelas, Ederson, come\u00e7ou o tratamento com foco, dedica\u00e7\u00e3o e entrega. Ap\u00f3s tr\u00eas meses de sess\u00f5es di\u00e1rias e muita determina\u00e7\u00e3o, o paciente teve alta e j\u00e1 retornou ao trabalho.<\/p>\n<p style=\"text-align: justify;\">Para a fisioterapeuta Luana Marcela, que acompanhou a evolu\u00e7\u00e3o do paciente, importou bastante o atendimento multidisciplinar e a dedica\u00e7\u00e3o aos exerc\u00edcios que melhoraram, e muito, a sua rela\u00e7\u00e3o com a dor. \u201cNossa \u00fanica orienta\u00e7\u00e3o ao Ederson, ap\u00f3s a alta m\u00e9dica, \u00e9 que continue fazendo atividade f\u00edsica com regularidade\u201d. A fisioterapeuta lembrou ainda que os casos mais comuns s\u00e3o de pacientes com dores cervicais, lombares, no ombro, na coluna e fibromialgia.<\/p>\n<p style=\"text-align: justify;\">Outro exemplo exitoso nestes tr\u00eas meses iniciais da cl\u00ednica Unidor, foi a alta m\u00e9dica do vigilante de 42 anos, Humberto Rodrigues. Depois de 12 anos tratando convencionalmente uma dor no ombro com paliativos e muita medica\u00e7\u00e3o, Humberto, fez um tratamento de tr\u00eas meses na cl\u00ednica e hoje afirma que sabe lidar com a dor sem tomar qualquer rem\u00e9dio. \u201cMe recuperei de uma situa\u00e7\u00e3o onde j\u00e1 tinha uma redu\u00e7\u00e3o de 50% de movimento no meu ombro, al\u00e9m de v\u00e1rias h\u00e9rnias e um diagn\u00f3stico que s\u00f3 se resolveria com cirurgia\u201d, ressaltou, enfatizando que agora leva uma vida normal com sua fam\u00edlia.<\/p>\n<p style=\"text-align: justify;\">O coordenador, respons\u00e1vel t\u00e9cnico da cl\u00ednica e m\u00e9dico especialista em Anestesiologia, Diego Oliveira, avaliou positivamente o primeiro trimestre de atividades, evidenciando a import\u00e2ncia do trabalho em conjunto da equipe multidisciplinar e da estrutura e equipamentos modernos, montada para o bom andamento dos servi\u00e7os. \u201cOs resultados alcan\u00e7ados por nossos pacientes nos alegram e nos motivam a seguir em frente no caminho que busca o al\u00edvio para dor cr\u00f4nica\u201d, concluiu.<\/p>\n<p style=\"text-align: justify;\">A Unidor atende de segunda a sexta- feira, em hor\u00e1rio comercial com agendamento realizado via Call Center e presencial na Avenida da Integra\u00e7\u00e3o, 561, edif\u00edcio Edite Carvalho, 5\u00ba andar, S\u00e3o Jos\u00e9, a 350 metros do Hospital Unimed de Petrolina. (87) 3866-7900. O contato tamb\u00e9m pode ser feito pelo WhatsApp (87) 98147-3286.<\/p>\n<p style=\"text-align: justify;\">Clas Comunica\u00e7\u00e3o e Marketing<\/p>\n","protected":false},"excerpt":{"rendered":"<p>Inaugurada em Petrolina em novembro do ano passado, a cl\u00ednica especializada no tratamento e controle da dor cr\u00f4nica da Unimed Vale do S\u00e3o Francisco &#8211; Unidor, est\u00e1 concluindo os tr\u00eas primeiros meses de atividades com resultados surpreendentes na recupera\u00e7\u00e3o e resgate do bem estar, autoestima e qualidade de vida dos pacientes. Come\u00e7ando o tratamento por [&hellip;]<\/p>\n","protected":false},"author":1,"featured_media":35119,"comment_status":"closed","ping_status":"open","sticky":false,"template":"","format":"standard","meta":{"_uag_custom_page_level_css":"","_monsterinsights_skip_tracking":false,"_monsterinsights_sitenote_active":false,"_monsterinsights_sitenote_note":"","_monsterinsights_sitenote_category":0,"jetpack_post_was_ever_published":false,"_jetpack_newsletter_access":"","_jetpack_dont_email_post_to_subs":false,"_jetpack_newsletter_tier_id":0,"_jetpack_memberships_contains_paywalled_content":false,"_jetpack_memberships_contains_paid_content":false,"footnotes":"","jetpack_publicize_message":"","jetpack_publicize_feature_enabled":true,"jetpack_social_post_already_shared":true,"jetpack_social_options":{"image_generator_settings":{"template":"highway","default_image_id":0,"font":"","enabled":false},"version":2}},"categories":[851],"tags":[6015,8408,8409],"class_list":["post-35118","post","type-post","status-publish","format-standard","has-post-thumbnail","hentry","category-petrolina","tag-clinica-especializada","tag-dor-cronica-completa","tag-tres-meses-em-petrolina"],"jetpack_publicize_connections":[],"jetpack_featured_media_url":"https:\/\/blogopara.com.br\/wp-content\/uploads\/2022\/03\/WhatsApp-Image-2022-03-22-at-09.06.44.jpeg","uagb_featured_image_src":{"full":["https:\/\/blogopara.com.br\/wp-content\/uploads\/2022\/03\/WhatsApp-Image-2022-03-22-at-09.06.44.jpeg",500,342,false],"thumbnail":["https:\/\/blogopara.com.br\/wp-content\/uploads\/2022\/03\/WhatsApp-Image-2022-03-22-at-09.06.44-150x150.jpeg",150,150,true],"medium":["https:\/\/blogopara.com.br\/wp-content\/uploads\/2022\/03\/WhatsApp-Image-2022-03-22-at-09.06.44-300x205.jpeg",300,205,true],"medium_large":["https:\/\/blogopara.com.br\/wp-content\/uploads\/2022\/03\/WhatsApp-Image-2022-03-22-at-09.06.44.jpeg",500,342,false],"large":["https:\/\/blogopara.com.br\/wp-content\/uploads\/2022\/03\/WhatsApp-Image-2022-03-22-at-09.06.44.jpeg",500,342,false],"1536x1536":["https:\/\/blogopara.com.br\/wp-content\/uploads\/2022\/03\/WhatsApp-Image-2022-03-22-at-09.06.44.jpeg",500,342,false],"2048x2048":["https:\/\/blogopara.com.br\/wp-content\/uploads\/2022\/03\/WhatsApp-Image-2022-03-22-at-09.06.44.jpeg",500,342,false],"mantranews-slider-large":["https:\/\/blogopara.com.br\/wp-content\/uploads\/2022\/03\/WhatsApp-Image-2022-03-22-at-09.06.44.jpeg",500,342,false],"mantranews-featured-medium":["https:\/\/blogopara.com.br\/wp-content\/uploads\/2022\/03\/WhatsApp-Image-2022-03-22-at-09.06.44-420x307.jpeg",420,307,true],"mantranews-featured-long":["https:\/\/blogopara.com.br\/wp-content\/uploads\/2022\/03\/WhatsApp-Image-2022-03-22-at-09.06.44-300x342.jpeg",300,342,true],"mantranews-block-medium":["https:\/\/blogopara.com.br\/wp-content\/uploads\/2022\/03\/WhatsApp-Image-2022-03-22-at-09.06.44-464x290.jpeg",464,290,true],"mantranews-carousel-image":["https:\/\/blogopara.com.br\/wp-content\/uploads\/2022\/03\/WhatsApp-Image-2022-03-22-at-09.06.44.jpeg",500,342,false],"mantranews-block-thumb":["https:\/\/blogopara.com.br\/wp-content\/uploads\/2022\/03\/WhatsApp-Image-2022-03-22-at-09.06.44-322x230.jpeg",322,230,true],"mantranews-single-large":["https:\/\/blogopara.com.br\/wp-content\/uploads\/2022\/03\/WhatsApp-Image-2022-03-22-at-09.06.44.jpeg",500,342,false]},"uagb_author_info":{"display_name":"Reda\u00e7\u00e3o geral","author_link":"https:\/\/blogopara.com.br\/index.php\/author\/blogopara"},"uagb_comment_info":0,"uagb_excerpt":"Inaugurada em Petrolina em novembro do ano passado, a cl\u00ednica especializada no tratamento e controle da dor cr\u00f4nica da Unimed Vale do S\u00e3o Francisco &#8211; Unidor, est\u00e1 concluindo os tr\u00eas primeiros meses de atividades com resultados surpreendentes na recupera\u00e7\u00e3o e resgate do bem estar, autoestima e qualidade de vida dos pacientes. Come\u00e7ando o tratamento por&hellip;","jetpack_sharing_enabled":true,"jetpack_likes_enabled":true,"_links":{"self":[{"href":"https:\/\/blogopara.com.br\/index.php\/wp-json\/wp\/v2\/posts\/35118","targetHints":{"allow":["GET"]}}],"collection":[{"href":"https:\/\/blogopara.com.br\/index.php\/wp-json\/wp\/v2\/posts"}],"about":[{"href":"https:\/\/blogopara.com.br\/index.php\/wp-json\/wp\/v2\/types\/post"}],"author":[{"embeddable":true,"href":"https:\/\/blogopara.com.br\/index.php\/wp-json\/wp\/v2\/users\/1"}],"replies":[{"embeddable":true,"href":"https:\/\/blogopara.com.br\/index.php\/wp-json\/wp\/v2\/comments?post=35118"}],"version-history":[{"count":1,"href":"https:\/\/blogopara.com.br\/index.php\/wp-json\/wp\/v2\/posts\/35118\/revisions"}],"predecessor-version":[{"id":35120,"href":"https:\/\/blogopara.com.br\/index.php\/wp-json\/wp\/v2\/posts\/35118\/revisions\/35120"}],"wp:featuredmedia":[{"embeddable":true,"href":"https:\/\/blogopara.com.br\/index.php\/wp-json\/wp\/v2\/media\/35119"}],"wp:attachment":[{"href":"https:\/\/blogopara.com.br\/index.php\/wp-json\/wp\/v2\/media?parent=35118"}],"wp:term":[{"taxonomy":"category","embeddable":true,"href":"https:\/\/blogopara.com.br\/index.php\/wp-json\/wp\/v2\/categories?post=35118"},{"taxonomy":"post_tag","embeddable":true,"href":"https:\/\/blogopara.com.br\/index.php\/wp-json\/wp\/v2\/tags?post=35118"}],"curies":[{"name":"wp","href":"https:\/\/api.w.org\/{rel}","templated":true}]}}