{"id":35121,"date":"2022-03-22T17:28:00","date_gmt":"2022-03-22T20:28:00","guid":{"rendered":"https:\/\/blogopara.com.br\/?p=35121"},"modified":"2022-03-22T16:52:44","modified_gmt":"2022-03-22T19:52:44","slug":"mulher-e-estuprada-e-enterrada-viva-proximo-a-divisa-entre-ba-e-mg","status":"publish","type":"post","link":"https:\/\/blogopara.com.br\/index.php\/2022\/03\/22\/mulher-e-estuprada-e-enterrada-viva-proximo-a-divisa-entre-ba-e-mg","title":{"rendered":"Mulher \u00e9 estuprada e enterrada viva pr\u00f3ximo \u00e0 divisa entre BA e MG"},"content":{"rendered":"<p style=\"text-align: justify;\">O laudo do Instituto M\u00e9dico Legal (IML) da cidade mineira de Pedra Azul, na divisa com o estado da Bahia, concluiu que uma mulher de 25 anos, que estava desaparecida desde o dia 11 de mar\u00e7o, morreu ap\u00f3s ter sido estuprada, espancada e enterrada ainda com vida, em uma vala aberta nos fundos de uma casa abandonada, no munic\u00edpio de Medina, tamb\u00e9m na regi\u00e3o de divisa entre Minas e Bahia.<\/p>\n<p style=\"text-align: justify;\">O corpo da v\u00edtima, identificada como Joana Darc, s\u00f3 foi encontrado quatro dias ap\u00f3s o seu desaparecimento. A pol\u00edcia afirma que ela foi abordada na sa\u00edda de uma festa de pegode por tr\u00eas jovens de 21, 20 e 17 anos. Um dos suspeitos foi preso pela pol\u00edcia, mas os outros dois permaneciam foragidos at\u00e9 a publica\u00e7\u00e3o desta mat\u00e9ria.<\/p>\n<p style=\"text-align: justify;\">\u00a0<\/p>\n<p style=\"text-align: justify;\"><strong>Vers\u00e3o contradit\u00f3ria<\/strong><\/p>\n<p style=\"text-align: justify;\">\u00a0<\/p>\n<p style=\"text-align: justify;\">De acordo com informa\u00e7\u00f5es do r7, na presen\u00e7a de policiais, o suspeito detido relatou que os dois foragidos teriam mantido rela\u00e7\u00e3o sexual com o consentimento da v\u00edtima e que, ap\u00f3s o ato, um deles teria ordenado que os comparsas matassem a jovem e ocultassem o cad\u00e1ver.<\/p>\n<p style=\"text-align: justify;\">\u201cEssa pessoa, nesse instante, teria efetuado dois golpes de faca contra a v\u00edtima e se retirado do local, e ordenado que o menor de idade terminasse de matar a v\u00edtima, e enterrasse o corpo no quintal daquela resid\u00eancia\u201d, disse o policial Danilo da Silva Guedes em um v\u00eddeo gravado e divulgado pela pol\u00edcia civil mineira.<\/p>\n<p style=\"text-align: justify;\">O laudo do IML apontou que o corpo de Joana Darc apresentava sinais de estar sepultado h\u00e1 mais de 72 horas e que a causa da morte foi por \u201casfixia por soterramento\u201d. N\u00e3o foi encontrado nenhum sinal de ferimentos provocados por tiros ou arma branca, o que vai de encontro \u00e0 vers\u00e3o do suspeito. Agora, a pol\u00edcia busca os outros dois jovem que podem estar envolvidos no crime.<\/p>\n<p>\u00a0<\/p>\n<p>Por: BNews<\/p>\n<p style=\"text-align: justify;\">\u00a0<\/p>\n","protected":false},"excerpt":{"rendered":"<p>O laudo do Instituto M\u00e9dico Legal (IML) da cidade mineira de Pedra Azul, na divisa com o estado da Bahia, concluiu que uma mulher de 25 anos, que estava desaparecida desde o dia 11 de mar\u00e7o, morreu ap\u00f3s ter sido estuprada, espancada e enterrada ainda com vida, em uma vala aberta nos fundos de uma [&hellip;]<\/p>\n","protected":false},"author":1,"featured_media":35122,"comment_status":"closed","ping_status":"open","sticky":false,"template":"","format":"standard","meta":{"_uag_custom_page_level_css":"","_monsterinsights_skip_tracking":false,"_monsterinsights_sitenote_active":false,"_monsterinsights_sitenote_note":"","_monsterinsights_sitenote_category":0,"jetpack_post_was_ever_published":false,"_jetpack_newsletter_access":"","_jetpack_dont_email_post_to_subs":false,"_jetpack_newsletter_tier_id":0,"_jetpack_memberships_contains_paywalled_content":false,"_jetpack_memberships_contains_paid_content":false,"footnotes":"","jetpack_publicize_message":"","jetpack_publicize_feature_enabled":true,"jetpack_social_post_already_shared":true,"jetpack_social_options":{"image_generator_settings":{"template":"highway","default_image_id":0,"font":"","enabled":false},"version":2}},"categories":[199],"tags":[8412,8410,693,8411],"class_list":["post-35121","post","type-post","status-publish","format-standard","has-post-thumbnail","hentry","category-bahia","tag-divisa-entre-ba-e-mg","tag-estuprada-e-enterrada","tag-mulher","tag-viva"],"jetpack_publicize_connections":[],"jetpack_featured_media_url":"https:\/\/blogopara.com.br\/wp-content\/uploads\/2022\/03\/capturar_yJVK9sP_widelg.png","uagb_featured_image_src":{"full":["https:\/\/blogopara.com.br\/wp-content\/uploads\/2022\/03\/capturar_yJVK9sP_widelg.png",500,329,false],"thumbnail":["https:\/\/blogopara.com.br\/wp-content\/uploads\/2022\/03\/capturar_yJVK9sP_widelg-150x150.png",150,150,true],"medium":["https:\/\/blogopara.com.br\/wp-content\/uploads\/2022\/03\/capturar_yJVK9sP_widelg-300x197.png",300,197,true],"medium_large":["https:\/\/blogopara.com.br\/wp-content\/uploads\/2022\/03\/capturar_yJVK9sP_widelg.png",500,329,false],"large":["https:\/\/blogopara.com.br\/wp-content\/uploads\/2022\/03\/capturar_yJVK9sP_widelg.png",500,329,false],"1536x1536":["https:\/\/blogopara.com.br\/wp-content\/uploads\/2022\/03\/capturar_yJVK9sP_widelg.png",500,329,false],"2048x2048":["https:\/\/blogopara.com.br\/wp-content\/uploads\/2022\/03\/capturar_yJVK9sP_widelg.png",500,329,false],"mantranews-slider-large":["https:\/\/blogopara.com.br\/wp-content\/uploads\/2022\/03\/capturar_yJVK9sP_widelg.png",500,329,false],"mantranews-featured-medium":["https:\/\/blogopara.com.br\/wp-content\/uploads\/2022\/03\/capturar_yJVK9sP_widelg-420x307.png",420,307,true],"mantranews-featured-long":["https:\/\/blogopara.com.br\/wp-content\/uploads\/2022\/03\/capturar_yJVK9sP_widelg-300x329.png",300,329,true],"mantranews-block-medium":["https:\/\/blogopara.com.br\/wp-content\/uploads\/2022\/03\/capturar_yJVK9sP_widelg-464x290.png",464,290,true],"mantranews-carousel-image":["https:\/\/blogopara.com.br\/wp-content\/uploads\/2022\/03\/capturar_yJVK9sP_widelg.png",500,329,false],"mantranews-block-thumb":["https:\/\/blogopara.com.br\/wp-content\/uploads\/2022\/03\/capturar_yJVK9sP_widelg-322x230.png",322,230,true],"mantranews-single-large":["https:\/\/blogopara.com.br\/wp-content\/uploads\/2022\/03\/capturar_yJVK9sP_widelg.png",500,329,false]},"uagb_author_info":{"display_name":"Reda\u00e7\u00e3o geral","author_link":"https:\/\/blogopara.com.br\/index.php\/author\/blogopara"},"uagb_comment_info":0,"uagb_excerpt":"O laudo do Instituto M\u00e9dico Legal (IML) da cidade mineira de Pedra Azul, na divisa com o estado da Bahia, concluiu que uma mulher de 25 anos, que estava desaparecida desde o dia 11 de mar\u00e7o, morreu ap\u00f3s ter sido estuprada, espancada e enterrada ainda com vida, em uma vala aberta nos fundos de uma&hellip;","jetpack_sharing_enabled":true,"jetpack_likes_enabled":true,"_links":{"self":[{"href":"https:\/\/blogopara.com.br\/index.php\/wp-json\/wp\/v2\/posts\/35121","targetHints":{"allow":["GET"]}}],"collection":[{"href":"https:\/\/blogopara.com.br\/index.php\/wp-json\/wp\/v2\/posts"}],"about":[{"href":"https:\/\/blogopara.com.br\/index.php\/wp-json\/wp\/v2\/types\/post"}],"author":[{"embeddable":true,"href":"https:\/\/blogopara.com.br\/index.php\/wp-json\/wp\/v2\/users\/1"}],"replies":[{"embeddable":true,"href":"https:\/\/blogopara.com.br\/index.php\/wp-json\/wp\/v2\/comments?post=35121"}],"version-history":[{"count":1,"href":"https:\/\/blogopara.com.br\/index.php\/wp-json\/wp\/v2\/posts\/35121\/revisions"}],"predecessor-version":[{"id":35123,"href":"https:\/\/blogopara.com.br\/index.php\/wp-json\/wp\/v2\/posts\/35121\/revisions\/35123"}],"wp:featuredmedia":[{"embeddable":true,"href":"https:\/\/blogopara.com.br\/index.php\/wp-json\/wp\/v2\/media\/35122"}],"wp:attachment":[{"href":"https:\/\/blogopara.com.br\/index.php\/wp-json\/wp\/v2\/media?parent=35121"}],"wp:term":[{"taxonomy":"category","embeddable":true,"href":"https:\/\/blogopara.com.br\/index.php\/wp-json\/wp\/v2\/categories?post=35121"},{"taxonomy":"post_tag","embeddable":true,"href":"https:\/\/blogopara.com.br\/index.php\/wp-json\/wp\/v2\/tags?post=35121"}],"curies":[{"name":"wp","href":"https:\/\/api.w.org\/{rel}","templated":true}]}}