{"id":35124,"date":"2022-03-22T18:43:00","date_gmt":"2022-03-22T21:43:00","guid":{"rendered":"https:\/\/blogopara.com.br\/?p=35124"},"modified":"2022-03-22T17:14:29","modified_gmt":"2022-03-22T20:14:29","slug":"adolescente-morre-em-camaragibe-durante-as-fortes-chuvas-registradas-no-municipio","status":"publish","type":"post","link":"https:\/\/blogopara.com.br\/index.php\/2022\/03\/22\/adolescente-morre-em-camaragibe-durante-as-fortes-chuvas-registradas-no-municipio","title":{"rendered":"Adolescente morre em Camaragibe durante as fortes chuvas registradas no munic\u00edpio"},"content":{"rendered":"<p style=\"text-align: justify;\">Um adolesecnte morreu em Camaragibe, na Regi\u00e3o Metropolitana do Recife,<a href=\"https:\/\/www.folhape.com.br\/noticias\/chuva-provoca-pontos-de-alagamento-e-transtornos-na-rmr-veja-maiores\/220408\/\" target=\"_blank\" rel=\"noopener\">\u00a0durante as fortes chuvas<\/a>\u00a0que assolaram o munic\u00edpio nas \u00faltimas horas. Segundo a prefeitura,\u00a0<strong>o \u00f3bito\u00a0de Fillipe Dias Salvador<\/strong>, de 16 anos,\u00a0<strong>foi registrado na madrugada desta ter\u00e7a-feira (22)<\/strong>.<\/p>\n<p><strong>O jovem<\/strong>\u00a0<strong>deu entrada no Hospital Aristeu Chaves<\/strong>, no centro da cidade, \u00e0 00h55,\u00a0 segundo a gest\u00e3o municipal,\u00a0<strong>apresentando aus\u00eancia de pulso<\/strong>. Ap\u00f3s tentativa de reanima\u00e7\u00e3o sem sucesso, o corpo foi encaminhado ao Instituto M\u00e9dico Legal (IML).<\/p>\n<div class=\"teads-inread sm-screen\" style=\"text-align: justify;\">\n<div id=\"teads0\" class=\"teads-player smart-position-corner\">\n<div class=\"teads-ui-components-smart-header\">\n<div class=\"smart-header-content\">\n<div class=\"adChoices-button-smart\"><span style=\"color: initial; font-size: revert;\">Em nota, a Prefeitura de Camaragibe <\/span><strong style=\"color: initial; font-size: revert;\">lamentou a morte do adolescente<\/strong><span style=\"color: initial; font-size: revert;\">\u00a0e afirmou que se coloca \u00e0 disposi\u00e7\u00e3o dos familiares da v\u00edtima para aux\u00edlio neste dif\u00edcil momento.<\/span><\/div>\n<\/div>\n<\/div>\n<\/div>\n<\/div>\n<p style=\"text-align: justify;\">O <strong>Corpo de Bombeiros<\/strong>\u00a0informou que foi acionado por volta da 00:50 desta ter\u00e7a para\u00a0<strong>resgatar um homem que teria ca\u00eddo dentro de um canal<\/strong>, na rua Sidr\u00f4nio Andrade Lima, no centro de Camaragibe. No entanto, acrescentou a corpora\u00e7\u00e3o, cerca de cinco minutos depois, com a equipe em deslocamento, a ocorr\u00eancia foi cancelada pelo solicitante, que informou que a v\u00edtima foi retirada do canal por populares e conduzida ao hospital Aristeu Chaves.\n<\/p>\n<p style=\"text-align: justify;\"><span style=\"color: initial; font-size: revert;\">Segundo informa\u00e7\u00f5es, <\/span><strong style=\"color: initial; font-size: revert;\">o jovem voltava da Escola Estadual Joaquim Amazonas<\/strong><span style=\"color: initial; font-size: revert;\">, tamb\u00e9m no centro do munic\u00edpio, na noite desta segunda,\u00a0<\/span><strong style=\"color: initial; font-size: revert;\">quando caiu em um bueiro e foi arrastado pela correnteza<\/strong><span style=\"color: initial; font-size: revert;\">\u00a0para o canal. Nas redes sociais, a escola lamentou a morte precoce do estuadante.<\/span><\/p>\n<p style=\"text-align: justify;\">Segundo a Ag\u00eancia Pernambucana de \u00c1guas e Clima (Apac),\u00a0<strong>Camaragibe registrou o maior \u00edndice pluviom\u00e9trico nas \u00faltimas 24 horas<\/strong>\u00a0no Estado, com 169mm.<\/p>\n<p style=\"text-align: justify;\">A\u00a0<strong>Defesa Civil da cidade<\/strong>\u00a0pode ser acionada pelos\u00a0<strong>telefones 153, (81) 2129-9564 e (81) 9.9945-3015<\/strong>.<\/p>\n<p>O\u00a0<strong>Governo de Pernambuco<\/strong>\u00a0afirmou que\u00a0<strong>vem acompanhando as fortes chuvas<\/strong>\u00a0que atingem grande parte das regi\u00f5es do Estado desde o \u00faltimo domingo (20) e pediu que a\u00a0<strong>popula\u00e7\u00e3o permane\u00e7a em alerta<\/strong>, especialmente nas \u00e1reas de risco. \u201cInfelizmente, a previs\u00e3o da Apac \u00e9 de mais chuva forte nas pr\u00f3ximas horas, e pedimos que a popula\u00e7\u00e3o, sobretudo quem mora nas \u00e1reas de risco, esteja atenta \u00e0s orienta\u00e7\u00f5es das prefeituras\u201d, frisou o governador Paulo C\u00e2mara.<\/p>\n<p>De acordo com o governo, a Coordenadoria de Defesa Civil do Estado de Pernambuco (Codecipe) e o Corpo de Bombeiros est\u00e3o atuando em parceria com as unidades da Defesa Civil dos munic\u00edpios para\u00a0<strong>minimizar os impactos e atender as pessoas desalojadas<\/strong>\u00a0em Camaragibe e S\u00e3o Louren\u00e7o da Mata, duas cidades onde\u00a0<a href=\"https:\/\/www.folhape.com.br\/noticias\/moradores-e-comerciantes-tentam-reaver-prejuizo-apos-temporal-castigar\/220454\/\" target=\"_blank\" rel=\"noopener\">j\u00e1 foram registrados incidentes provocados pelas chuvas<\/a>. Segundo a Apac,\u00a0<a href=\"https:\/\/www.folhape.com.br\/noticias\/sao-lourenco-tem-quase-toda-a-chuva-esperada-para-marco-em-24-horas-e\/220425\/\" target=\"_blank\" rel=\"noopener\">S\u00e3o Louren\u00e7o da Mata registrou 146mm de \u00edndice pluviom\u00e9trico<\/a>\u00a0nas \u00faltimas 24 horas. O Recife ficou em 123,34mm.<\/p>\n<p>O Governo do Estado destacou que ap\u00f3s dois dias de chuvas intensas o solo est\u00e1 encharcado e, com a previs\u00e3o de continuidade das chuvas,\u00a0<strong>o risco de deslizamento torna-se maior<\/strong>. A Defesa Civil advertiu que as\u00a0<strong>pessoas evitem \u00e1reas alagadas, banhos de rios e c\u00f3rregos<\/strong>, e que os moradores de morros e encostas fiquem atentos e deixem imediatamente o local em caso de movimenta\u00e7\u00f5es de terras.<\/p>\n<p>A Central de Opera\u00e7\u00f5es da Codecipe\u00a0<strong>mant\u00e9m plant\u00e3o 24 horas por dia<\/strong>\u00a0e pode ser acionada pelos\u00a0<strong>telefones 199 e (81) 3181-2490<\/strong>.<\/p>\n<p style=\"text-align: justify;\">\n<p>Por<strong>\u00a0Folha de Pernambuco<\/strong><\/p>\n<section class=\"bannerBillboardDetalhe\">\n<div id=\"middle\"><\/div>\n<\/section>\n<div class=\"clear\" style=\"text-align: justify;\"><\/div>\n","protected":false},"excerpt":{"rendered":"<p>Um adolesecnte morreu em Camaragibe, na Regi\u00e3o Metropolitana do Recife,\u00a0durante as fortes chuvas\u00a0que assolaram o munic\u00edpio nas \u00faltimas horas. Segundo a prefeitura,\u00a0o \u00f3bito\u00a0de Fillipe Dias Salvador, de 16 anos,\u00a0foi registrado na madrugada desta ter\u00e7a-feira (22). O jovem\u00a0deu entrada no Hospital Aristeu Chaves, no centro da cidade, \u00e0 00h55,\u00a0 segundo a gest\u00e3o municipal,\u00a0apresentando aus\u00eancia de pulso. [&hellip;]<\/p>\n","protected":false},"author":1,"featured_media":35125,"comment_status":"closed","ping_status":"open","sticky":false,"template":"","format":"standard","meta":{"_uag_custom_page_level_css":"","_monsterinsights_skip_tracking":false,"_monsterinsights_sitenote_active":false,"_monsterinsights_sitenote_note":"","_monsterinsights_sitenote_category":0,"jetpack_post_was_ever_published":false,"_jetpack_newsletter_access":"","_jetpack_dont_email_post_to_subs":false,"_jetpack_newsletter_tier_id":0,"_jetpack_memberships_contains_paywalled_content":false,"_jetpack_memberships_contains_paid_content":false,"footnotes":"","jetpack_publicize_message":"","jetpack_publicize_feature_enabled":true,"jetpack_social_post_already_shared":true,"jetpack_social_options":{"image_generator_settings":{"template":"highway","default_image_id":0,"font":"","enabled":false},"version":2}},"categories":[1507],"tags":[8413,8414,8415,8416],"class_list":["post-35124","post","type-post","status-publish","format-standard","has-post-thumbnail","hentry","category-pernambuco","tag-adolescente-morre","tag-camaragibe","tag-durante-as-fortes-chuvas","tag-registradas-no-municipio"],"jetpack_publicize_connections":[],"jetpack_featured_media_url":"https:\/\/blogopara.com.br\/wp-content\/uploads\/2022\/03\/folhape-34-1.png","uagb_featured_image_src":{"full":["https:\/\/blogopara.com.br\/wp-content\/uploads\/2022\/03\/folhape-34-1.png",500,272,false],"thumbnail":["https:\/\/blogopara.com.br\/wp-content\/uploads\/2022\/03\/folhape-34-1-150x150.png",150,150,true],"medium":["https:\/\/blogopara.com.br\/wp-content\/uploads\/2022\/03\/folhape-34-1-300x163.png",300,163,true],"medium_large":["https:\/\/blogopara.com.br\/wp-content\/uploads\/2022\/03\/folhape-34-1.png",500,272,false],"large":["https:\/\/blogopara.com.br\/wp-content\/uploads\/2022\/03\/folhape-34-1.png",500,272,false],"1536x1536":["https:\/\/blogopara.com.br\/wp-content\/uploads\/2022\/03\/folhape-34-1.png",500,272,false],"2048x2048":["https:\/\/blogopara.com.br\/wp-content\/uploads\/2022\/03\/folhape-34-1.png",500,272,false],"mantranews-slider-large":["https:\/\/blogopara.com.br\/wp-content\/uploads\/2022\/03\/folhape-34-1.png",500,272,false],"mantranews-featured-medium":["https:\/\/blogopara.com.br\/wp-content\/uploads\/2022\/03\/folhape-34-1-420x272.png",420,272,true],"mantranews-featured-long":["https:\/\/blogopara.com.br\/wp-content\/uploads\/2022\/03\/folhape-34-1-300x272.png",300,272,true],"mantranews-block-medium":["https:\/\/blogopara.com.br\/wp-content\/uploads\/2022\/03\/folhape-34-1-464x272.png",464,272,true],"mantranews-carousel-image":["https:\/\/blogopara.com.br\/wp-content\/uploads\/2022\/03\/folhape-34-1.png",500,272,false],"mantranews-block-thumb":["https:\/\/blogopara.com.br\/wp-content\/uploads\/2022\/03\/folhape-34-1-322x230.png",322,230,true],"mantranews-single-large":["https:\/\/blogopara.com.br\/wp-content\/uploads\/2022\/03\/folhape-34-1.png",500,272,false]},"uagb_author_info":{"display_name":"Reda\u00e7\u00e3o geral","author_link":"https:\/\/blogopara.com.br\/index.php\/author\/blogopara"},"uagb_comment_info":0,"uagb_excerpt":"Um adolesecnte morreu em Camaragibe, na Regi\u00e3o Metropolitana do Recife,\u00a0durante as fortes chuvas\u00a0que assolaram o munic\u00edpio nas \u00faltimas horas. Segundo a prefeitura,\u00a0o \u00f3bito\u00a0de Fillipe Dias Salvador, de 16 anos,\u00a0foi registrado na madrugada desta ter\u00e7a-feira (22). O jovem\u00a0deu entrada no Hospital Aristeu Chaves, no centro da cidade, \u00e0 00h55,\u00a0 segundo a gest\u00e3o municipal,\u00a0apresentando aus\u00eancia de pulso.&hellip;","jetpack_sharing_enabled":true,"jetpack_likes_enabled":true,"_links":{"self":[{"href":"https:\/\/blogopara.com.br\/index.php\/wp-json\/wp\/v2\/posts\/35124","targetHints":{"allow":["GET"]}}],"collection":[{"href":"https:\/\/blogopara.com.br\/index.php\/wp-json\/wp\/v2\/posts"}],"about":[{"href":"https:\/\/blogopara.com.br\/index.php\/wp-json\/wp\/v2\/types\/post"}],"author":[{"embeddable":true,"href":"https:\/\/blogopara.com.br\/index.php\/wp-json\/wp\/v2\/users\/1"}],"replies":[{"embeddable":true,"href":"https:\/\/blogopara.com.br\/index.php\/wp-json\/wp\/v2\/comments?post=35124"}],"version-history":[{"count":1,"href":"https:\/\/blogopara.com.br\/index.php\/wp-json\/wp\/v2\/posts\/35124\/revisions"}],"predecessor-version":[{"id":35126,"href":"https:\/\/blogopara.com.br\/index.php\/wp-json\/wp\/v2\/posts\/35124\/revisions\/35126"}],"wp:featuredmedia":[{"embeddable":true,"href":"https:\/\/blogopara.com.br\/index.php\/wp-json\/wp\/v2\/media\/35125"}],"wp:attachment":[{"href":"https:\/\/blogopara.com.br\/index.php\/wp-json\/wp\/v2\/media?parent=35124"}],"wp:term":[{"taxonomy":"category","embeddable":true,"href":"https:\/\/blogopara.com.br\/index.php\/wp-json\/wp\/v2\/categories?post=35124"},{"taxonomy":"post_tag","embeddable":true,"href":"https:\/\/blogopara.com.br\/index.php\/wp-json\/wp\/v2\/tags?post=35124"}],"curies":[{"name":"wp","href":"https:\/\/api.w.org\/{rel}","templated":true}]}}