{"id":35130,"date":"2022-03-23T07:48:00","date_gmt":"2022-03-23T10:48:00","guid":{"rendered":"https:\/\/blogopara.com.br\/?p=35130"},"modified":"2022-03-22T18:51:08","modified_gmt":"2022-03-22T21:51:08","slug":"juazeiro-registra-55-novos-casos-da-covid-19-nesta-terca-feira","status":"publish","type":"post","link":"https:\/\/blogopara.com.br\/index.php\/2022\/03\/23\/juazeiro-registra-55-novos-casos-da-covid-19-nesta-terca-feira","title":{"rendered":"Juazeiro registra 55 novos casos da Covid-19 nesta ter\u00e7a-feira"},"content":{"rendered":"<p style=\"font-weight: 400; text-align: justify;\">Juazeiro registrou 55 novos casos da Covid-19 nesta ter\u00e7a-feira (22). A informa\u00e7\u00e3o est\u00e1 no boletim epidemiol\u00f3gico da Secretaria Municipal de Sa\u00fade (Sesau). N\u00e3o houve registro de \u00f3bito. Com isso, o munic\u00edpio permanece com 465 mortes provocadas pela doen\u00e7a.<\/p>\n<p style=\"font-weight: 400; text-align: justify;\">De acordo com o levantamento, 25.330 moradores foram infectados desde o in\u00edcio da pandemia na cidade, dos quais 24.440 j\u00e1 est\u00e3o recuperados. Os casos descartados somam 37.315. Juazeiro tem 425 casos ativos do novo coronav\u00edrus.<\/p>\n<p style=\"font-weight: 400; text-align: justify;\">\n<p style=\"font-weight: 400; text-align: justify;\"><strong>Testes<\/strong><\/p>\n<p style=\"font-weight: 400; text-align: justify;\">\n<p style=\"font-weight: 400; text-align: justify;\">Foram realizados desde o in\u00edcio da pandemia 53.705 testes r\u00e1pidos pela prefeitura e 8.427 pelo Lacen, em Salvador.<\/p>\n<p style=\"font-weight: 400; text-align: justify;\">\n<p style=\"font-weight: 400; text-align: justify;\"><strong>Ocupa\u00e7\u00e3o de leitos<\/strong><\/p>\n<p style=\"font-weight: 400; text-align: justify;\">\n<p style=\"font-weight: 400; text-align: justify;\">Na rede hospitalar, o percentual de ocupa\u00e7\u00e3o dos leitos de UTI para Juazeiro na rede PEBA (hospitais de Pernambuco e Bahia) \u00e9 de 30%, com 65 leitos dispon\u00edveis. Somente em Juazeiro, 22% dos leitos de UTI para pacientes com Covid-19 est\u00e3o ocupados, com 7 leitos dispon\u00edveis.<\/p>\n<p style=\"font-weight: 400; text-align: justify;\">\n<p style=\"font-weight: 400; text-align: justify;\">Ascom\/PMJ<\/p>\n","protected":false},"excerpt":{"rendered":"<p>Juazeiro registrou 55 novos casos da Covid-19 nesta ter\u00e7a-feira (22). A informa\u00e7\u00e3o est\u00e1 no boletim epidemiol\u00f3gico da Secretaria Municipal de Sa\u00fade (Sesau). N\u00e3o houve registro de \u00f3bito. Com isso, o munic\u00edpio permanece com 465 mortes provocadas pela doen\u00e7a. De acordo com o levantamento, 25.330 moradores foram infectados desde o in\u00edcio da pandemia na cidade, dos [&hellip;]<\/p>\n","protected":false},"author":1,"featured_media":35131,"comment_status":"closed","ping_status":"open","sticky":false,"template":"","format":"standard","meta":{"_uag_custom_page_level_css":"","_monsterinsights_skip_tracking":false,"_monsterinsights_sitenote_active":false,"_monsterinsights_sitenote_note":"","_monsterinsights_sitenote_category":0,"jetpack_post_was_ever_published":false,"_jetpack_newsletter_access":"","_jetpack_dont_email_post_to_subs":false,"_jetpack_newsletter_tier_id":0,"_jetpack_memberships_contains_paywalled_content":false,"_jetpack_memberships_contains_paid_content":false,"footnotes":"","jetpack_publicize_message":"","jetpack_publicize_feature_enabled":true,"jetpack_social_post_already_shared":true,"jetpack_social_options":{"image_generator_settings":{"template":"highway","default_image_id":0,"font":"","enabled":false},"version":2}},"categories":[203],"tags":[3155,143,8419,5394],"class_list":["post-35130","post","type-post","status-publish","format-standard","has-post-thumbnail","hentry","category-juazeiro","tag-covid-19-2","tag-juazeiro-da-bahia","tag-registra-55-novos-casos","tag-terca-feira"],"jetpack_publicize_connections":[],"jetpack_featured_media_url":"https:\/\/blogopara.com.br\/wp-content\/uploads\/2022\/03\/Boletim-covid-Juazeiro-22.03.jpg","uagb_featured_image_src":{"full":["https:\/\/blogopara.com.br\/wp-content\/uploads\/2022\/03\/Boletim-covid-Juazeiro-22.03.jpg",500,500,false],"thumbnail":["https:\/\/blogopara.com.br\/wp-content\/uploads\/2022\/03\/Boletim-covid-Juazeiro-22.03-150x150.jpg",150,150,true],"medium":["https:\/\/blogopara.com.br\/wp-content\/uploads\/2022\/03\/Boletim-covid-Juazeiro-22.03-300x300.jpg",300,300,true],"medium_large":["https:\/\/blogopara.com.br\/wp-content\/uploads\/2022\/03\/Boletim-covid-Juazeiro-22.03.jpg",500,500,false],"large":["https:\/\/blogopara.com.br\/wp-content\/uploads\/2022\/03\/Boletim-covid-Juazeiro-22.03.jpg",500,500,false],"1536x1536":["https:\/\/blogopara.com.br\/wp-content\/uploads\/2022\/03\/Boletim-covid-Juazeiro-22.03.jpg",500,500,false],"2048x2048":["https:\/\/blogopara.com.br\/wp-content\/uploads\/2022\/03\/Boletim-covid-Juazeiro-22.03.jpg",500,500,false],"mantranews-slider-large":["https:\/\/blogopara.com.br\/wp-content\/uploads\/2022\/03\/Boletim-covid-Juazeiro-22.03.jpg",500,500,false],"mantranews-featured-medium":["https:\/\/blogopara.com.br\/wp-content\/uploads\/2022\/03\/Boletim-covid-Juazeiro-22.03-420x307.jpg",420,307,true],"mantranews-featured-long":["https:\/\/blogopara.com.br\/wp-content\/uploads\/2022\/03\/Boletim-covid-Juazeiro-22.03-300x443.jpg",300,443,true],"mantranews-block-medium":["https:\/\/blogopara.com.br\/wp-content\/uploads\/2022\/03\/Boletim-covid-Juazeiro-22.03-464x290.jpg",464,290,true],"mantranews-carousel-image":["https:\/\/blogopara.com.br\/wp-content\/uploads\/2022\/03\/Boletim-covid-Juazeiro-22.03.jpg",500,500,false],"mantranews-block-thumb":["https:\/\/blogopara.com.br\/wp-content\/uploads\/2022\/03\/Boletim-covid-Juazeiro-22.03-322x230.jpg",322,230,true],"mantranews-single-large":["https:\/\/blogopara.com.br\/wp-content\/uploads\/2022\/03\/Boletim-covid-Juazeiro-22.03.jpg",500,500,false]},"uagb_author_info":{"display_name":"Reda\u00e7\u00e3o geral","author_link":"https:\/\/blogopara.com.br\/index.php\/author\/blogopara"},"uagb_comment_info":0,"uagb_excerpt":"Juazeiro registrou 55 novos casos da Covid-19 nesta ter\u00e7a-feira (22). A informa\u00e7\u00e3o est\u00e1 no boletim epidemiol\u00f3gico da Secretaria Municipal de Sa\u00fade (Sesau). N\u00e3o houve registro de \u00f3bito. Com isso, o munic\u00edpio permanece com 465 mortes provocadas pela doen\u00e7a. De acordo com o levantamento, 25.330 moradores foram infectados desde o in\u00edcio da pandemia na cidade, dos&hellip;","jetpack_sharing_enabled":true,"jetpack_likes_enabled":true,"_links":{"self":[{"href":"https:\/\/blogopara.com.br\/index.php\/wp-json\/wp\/v2\/posts\/35130","targetHints":{"allow":["GET"]}}],"collection":[{"href":"https:\/\/blogopara.com.br\/index.php\/wp-json\/wp\/v2\/posts"}],"about":[{"href":"https:\/\/blogopara.com.br\/index.php\/wp-json\/wp\/v2\/types\/post"}],"author":[{"embeddable":true,"href":"https:\/\/blogopara.com.br\/index.php\/wp-json\/wp\/v2\/users\/1"}],"replies":[{"embeddable":true,"href":"https:\/\/blogopara.com.br\/index.php\/wp-json\/wp\/v2\/comments?post=35130"}],"version-history":[{"count":1,"href":"https:\/\/blogopara.com.br\/index.php\/wp-json\/wp\/v2\/posts\/35130\/revisions"}],"predecessor-version":[{"id":35132,"href":"https:\/\/blogopara.com.br\/index.php\/wp-json\/wp\/v2\/posts\/35130\/revisions\/35132"}],"wp:featuredmedia":[{"embeddable":true,"href":"https:\/\/blogopara.com.br\/index.php\/wp-json\/wp\/v2\/media\/35131"}],"wp:attachment":[{"href":"https:\/\/blogopara.com.br\/index.php\/wp-json\/wp\/v2\/media?parent=35130"}],"wp:term":[{"taxonomy":"category","embeddable":true,"href":"https:\/\/blogopara.com.br\/index.php\/wp-json\/wp\/v2\/categories?post=35130"},{"taxonomy":"post_tag","embeddable":true,"href":"https:\/\/blogopara.com.br\/index.php\/wp-json\/wp\/v2\/tags?post=35130"}],"curies":[{"name":"wp","href":"https:\/\/api.w.org\/{rel}","templated":true}]}}