{"id":35152,"date":"2022-03-23T14:28:00","date_gmt":"2022-03-23T17:28:00","guid":{"rendered":"https:\/\/blogopara.com.br\/?p=35152"},"modified":"2022-03-23T13:06:09","modified_gmt":"2022-03-23T16:06:09","slug":"o-proximo-joaoo-clima-na-base-de-acm-neto-e-de-euforia-e-articulacao-dos-especulados-para-a-vaga-de-vice-governador","status":"publish","type":"post","link":"https:\/\/blogopara.com.br\/index.php\/2022\/03\/23\/o-proximo-joaoo-clima-na-base-de-acm-neto-e-de-euforia-e-articulacao-dos-especulados-para-a-vaga-de-vice-governador","title":{"rendered":"O pr\u00f3ximo Jo\u00e3o:O clima na base de ACM Neto \u00e9 de euforia e  articula\u00e7\u00e3o dos especulados para a vaga de Vice-Governador"},"content":{"rendered":"<p style=\"text-align: justify;\">O clima na base de ACM Neto \u00e9 de euforia completa e muita articula\u00e7\u00e3o dos especulados para a vaga de Vice-Governador, e n\u00e3o deveria ser diferente at\u00e9 porque o refor\u00e7o de peso que Neto anunciou na \u00faltima quinta-feira (17) \u00e9 algo inimagin\u00e1vel olhando o cen\u00e1rio de semanas atr\u00e1s. A frase dita pelo ex-governador mineiro Magalh\u00e3es Pinto nunca fez tanto sentido, realmente \u201cPol\u00edtica \u00e9 como nuvem, voc\u00ea olha para o c\u00e9u e l\u00e1 est\u00e1 ela, em alguns minutos, olha novamente e ela pode n\u00e3o estar mais\u201d e assim foi com Le\u00e3o, Rui olhou e ele (Jo\u00e3o Le\u00e3o) n\u00e3o estava mais.<\/p>\n<p style=\"text-align: justify;\">O PP j\u00e1 desembarcou do governo, e o Governador j\u00e1 tratou de fazer com que isso seja p\u00fablico e not\u00f3rio com as duas folhas de exonera\u00e7\u00f5es que sa\u00edram essa semana, al\u00e9m de ataques velados aos progressistas, inclusive com insinua\u00e7\u00f5es, sem citar nomes, mas com um direcionamento muito obvio, segundo o chefe do executivo baiano, \u201cningu\u00e9m vai colocar faca\u201d em seu pesco\u00e7o. \u201cSe algu\u00e9m colocou faca no pesco\u00e7o de Rui, esse algu\u00e9m foi o senador Jaques Wagner\u201d. Completou Le\u00e3o.<\/p>\n<p style=\"text-align: justify;\">Voltando para a chapa do Ex-Prefeito de Salvador, uma das vagas da majorit\u00e1ria segue indefinida e nos bastidores especula-se que Neto s\u00f3 dever\u00e1 se decidir pr\u00f3ximo das conven\u00e7\u00f5es, em junho ou julho, pensando em tudo isso resta o seguinte questionamento, quem ser\u00e1 o pr\u00f3ximo Jo\u00e3o? Marcelo Nilo, Jos\u00e9 Ronaldo, esse com especula\u00e7\u00f5es recentes na m\u00eddia de que teria sido constatado pelo governo, Jo\u00e3o Gualberto, j\u00e1 lan\u00e7ado a vaga por seu partido, o PSDB, Marcio Marinho, Felix Mendon\u00e7a ou Jo\u00e3o Roma?<\/p>\n<p style=\"text-align: justify;\">O novo Jo\u00e3o poder\u00e1 de fato ser um Jo\u00e3o, pelo menos \u00e9 o que acha o PSDB, aliado de primeira hora do Secret\u00e1rio Geral do Uni\u00e3o Brasil (ACM Neto). O partido sempre esteve ao lado do ex-prefeito de Salvador nas horas de vit\u00f3ria e tamb\u00e9m nas horas mais dif\u00edceis, assim como Jos\u00e9 Ronaldo, um dos cotados e candidato derrotado da \u00faltima elei\u00e7\u00e3o.<\/p>\n<p style=\"text-align: justify;\">No fundo, \u00e9 ineg\u00e1vel que o Pr\u00e9-Candidato ao Pal\u00e1cio de Ondina (ACM Neto) goza dos melhores nomes para a composi\u00e7\u00e3o da chapa, entretanto \u00e9 preciso ter muito jogo de cintura para acomodar tantos aliados.<\/p>\n","protected":false},"excerpt":{"rendered":"<p>O clima na base de ACM Neto \u00e9 de euforia completa e muita articula\u00e7\u00e3o dos especulados para a vaga de Vice-Governador, e n\u00e3o deveria ser diferente at\u00e9 porque o refor\u00e7o de peso que Neto anunciou na \u00faltima quinta-feira (17) \u00e9 algo inimagin\u00e1vel olhando o cen\u00e1rio de semanas atr\u00e1s. A frase dita pelo ex-governador mineiro Magalh\u00e3es [&hellip;]<\/p>\n","protected":false},"author":1,"featured_media":35153,"comment_status":"closed","ping_status":"open","sticky":false,"template":"","format":"standard","meta":{"_uag_custom_page_level_css":"","_monsterinsights_skip_tracking":false,"_monsterinsights_sitenote_active":false,"_monsterinsights_sitenote_note":"","_monsterinsights_sitenote_category":0,"jetpack_post_was_ever_published":false,"_jetpack_newsletter_access":"","_jetpack_dont_email_post_to_subs":false,"_jetpack_newsletter_tier_id":0,"_jetpack_memberships_contains_paywalled_content":false,"_jetpack_memberships_contains_paid_content":false,"footnotes":"","jetpack_publicize_message":"","jetpack_publicize_feature_enabled":true,"jetpack_social_post_already_shared":true,"jetpack_social_options":{"image_generator_settings":{"template":"highway","default_image_id":0,"font":"","enabled":false},"version":2}},"categories":[1535,197],"tags":[4075,8428,3445,8429],"class_list":["post-35152","post","type-post","status-publish","format-standard","has-post-thumbnail","hentry","category-artigo","category-politica","tag-articulacao","tag-especulados","tag-vaga","tag-vice-governador-na-base-de-acm"],"jetpack_publicize_connections":[],"jetpack_featured_media_url":"https:\/\/blogopara.com.br\/wp-content\/uploads\/2022\/03\/WhatsApp-Image-2022-03-23-at-12.03.38.jpeg","uagb_featured_image_src":{"full":["https:\/\/blogopara.com.br\/wp-content\/uploads\/2022\/03\/WhatsApp-Image-2022-03-23-at-12.03.38.jpeg",500,526,false],"thumbnail":["https:\/\/blogopara.com.br\/wp-content\/uploads\/2022\/03\/WhatsApp-Image-2022-03-23-at-12.03.38-150x150.jpeg",150,150,true],"medium":["https:\/\/blogopara.com.br\/wp-content\/uploads\/2022\/03\/WhatsApp-Image-2022-03-23-at-12.03.38-285x300.jpeg",285,300,true],"medium_large":["https:\/\/blogopara.com.br\/wp-content\/uploads\/2022\/03\/WhatsApp-Image-2022-03-23-at-12.03.38.jpeg",500,526,false],"large":["https:\/\/blogopara.com.br\/wp-content\/uploads\/2022\/03\/WhatsApp-Image-2022-03-23-at-12.03.38.jpeg",500,526,false],"1536x1536":["https:\/\/blogopara.com.br\/wp-content\/uploads\/2022\/03\/WhatsApp-Image-2022-03-23-at-12.03.38.jpeg",500,526,false],"2048x2048":["https:\/\/blogopara.com.br\/wp-content\/uploads\/2022\/03\/WhatsApp-Image-2022-03-23-at-12.03.38.jpeg",500,526,false],"mantranews-slider-large":["https:\/\/blogopara.com.br\/wp-content\/uploads\/2022\/03\/WhatsApp-Image-2022-03-23-at-12.03.38.jpeg",500,526,false],"mantranews-featured-medium":["https:\/\/blogopara.com.br\/wp-content\/uploads\/2022\/03\/WhatsApp-Image-2022-03-23-at-12.03.38-420x307.jpeg",420,307,true],"mantranews-featured-long":["https:\/\/blogopara.com.br\/wp-content\/uploads\/2022\/03\/WhatsApp-Image-2022-03-23-at-12.03.38-300x443.jpeg",300,443,true],"mantranews-block-medium":["https:\/\/blogopara.com.br\/wp-content\/uploads\/2022\/03\/WhatsApp-Image-2022-03-23-at-12.03.38-464x290.jpeg",464,290,true],"mantranews-carousel-image":["https:\/\/blogopara.com.br\/wp-content\/uploads\/2022\/03\/WhatsApp-Image-2022-03-23-at-12.03.38-500x500.jpeg",500,500,true],"mantranews-block-thumb":["https:\/\/blogopara.com.br\/wp-content\/uploads\/2022\/03\/WhatsApp-Image-2022-03-23-at-12.03.38-322x230.jpeg",322,230,true],"mantranews-single-large":["https:\/\/blogopara.com.br\/wp-content\/uploads\/2022\/03\/WhatsApp-Image-2022-03-23-at-12.03.38.jpeg",500,526,false]},"uagb_author_info":{"display_name":"Reda\u00e7\u00e3o geral","author_link":"https:\/\/blogopara.com.br\/index.php\/author\/blogopara"},"uagb_comment_info":0,"uagb_excerpt":"O clima na base de ACM Neto \u00e9 de euforia completa e muita articula\u00e7\u00e3o dos especulados para a vaga de Vice-Governador, e n\u00e3o deveria ser diferente at\u00e9 porque o refor\u00e7o de peso que Neto anunciou na \u00faltima quinta-feira (17) \u00e9 algo inimagin\u00e1vel olhando o cen\u00e1rio de semanas atr\u00e1s. A frase dita pelo ex-governador mineiro Magalh\u00e3es&hellip;","jetpack_sharing_enabled":true,"jetpack_likes_enabled":true,"_links":{"self":[{"href":"https:\/\/blogopara.com.br\/index.php\/wp-json\/wp\/v2\/posts\/35152","targetHints":{"allow":["GET"]}}],"collection":[{"href":"https:\/\/blogopara.com.br\/index.php\/wp-json\/wp\/v2\/posts"}],"about":[{"href":"https:\/\/blogopara.com.br\/index.php\/wp-json\/wp\/v2\/types\/post"}],"author":[{"embeddable":true,"href":"https:\/\/blogopara.com.br\/index.php\/wp-json\/wp\/v2\/users\/1"}],"replies":[{"embeddable":true,"href":"https:\/\/blogopara.com.br\/index.php\/wp-json\/wp\/v2\/comments?post=35152"}],"version-history":[{"count":2,"href":"https:\/\/blogopara.com.br\/index.php\/wp-json\/wp\/v2\/posts\/35152\/revisions"}],"predecessor-version":[{"id":35162,"href":"https:\/\/blogopara.com.br\/index.php\/wp-json\/wp\/v2\/posts\/35152\/revisions\/35162"}],"wp:featuredmedia":[{"embeddable":true,"href":"https:\/\/blogopara.com.br\/index.php\/wp-json\/wp\/v2\/media\/35153"}],"wp:attachment":[{"href":"https:\/\/blogopara.com.br\/index.php\/wp-json\/wp\/v2\/media?parent=35152"}],"wp:term":[{"taxonomy":"category","embeddable":true,"href":"https:\/\/blogopara.com.br\/index.php\/wp-json\/wp\/v2\/categories?post=35152"},{"taxonomy":"post_tag","embeddable":true,"href":"https:\/\/blogopara.com.br\/index.php\/wp-json\/wp\/v2\/tags?post=35152"}],"curies":[{"name":"wp","href":"https:\/\/api.w.org\/{rel}","templated":true}]}}