{"id":35265,"date":"2022-03-26T19:48:00","date_gmt":"2022-03-26T22:48:00","guid":{"rendered":"https:\/\/blogopara.com.br\/?p=35265"},"modified":"2022-03-26T16:29:47","modified_gmt":"2022-03-26T19:29:47","slug":"professores-de-juazeiro-receberao-aumento-de-2651-retroativo-aos-meses-de-janeiro-e-fevereiro","status":"publish","type":"post","link":"https:\/\/blogopara.com.br\/index.php\/2022\/03\/26\/professores-de-juazeiro-receberao-aumento-de-2651-retroativo-aos-meses-de-janeiro-e-fevereiro","title":{"rendered":"Professores de Juazeiro receber\u00e3o aumento de 26,51% retroativo aos meses de janeiro e fevereiro"},"content":{"rendered":"<p dir=\"ltr\" style=\"text-align: justify;\">O reajuste salarial de 26,51% dos professores da rede municipal de ensino de Juazeiro, concedido pela atual gest\u00e3o, j\u00e1 ser\u00e1 feito na folha de mar\u00e7o e o retroativo referente aos meses de janeiro e fevereiro ser\u00e1 pago na folha de abril.<\/p>\n<p dir=\"ltr\" style=\"text-align: justify;\">Com o incremento, os professores em in\u00edcio de carreira e carga hor\u00e1ria de 20h, que recebiam R$ 1.454,20 de sal\u00e1rio-base, em 2020, passar\u00e3o a receber R$ 1.922,86, j\u00e1 os que t\u00eam carga hor\u00e1ria de 40h, passam de R$ 2.908,40 para R$ 3.845,73. Os professores veteranos, 20h, que tinham remunera\u00e7\u00e3o de R$ 2.377,22, em 2020, receber\u00e3o R$ 3.143,36, e os efetivos de 40h, passam de 4.754,43, para R$ 6.286,70.<\/p>\n<p dir=\"ltr\" style=\"text-align: justify;\">A secret\u00e1ria de Educa\u00e7\u00e3o e Juventude de Juazeiro, Normeide Carvalho, ressalta que o percentual de aumento concedido pelo Governo Federal aos munic\u00edpios n\u00e3o \u00e9 coerente com o reajuste aplicado pela gest\u00e3o. \u201cHoje todos os munic\u00edpios e estados v\u00eam enfrentando dificuldades para cumprir o percentual de reajuste sugerido pelo Governo Federal sem ferir a lei de responsabilidade fiscal, visto que a contrapartida dada aos munic\u00edpios n\u00e3o \u00e9 coerente a essa sugest\u00e3o, j\u00e1 que tivemos um aumento de menos de 11% nos repasses federais. Mesmo assim conseguimos conceder um dos maiores percentuais da regi\u00e3o, maior at\u00e9 que o percentual concedido aos professores da rede estadual de ensino, que foi de 4%\u201d, explica a gestora.<\/p>\n<p style=\"text-align: justify;\">\n<p dir=\"ltr\" style=\"text-align: justify;\">Progress\u00f5es neste primeiro semestre<\/p>\n<p style=\"text-align: justify;\">\n<p dir=\"ltr\" style=\"text-align: justify;\">O munic\u00edpio prev\u00ea, tamb\u00e9m, para o primeiro semestre de 2022 as avalia\u00e7\u00f5es da categoria, previstas no Plano de Cargos, Carreiras e Remunera\u00e7\u00e3o (PCCR), que\u00a0 que n\u00e3o foram realizadas nos anos de 2018 e 2020. A iniciativa pode resultar em um acr\u00e9scimo de 2,5% a 5% na remunera\u00e7\u00e3o dos servidores.<\/p>\n<p style=\"text-align: justify;\">\n<p dir=\"ltr\" style=\"text-align: justify;\">Valoriza\u00e7\u00e3o do professor<\/p>\n<p style=\"text-align: justify;\">\n<p dir=\"ltr\" style=\"text-align: justify;\">No ano passado, mesmo sem obrigatoriedade, a atual gest\u00e3o concedeu o aumento de 4,52% para a categoria. Al\u00e9m do reajuste, investiu mais de R$ 25 milh\u00f5es, de forma in\u00e9dita na hist\u00f3ria do munic\u00edpio, em pagamento das licen\u00e7as-pr\u00eamio acumuladas dos servidores da educa\u00e7\u00e3o, contemplando mais de mil profissionais. Os professores que solicitaram, tamb\u00e9m receberam 10 dias de f\u00e9rias indenizadas, assim como os contratados n\u00e3o tiveram seus trabalhos suspensos nos meses de janeiro e fevereiro, e os que sa\u00edram receberam suas devidas rescis\u00f5es, estreando um novo cap\u00edtulo na rede, que antes n\u00e3o cumpria com essas obriga\u00e7\u00f5es.<\/p>\n<p style=\"text-align: justify;\">\n<p dir=\"ltr\" style=\"text-align: justify;\">Outras realiza\u00e7\u00f5es<\/p>\n<p style=\"text-align: justify;\">\n<p dir=\"ltr\" style=\"text-align: justify;\">Entre outras a\u00e7\u00f5es implementadas pela atual administra\u00e7\u00e3o, treze escolas ampliadas, climatizadas e com mobili\u00e1rio novo foram entregues no ano passado e outras 16 ser\u00e3o entregues nos pr\u00f3ximos dias para possibilitar melhores condi\u00e7\u00f5es de trabalho, al\u00e9m da realiza\u00e7\u00e3o ap\u00f3s mais de uma d\u00e9cada, do concurso p\u00fablico para professor, com mais de 500 vagas (imediatas e cadastro reserva).<\/p>\n<p dir=\"ltr\" style=\"text-align: justify;\">\n<p dir=\"ltr\" style=\"text-align: justify;\">Ascom\/PMJ<\/p>\n<p dir=\"ltr\" style=\"text-align: justify;\">\n<div class=\"yj6qo\" style=\"text-align: justify;\"><\/div>\n<div class=\"adL\" style=\"text-align: justify;\"><\/div>\n","protected":false},"excerpt":{"rendered":"<p>O reajuste salarial de 26,51% dos professores da rede municipal de ensino de Juazeiro, concedido pela atual gest\u00e3o, j\u00e1 ser\u00e1 feito na folha de mar\u00e7o e o retroativo referente aos meses de janeiro e fevereiro ser\u00e1 pago na folha de abril. Com o incremento, os professores em in\u00edcio de carreira e carga hor\u00e1ria de 20h, [&hellip;]<\/p>\n","protected":false},"author":1,"featured_media":35266,"comment_status":"closed","ping_status":"open","sticky":false,"template":"","format":"standard","meta":{"_uag_custom_page_level_css":"","_monsterinsights_skip_tracking":false,"_monsterinsights_sitenote_active":false,"_monsterinsights_sitenote_note":"","_monsterinsights_sitenote_category":0,"jetpack_post_was_ever_published":false,"_jetpack_newsletter_access":"","_jetpack_dont_email_post_to_subs":false,"_jetpack_newsletter_tier_id":0,"_jetpack_memberships_contains_paywalled_content":false,"_jetpack_memberships_contains_paid_content":false,"footnotes":"","jetpack_publicize_message":"","jetpack_publicize_feature_enabled":true,"jetpack_social_post_already_shared":true,"jetpack_social_options":{"image_generator_settings":{"template":"highway","default_image_id":0,"font":"","enabled":false},"version":2}},"categories":[203],"tags":[8515,8507,8511,8514],"class_list":["post-35265","post","type-post","status-publish","format-standard","has-post-thumbnail","hentry","category-juazeiro","tag-meses-de-janeiro-e-fevereiro","tag-professores-de-juazeiro","tag-receberao-aumento","tag-retroativo"],"jetpack_publicize_connections":[],"jetpack_featured_media_url":"https:\/\/blogopara.com.br\/wp-content\/uploads\/2022\/03\/Rede-municipal-de-ensino-Juazeiro-2.jpeg","uagb_featured_image_src":{"full":["https:\/\/blogopara.com.br\/wp-content\/uploads\/2022\/03\/Rede-municipal-de-ensino-Juazeiro-2.jpeg",500,333,false],"thumbnail":["https:\/\/blogopara.com.br\/wp-content\/uploads\/2022\/03\/Rede-municipal-de-ensino-Juazeiro-2-150x150.jpeg",150,150,true],"medium":["https:\/\/blogopara.com.br\/wp-content\/uploads\/2022\/03\/Rede-municipal-de-ensino-Juazeiro-2-300x200.jpeg",300,200,true],"medium_large":["https:\/\/blogopara.com.br\/wp-content\/uploads\/2022\/03\/Rede-municipal-de-ensino-Juazeiro-2.jpeg",500,333,false],"large":["https:\/\/blogopara.com.br\/wp-content\/uploads\/2022\/03\/Rede-municipal-de-ensino-Juazeiro-2.jpeg",500,333,false],"1536x1536":["https:\/\/blogopara.com.br\/wp-content\/uploads\/2022\/03\/Rede-municipal-de-ensino-Juazeiro-2.jpeg",500,333,false],"2048x2048":["https:\/\/blogopara.com.br\/wp-content\/uploads\/2022\/03\/Rede-municipal-de-ensino-Juazeiro-2.jpeg",500,333,false],"mantranews-slider-large":["https:\/\/blogopara.com.br\/wp-content\/uploads\/2022\/03\/Rede-municipal-de-ensino-Juazeiro-2.jpeg",500,333,false],"mantranews-featured-medium":["https:\/\/blogopara.com.br\/wp-content\/uploads\/2022\/03\/Rede-municipal-de-ensino-Juazeiro-2-420x307.jpeg",420,307,true],"mantranews-featured-long":["https:\/\/blogopara.com.br\/wp-content\/uploads\/2022\/03\/Rede-municipal-de-ensino-Juazeiro-2-300x333.jpeg",300,333,true],"mantranews-block-medium":["https:\/\/blogopara.com.br\/wp-content\/uploads\/2022\/03\/Rede-municipal-de-ensino-Juazeiro-2-464x290.jpeg",464,290,true],"mantranews-carousel-image":["https:\/\/blogopara.com.br\/wp-content\/uploads\/2022\/03\/Rede-municipal-de-ensino-Juazeiro-2.jpeg",500,333,false],"mantranews-block-thumb":["https:\/\/blogopara.com.br\/wp-content\/uploads\/2022\/03\/Rede-municipal-de-ensino-Juazeiro-2-322x230.jpeg",322,230,true],"mantranews-single-large":["https:\/\/blogopara.com.br\/wp-content\/uploads\/2022\/03\/Rede-municipal-de-ensino-Juazeiro-2.jpeg",500,333,false]},"uagb_author_info":{"display_name":"Reda\u00e7\u00e3o geral","author_link":"https:\/\/blogopara.com.br\/index.php\/author\/blogopara"},"uagb_comment_info":0,"uagb_excerpt":"O reajuste salarial de 26,51% dos professores da rede municipal de ensino de Juazeiro, concedido pela atual gest\u00e3o, j\u00e1 ser\u00e1 feito na folha de mar\u00e7o e o retroativo referente aos meses de janeiro e fevereiro ser\u00e1 pago na folha de abril. Com o incremento, os professores em in\u00edcio de carreira e carga hor\u00e1ria de 20h,&hellip;","jetpack_sharing_enabled":true,"jetpack_likes_enabled":true,"_links":{"self":[{"href":"https:\/\/blogopara.com.br\/index.php\/wp-json\/wp\/v2\/posts\/35265","targetHints":{"allow":["GET"]}}],"collection":[{"href":"https:\/\/blogopara.com.br\/index.php\/wp-json\/wp\/v2\/posts"}],"about":[{"href":"https:\/\/blogopara.com.br\/index.php\/wp-json\/wp\/v2\/types\/post"}],"author":[{"embeddable":true,"href":"https:\/\/blogopara.com.br\/index.php\/wp-json\/wp\/v2\/users\/1"}],"replies":[{"embeddable":true,"href":"https:\/\/blogopara.com.br\/index.php\/wp-json\/wp\/v2\/comments?post=35265"}],"version-history":[{"count":1,"href":"https:\/\/blogopara.com.br\/index.php\/wp-json\/wp\/v2\/posts\/35265\/revisions"}],"predecessor-version":[{"id":35267,"href":"https:\/\/blogopara.com.br\/index.php\/wp-json\/wp\/v2\/posts\/35265\/revisions\/35267"}],"wp:featuredmedia":[{"embeddable":true,"href":"https:\/\/blogopara.com.br\/index.php\/wp-json\/wp\/v2\/media\/35266"}],"wp:attachment":[{"href":"https:\/\/blogopara.com.br\/index.php\/wp-json\/wp\/v2\/media?parent=35265"}],"wp:term":[{"taxonomy":"category","embeddable":true,"href":"https:\/\/blogopara.com.br\/index.php\/wp-json\/wp\/v2\/categories?post=35265"},{"taxonomy":"post_tag","embeddable":true,"href":"https:\/\/blogopara.com.br\/index.php\/wp-json\/wp\/v2\/tags?post=35265"}],"curies":[{"name":"wp","href":"https:\/\/api.w.org\/{rel}","templated":true}]}}