{"id":35304,"date":"2022-03-28T11:43:00","date_gmt":"2022-03-28T14:43:00","guid":{"rendered":"https:\/\/blogopara.com.br\/?p=35304"},"modified":"2022-03-28T09:08:30","modified_gmt":"2022-03-28T12:08:30","slug":"rio-sao-francisco-sobradinho-atinge-94-de-sua-capacidade-util","status":"publish","type":"post","link":"https:\/\/blogopara.com.br\/index.php\/2022\/03\/28\/rio-sao-francisco-sobradinho-atinge-94-de-sua-capacidade-util","title":{"rendered":"Rio S\u00e3o Francisco: Sobradinho atinge 94% de sua capacidade \u00fatil"},"content":{"rendered":"<p style=\"text-align: justify;\">O diretor de Opera\u00e7\u00e3o da Companhia Hidro El\u00e9trica do S\u00e3o Francisco, Jo\u00e3o Henrique Franklin, afirmou que Sobradinho dever\u00e1 atingir seu volume \u00fatil m\u00e1ximo j\u00e1 nesta\u00a0semana, entre o final de mar\u00e7o e in\u00edcio de abril.\u00a0<\/p>\n<p style=\"text-align: justify;\">Atualmente, o reservat\u00f3rio encontra-se com 94,4% e uma vaz\u00e3o de sa\u00edda na ordem de 3.000 metros c\u00fabicos por segundo (m\u00b3\/s).<\/p>\n<p style=\"text-align: justify;\">\u201cDeste o dia 24, Xing\u00f3 tem a sua vaz\u00e3o reduzida dos atuais 2.500 m\u00b3\/s para o patamar de 2 mil. Do mesmo modo, ao atingir 100% de sua capacidade, vamos reduzir a vaz\u00e3o de Sobradinho inicialmente para 2.500 m\u00b3\/s, visando a recupera\u00e7\u00e3o do reservat\u00f3rio de Itaparica, que se encontra com 51,83% de seu volume\u201d, afirmou o diretor.<\/p>\n<p style=\"text-align: justify;\">A redu\u00e7\u00e3o da vaz\u00e3o vai assegurar a manuten\u00e7\u00e3o dos reservat\u00f3rios num patamar de seguran\u00e7a h\u00eddrica para o per\u00edodo seco, que seguir\u00e1 de maio a novembro. \u201cCom os reservat\u00f3rios cheios, teremos a tranquilidade da gera\u00e7\u00e3o e do abastecimento humano para usos m\u00faltiplos\u201d, explicou.<\/p>\n<p style=\"text-align: justify;\">\u00a0<\/p>\n<p style=\"text-align: justify;\">Ascom Chesf<\/p>\n<p style=\"text-align: justify;\">\u00a0<\/p>\n","protected":false},"excerpt":{"rendered":"<p>O diretor de Opera\u00e7\u00e3o da Companhia Hidro El\u00e9trica do S\u00e3o Francisco, Jo\u00e3o Henrique Franklin, afirmou que Sobradinho dever\u00e1 atingir seu volume \u00fatil m\u00e1ximo j\u00e1 nesta\u00a0semana, entre o final de mar\u00e7o e in\u00edcio de abril.\u00a0 Atualmente, o reservat\u00f3rio encontra-se com 94,4% e uma vaz\u00e3o de sa\u00edda na ordem de 3.000 metros c\u00fabicos por segundo (m\u00b3\/s). \u201cDeste [&hellip;]<\/p>\n","protected":false},"author":1,"featured_media":30399,"comment_status":"closed","ping_status":"open","sticky":false,"template":"","format":"standard","meta":{"_uag_custom_page_level_css":"","_monsterinsights_skip_tracking":false,"_monsterinsights_sitenote_active":false,"_monsterinsights_sitenote_note":"","_monsterinsights_sitenote_category":0,"jetpack_post_was_ever_published":false,"_jetpack_newsletter_access":"","_jetpack_dont_email_post_to_subs":false,"_jetpack_newsletter_tier_id":0,"_jetpack_memberships_contains_paywalled_content":false,"_jetpack_memberships_contains_paid_content":false,"footnotes":"","jetpack_publicize_message":"","jetpack_publicize_feature_enabled":true,"jetpack_social_post_already_shared":true,"jetpack_social_options":{"image_generator_settings":{"template":"highway","default_image_id":0,"font":"","enabled":false},"version":2}},"categories":[199],"tags":[8543,597,542],"class_list":["post-35304","post","type-post","status-publish","format-standard","has-post-thumbnail","hentry","category-bahia","tag-94-capacidade-util","tag-rio-sao-francisco","tag-sobradinho"],"jetpack_publicize_connections":[],"jetpack_featured_media_url":"https:\/\/blogopara.com.br\/wp-content\/uploads\/2021\/11\/rio-696x416-1.jpeg","uagb_featured_image_src":{"full":["https:\/\/blogopara.com.br\/wp-content\/uploads\/2021\/11\/rio-696x416-1.jpeg",500,298,false],"thumbnail":["https:\/\/blogopara.com.br\/wp-content\/uploads\/2021\/11\/rio-696x416-1-150x150.jpeg",150,150,true],"medium":["https:\/\/blogopara.com.br\/wp-content\/uploads\/2021\/11\/rio-696x416-1-300x179.jpeg",300,179,true],"medium_large":["https:\/\/blogopara.com.br\/wp-content\/uploads\/2021\/11\/rio-696x416-1.jpeg",500,298,false],"large":["https:\/\/blogopara.com.br\/wp-content\/uploads\/2021\/11\/rio-696x416-1.jpeg",500,298,false],"1536x1536":["https:\/\/blogopara.com.br\/wp-content\/uploads\/2021\/11\/rio-696x416-1.jpeg",500,298,false],"2048x2048":["https:\/\/blogopara.com.br\/wp-content\/uploads\/2021\/11\/rio-696x416-1.jpeg",500,298,false],"mantranews-slider-large":["https:\/\/blogopara.com.br\/wp-content\/uploads\/2021\/11\/rio-696x416-1.jpeg",500,298,false],"mantranews-featured-medium":["https:\/\/blogopara.com.br\/wp-content\/uploads\/2021\/11\/rio-696x416-1-420x298.jpeg",420,298,true],"mantranews-featured-long":["https:\/\/blogopara.com.br\/wp-content\/uploads\/2021\/11\/rio-696x416-1-300x298.jpeg",300,298,true],"mantranews-block-medium":["https:\/\/blogopara.com.br\/wp-content\/uploads\/2021\/11\/rio-696x416-1-464x290.jpeg",464,290,true],"mantranews-carousel-image":["https:\/\/blogopara.com.br\/wp-content\/uploads\/2021\/11\/rio-696x416-1.jpeg",500,298,false],"mantranews-block-thumb":["https:\/\/blogopara.com.br\/wp-content\/uploads\/2021\/11\/rio-696x416-1-322x230.jpeg",322,230,true],"mantranews-single-large":["https:\/\/blogopara.com.br\/wp-content\/uploads\/2021\/11\/rio-696x416-1.jpeg",500,298,false]},"uagb_author_info":{"display_name":"Reda\u00e7\u00e3o geral","author_link":"https:\/\/blogopara.com.br\/index.php\/author\/blogopara"},"uagb_comment_info":0,"uagb_excerpt":"O diretor de Opera\u00e7\u00e3o da Companhia Hidro El\u00e9trica do S\u00e3o Francisco, Jo\u00e3o Henrique Franklin, afirmou que Sobradinho dever\u00e1 atingir seu volume \u00fatil m\u00e1ximo j\u00e1 nesta\u00a0semana, entre o final de mar\u00e7o e in\u00edcio de abril.\u00a0 Atualmente, o reservat\u00f3rio encontra-se com 94,4% e uma vaz\u00e3o de sa\u00edda na ordem de 3.000 metros c\u00fabicos por segundo (m\u00b3\/s). \u201cDeste&hellip;","jetpack_sharing_enabled":true,"jetpack_likes_enabled":true,"_links":{"self":[{"href":"https:\/\/blogopara.com.br\/index.php\/wp-json\/wp\/v2\/posts\/35304","targetHints":{"allow":["GET"]}}],"collection":[{"href":"https:\/\/blogopara.com.br\/index.php\/wp-json\/wp\/v2\/posts"}],"about":[{"href":"https:\/\/blogopara.com.br\/index.php\/wp-json\/wp\/v2\/types\/post"}],"author":[{"embeddable":true,"href":"https:\/\/blogopara.com.br\/index.php\/wp-json\/wp\/v2\/users\/1"}],"replies":[{"embeddable":true,"href":"https:\/\/blogopara.com.br\/index.php\/wp-json\/wp\/v2\/comments?post=35304"}],"version-history":[{"count":1,"href":"https:\/\/blogopara.com.br\/index.php\/wp-json\/wp\/v2\/posts\/35304\/revisions"}],"predecessor-version":[{"id":35305,"href":"https:\/\/blogopara.com.br\/index.php\/wp-json\/wp\/v2\/posts\/35304\/revisions\/35305"}],"wp:featuredmedia":[{"embeddable":true,"href":"https:\/\/blogopara.com.br\/index.php\/wp-json\/wp\/v2\/media\/30399"}],"wp:attachment":[{"href":"https:\/\/blogopara.com.br\/index.php\/wp-json\/wp\/v2\/media?parent=35304"}],"wp:term":[{"taxonomy":"category","embeddable":true,"href":"https:\/\/blogopara.com.br\/index.php\/wp-json\/wp\/v2\/categories?post=35304"},{"taxonomy":"post_tag","embeddable":true,"href":"https:\/\/blogopara.com.br\/index.php\/wp-json\/wp\/v2\/tags?post=35304"}],"curies":[{"name":"wp","href":"https:\/\/api.w.org\/{rel}","templated":true}]}}