{"id":35317,"date":"2022-03-28T14:58:57","date_gmt":"2022-03-28T17:58:57","guid":{"rendered":"https:\/\/blogopara.com.br\/?p=35317"},"modified":"2022-03-28T14:59:00","modified_gmt":"2022-03-28T17:59:00","slug":"esquizofrenia-oposicao-em-juazeiro-e-contra-a-obra-da-travessia-urbana","status":"publish","type":"post","link":"https:\/\/blogopara.com.br\/index.php\/2022\/03\/28\/esquizofrenia-oposicao-em-juazeiro-e-contra-a-obra-da-travessia-urbana","title":{"rendered":"Esquizofrenia: Oposi\u00e7\u00e3o em Juazeiro \u00e9 contra a obra da Travessia Urbana"},"content":{"rendered":"<p style=\"text-align: justify;\">A vinda de um ministro do governo Federal a Juazeiro deveria ser motivo de orgulho para todos os juazeirenses que torcem e querem o bem desta terra. E quando esse ministro vem para retomar uma obra important\u00edssima para a cidade, todos deveriam unir-se numa s\u00f3 corrente para que a obra aconte\u00e7a.<\/p>\n<p style=\"text-align: justify;\">Nesta segunda-feira (28) Juazeiro recebeu uma comitiva composta pelos ministros Jo\u00e3o Roma e Tarc\u00edsio Gomes de Freitas, respectivamente do Minist\u00e9rio da Cidadania e do Minist\u00e9rio da Infraestrutura, para uma agenda de compromissos na cidade. O objetivo foi de anunciar o Edital da obra da Travessia Urbana.<\/p>\n<p style=\"text-align: justify;\">Mas no meio do caminho da Travessia Urbana de Juazeiro n\u00e3o tem somente a corrup\u00e7\u00e3o constatada pelo TCU (Tribunal de Contas da Uni\u00e3o) que impediu a sua finaliza\u00e7\u00e3o. Durante a visita dos ministros apareceu algo mais tenebroso do que a corrup\u00e7\u00e3o, membros da fajuta e esquizofr\u00eanica oposi\u00e7\u00e3o em Juazeiro, revelaram todo o seu desamor, desapre\u00e7o e \u00f3dio contra o desenvolvimento da cidade.<\/p>\n<p style=\"text-align: justify;\">Circula nas redes sociais um v\u00eddeo em que uma cidad\u00e3 que n\u00e3o teve o seu nome revelado, interpela em tom exaltado, o ministro Tarc\u00edsio Freitas durante uma visita a ponte presidente Dutra. Num surto esquizofr\u00eanico a mulher disse que a obra da Travessia Urbana iria beneficiar os &#8220;petistas de Juazeiro&#8221;. &#8220;Tarc\u00edsio, Tarc\u00edsio v\u00e3o se aproveitar dessa obra em Juazeiro para eleger os petistas, isso \u00e9 uma farsa, quem est\u00e1 falando \u00e9 uma bolsonarista nata&#8221;. O ministro apenas desdenhou da fala.<\/p>\n<p style=\"text-align: justify;\">N\u00e3o satisfeita com o desdem do ministro Tarc\u00edsio Freitas, a mulher interpela o ministro Jo\u00e3o Roma, &#8220;Roma o senhor vai ser enganado em Juazeiro&#8221;. O ministro respondeu lac\u00f4nico: &#8220;O presidente Bolsonaro trabalha pelo povo!<\/p>\n<p style=\"text-align: justify;\">Quando todos imaginavam que o vexame tinha acabado, ela interpela quase chorando o vereador de Salvador e pr\u00e9-candidato a deputado federal, Alexandre Aleluia, &#8221; Aleluia, Aleluia voc\u00ea deveria ter procurado outro palanque para subir&#8221;, o vereador apenas debocha: &#8220;N\u00e3o, n\u00e3o Juazeiro \u00e9 Jair Bolsonaro!<\/p>\n<p style=\"text-align: justify;\">No final, a odienta oposicionista em Juazeiro deixa as claras que o seu objetivo era convencer os ministros a n\u00e3o realizar a t\u00e3o sonhada obra da Travessia Urbana.<\/p>\n<h4 style=\"text-align: justify;\">A Travessia Urbana de Juazeiro<\/h4>\n<p style=\"text-align: justify;\">O ano era 2013, o ent\u00e3o prefeito de Juazeiro, Isaac Carvalho, se vangloriava de dar in\u00edcio \u00e0 obra da Travessia, a qual segundo ele era a maior obra de mobilidade urbana da hist\u00f3ria da cidade. A obra previa a duplica\u00e7\u00e3o das BRs 407 e 328 em seus respectivos trechos urbanos, al\u00e9m da constru\u00e7\u00e3o de viadutos que trariam Juazeiro ao s\u00e9culo XXI e a colocaria com uma estrutura vi\u00e1ria digna de uma cidade com mais de 200 mil habitantes e um dos maiores entrepostos comerciais do Brasil.<\/p>\n<p style=\"text-align: justify;\">Passados nove anos apenas um pequeno trecho da obra foi executada. Falta de planejamento, suspeitas de pre\u00e7os superfaturados e uma inaptid\u00e3o pol\u00edtica sem igual levaram a esse cen\u00e1rio.<\/p>\n<p style=\"text-align: justify;\">Um trecho urbano da BR-407 ficou durante quase oito anos totalmente na escurid\u00e3o.<\/p>\n","protected":false},"excerpt":{"rendered":"<p>A vinda de um ministro do governo Federal a Juazeiro deveria ser motivo de orgulho para todos os juazeirenses que torcem e querem o bem desta terra. E quando esse ministro vem para retomar uma obra important\u00edssima para a cidade, todos deveriam unir-se numa s\u00f3 corrente para que a obra aconte\u00e7a. Nesta segunda-feira (28) Juazeiro [&hellip;]<\/p>\n","protected":false},"author":1,"featured_media":35320,"comment_status":"closed","ping_status":"open","sticky":false,"template":"","format":"standard","meta":{"_uag_custom_page_level_css":"","_monsterinsights_skip_tracking":false,"_monsterinsights_sitenote_active":false,"_monsterinsights_sitenote_note":"","_monsterinsights_sitenote_category":0,"jetpack_post_was_ever_published":false,"_jetpack_newsletter_access":"","_jetpack_dont_email_post_to_subs":false,"_jetpack_newsletter_tier_id":0,"_jetpack_memberships_contains_paywalled_content":false,"_jetpack_memberships_contains_paid_content":false,"footnotes":"","jetpack_publicize_message":"","jetpack_publicize_feature_enabled":true,"jetpack_social_post_already_shared":true,"jetpack_social_options":{"image_generator_settings":{"template":"highway","default_image_id":0,"font":"","enabled":false},"version":2}},"categories":[203,197],"tags":[],"class_list":["post-35317","post","type-post","status-publish","format-standard","has-post-thumbnail","hentry","category-juazeiro","category-politica"],"jetpack_publicize_connections":[],"jetpack_featured_media_url":"https:\/\/blogopara.com.br\/wp-content\/uploads\/2022\/03\/Travessiaurbanajuaba.jpg","uagb_featured_image_src":{"full":["https:\/\/blogopara.com.br\/wp-content\/uploads\/2022\/03\/Travessiaurbanajuaba.jpg",500,357,false],"thumbnail":["https:\/\/blogopara.com.br\/wp-content\/uploads\/2022\/03\/Travessiaurbanajuaba-150x150.jpg",150,150,true],"medium":["https:\/\/blogopara.com.br\/wp-content\/uploads\/2022\/03\/Travessiaurbanajuaba-300x214.jpg",300,214,true],"medium_large":["https:\/\/blogopara.com.br\/wp-content\/uploads\/2022\/03\/Travessiaurbanajuaba.jpg",500,357,false],"large":["https:\/\/blogopara.com.br\/wp-content\/uploads\/2022\/03\/Travessiaurbanajuaba.jpg",500,357,false],"1536x1536":["https:\/\/blogopara.com.br\/wp-content\/uploads\/2022\/03\/Travessiaurbanajuaba.jpg",500,357,false],"2048x2048":["https:\/\/blogopara.com.br\/wp-content\/uploads\/2022\/03\/Travessiaurbanajuaba.jpg",500,357,false],"mantranews-slider-large":["https:\/\/blogopara.com.br\/wp-content\/uploads\/2022\/03\/Travessiaurbanajuaba.jpg",500,357,false],"mantranews-featured-medium":["https:\/\/blogopara.com.br\/wp-content\/uploads\/2022\/03\/Travessiaurbanajuaba-420x307.jpg",420,307,true],"mantranews-featured-long":["https:\/\/blogopara.com.br\/wp-content\/uploads\/2022\/03\/Travessiaurbanajuaba-300x357.jpg",300,357,true],"mantranews-block-medium":["https:\/\/blogopara.com.br\/wp-content\/uploads\/2022\/03\/Travessiaurbanajuaba-464x290.jpg",464,290,true],"mantranews-carousel-image":["https:\/\/blogopara.com.br\/wp-content\/uploads\/2022\/03\/Travessiaurbanajuaba.jpg",500,357,false],"mantranews-block-thumb":["https:\/\/blogopara.com.br\/wp-content\/uploads\/2022\/03\/Travessiaurbanajuaba-322x230.jpg",322,230,true],"mantranews-single-large":["https:\/\/blogopara.com.br\/wp-content\/uploads\/2022\/03\/Travessiaurbanajuaba.jpg",500,357,false]},"uagb_author_info":{"display_name":"Reda\u00e7\u00e3o geral","author_link":"https:\/\/blogopara.com.br\/index.php\/author\/blogopara"},"uagb_comment_info":0,"uagb_excerpt":"A vinda de um ministro do governo Federal a Juazeiro deveria ser motivo de orgulho para todos os juazeirenses que torcem e querem o bem desta terra. E quando esse ministro vem para retomar uma obra important\u00edssima para a cidade, todos deveriam unir-se numa s\u00f3 corrente para que a obra aconte\u00e7a. Nesta segunda-feira (28) Juazeiro&hellip;","jetpack_sharing_enabled":true,"jetpack_likes_enabled":true,"_links":{"self":[{"href":"https:\/\/blogopara.com.br\/index.php\/wp-json\/wp\/v2\/posts\/35317","targetHints":{"allow":["GET"]}}],"collection":[{"href":"https:\/\/blogopara.com.br\/index.php\/wp-json\/wp\/v2\/posts"}],"about":[{"href":"https:\/\/blogopara.com.br\/index.php\/wp-json\/wp\/v2\/types\/post"}],"author":[{"embeddable":true,"href":"https:\/\/blogopara.com.br\/index.php\/wp-json\/wp\/v2\/users\/1"}],"replies":[{"embeddable":true,"href":"https:\/\/blogopara.com.br\/index.php\/wp-json\/wp\/v2\/comments?post=35317"}],"version-history":[{"count":3,"href":"https:\/\/blogopara.com.br\/index.php\/wp-json\/wp\/v2\/posts\/35317\/revisions"}],"predecessor-version":[{"id":35321,"href":"https:\/\/blogopara.com.br\/index.php\/wp-json\/wp\/v2\/posts\/35317\/revisions\/35321"}],"wp:featuredmedia":[{"embeddable":true,"href":"https:\/\/blogopara.com.br\/index.php\/wp-json\/wp\/v2\/media\/35320"}],"wp:attachment":[{"href":"https:\/\/blogopara.com.br\/index.php\/wp-json\/wp\/v2\/media?parent=35317"}],"wp:term":[{"taxonomy":"category","embeddable":true,"href":"https:\/\/blogopara.com.br\/index.php\/wp-json\/wp\/v2\/categories?post=35317"},{"taxonomy":"post_tag","embeddable":true,"href":"https:\/\/blogopara.com.br\/index.php\/wp-json\/wp\/v2\/tags?post=35317"}],"curies":[{"name":"wp","href":"https:\/\/api.w.org\/{rel}","templated":true}]}}