{"id":35374,"date":"2022-03-29T18:48:00","date_gmt":"2022-03-29T21:48:00","guid":{"rendered":"https:\/\/blogopara.com.br\/?p=35374"},"modified":"2022-03-29T16:30:21","modified_gmt":"2022-03-29T19:30:21","slug":"prefeitura-de-juazeiro-inicia-cadastramento-de-comerciantes-informais-do-residencial-sao-francisco","status":"publish","type":"post","link":"https:\/\/blogopara.com.br\/index.php\/2022\/03\/29\/prefeitura-de-juazeiro-inicia-cadastramento-de-comerciantes-informais-do-residencial-sao-francisco","title":{"rendered":"Prefeitura de Juazeiro inicia cadastramento de comerciantes informais do Residencial S\u00e3o Francisco"},"content":{"rendered":"<p style=\"font-weight: 400; text-align: justify;\">A Prefeitura de Juazeiro, atrav\u00e9s da Secretaria de Meio Ambiente e Ordenamento Urbano (Semaurb), iniciou o cadastramento dos comerciantes informais que atuam dentro do Residencial S\u00e3o Francisco.<\/p>\n<p style=\"font-weight: 400; text-align: justify;\">A atividade \u00e9 uma das etapas do processo de ordenamento urbano no local. Durante o trabalho aproximadamente 70 barracas receberam um selo de identifica\u00e7\u00e3o e 45 comerciantes informais foram cadastrados. A a\u00e7\u00e3o continuar\u00e1 nos pr\u00f3ximos dias at\u00e9 todos os comerciantes serem cadastrados.<\/p>\n<p style=\"font-weight: 400; text-align: justify;\">\u201cAs atividades realizadas no Residencial S\u00e3o Francisco t\u00eam como objetivo ordenar as \u00e1reas p\u00fablicas que foram ocupadas pelo com\u00e9rcio informal durante os anos de exist\u00eancia da citada comunidade. A equipe da Semaurb retornar\u00e1 novamente ao local para concluir o processo de cadastro dos comerciantes que n\u00e3o compareceram nesta a\u00e7\u00e3o\u201d, explicou o assistente social da Semaurb, Francisco Ribeiro Alves.<\/p>\n<p style=\"font-weight: 400; text-align: justify;\">\n<p style=\"font-weight: 400; text-align: justify;\"><strong>Mais organiza\u00e7\u00e3o para o residencial<\/strong><\/p>\n<p style=\"font-weight: 400; text-align: justify;\">\n<p style=\"font-weight: 400; text-align: justify;\">Durante um levantamento realizado este m\u00eas pela equipe de planejamento da Semaurb, em parceria com lideran\u00e7as comunit\u00e1rias, foram contabilizadas aproximadamente 100 barracas de lanches e comercializa\u00e7\u00e3o de outros produtos, instaladas irregularmente em \u00e1reas de uso coletivo da comunidade, como pra\u00e7as, cal\u00e7adas e at\u00e9 a quadra esportiva.<\/p>\n<p style=\"font-weight: 400; text-align: justify;\">A partir desse trabalho, a Semaurb est\u00e1 ouvindo moradores e comerciantes para estabelecer o ordenamento urbano da comunidade.<\/p>\n<p style=\"font-weight: 400; text-align: justify;\">\u201cA receptividade dos moradores e comerciantes foi boa, eles puderam conversar, tirar d\u00favidas e dar sugest\u00f5es. Ap\u00f3s o cadastro ser finalizado, n\u00f3s vamos fazer o mapeamento da localiza\u00e7\u00e3o dessas barracas, ver a situa\u00e7\u00e3o de cada uma delas, ver se ser\u00e1 preciso realocar algumas, ver a quest\u00e3o do hor\u00e1rio de funcionamento e tamb\u00e9m da polui\u00e7\u00e3o sonora. Esse trabalho \u00e9 importante para termos um diagn\u00f3stico do que est\u00e1 acontecendo no residencial e a partir da\u00ed vamos analisar a situa\u00e7\u00e3o de cada barraca e providenciar a regulariza\u00e7\u00e3o de uso de solo\u201d, pontuou a arquiteta urbanista da Semaurb, S\u00edlvia Braga.<\/p>\n<p style=\"text-align: justify;\">\n<p style=\"font-weight: 400; text-align: justify;\">Ascom\/Semaurb\/PMJ<\/p>\n<p style=\"text-align: justify;\">\n","protected":false},"excerpt":{"rendered":"<p>A Prefeitura de Juazeiro, atrav\u00e9s da Secretaria de Meio Ambiente e Ordenamento Urbano (Semaurb), iniciou o cadastramento dos comerciantes informais que atuam dentro do Residencial S\u00e3o Francisco. A atividade \u00e9 uma das etapas do processo de ordenamento urbano no local. Durante o trabalho aproximadamente 70 barracas receberam um selo de identifica\u00e7\u00e3o e 45 comerciantes informais [&hellip;]<\/p>\n","protected":false},"author":1,"featured_media":35375,"comment_status":"closed","ping_status":"open","sticky":false,"template":"","format":"standard","meta":{"_uag_custom_page_level_css":"","_monsterinsights_skip_tracking":false,"_monsterinsights_sitenote_active":false,"_monsterinsights_sitenote_note":"","_monsterinsights_sitenote_category":0,"jetpack_post_was_ever_published":false,"_jetpack_newsletter_access":"","_jetpack_dont_email_post_to_subs":false,"_jetpack_newsletter_tier_id":0,"_jetpack_memberships_contains_paywalled_content":false,"_jetpack_memberships_contains_paid_content":false,"footnotes":"","jetpack_publicize_message":"","jetpack_publicize_feature_enabled":true,"jetpack_social_post_already_shared":true,"jetpack_social_options":{"image_generator_settings":{"template":"highway","default_image_id":0,"font":"","enabled":false},"version":2}},"categories":[203],"tags":[8587,8586,340,2549],"class_list":["post-35374","post","type-post","status-publish","format-standard","has-post-thumbnail","hentry","category-juazeiro","tag-comerciantes-informais","tag-inicia-cadastramento","tag-prefeitura-de-juazeiro","tag-residencial-sao-francisco-2"],"jetpack_publicize_connections":[],"jetpack_featured_media_url":"https:\/\/blogopara.com.br\/wp-content\/uploads\/2022\/03\/CADASTRO-BARRACAS-RESIDENCIAL-5.jpeg","uagb_featured_image_src":{"full":["https:\/\/blogopara.com.br\/wp-content\/uploads\/2022\/03\/CADASTRO-BARRACAS-RESIDENCIAL-5.jpeg",500,545,false],"thumbnail":["https:\/\/blogopara.com.br\/wp-content\/uploads\/2022\/03\/CADASTRO-BARRACAS-RESIDENCIAL-5-150x150.jpeg",150,150,true],"medium":["https:\/\/blogopara.com.br\/wp-content\/uploads\/2022\/03\/CADASTRO-BARRACAS-RESIDENCIAL-5-275x300.jpeg",275,300,true],"medium_large":["https:\/\/blogopara.com.br\/wp-content\/uploads\/2022\/03\/CADASTRO-BARRACAS-RESIDENCIAL-5.jpeg",500,545,false],"large":["https:\/\/blogopara.com.br\/wp-content\/uploads\/2022\/03\/CADASTRO-BARRACAS-RESIDENCIAL-5.jpeg",500,545,false],"1536x1536":["https:\/\/blogopara.com.br\/wp-content\/uploads\/2022\/03\/CADASTRO-BARRACAS-RESIDENCIAL-5.jpeg",500,545,false],"2048x2048":["https:\/\/blogopara.com.br\/wp-content\/uploads\/2022\/03\/CADASTRO-BARRACAS-RESIDENCIAL-5.jpeg",500,545,false],"mantranews-slider-large":["https:\/\/blogopara.com.br\/wp-content\/uploads\/2022\/03\/CADASTRO-BARRACAS-RESIDENCIAL-5.jpeg",500,545,false],"mantranews-featured-medium":["https:\/\/blogopara.com.br\/wp-content\/uploads\/2022\/03\/CADASTRO-BARRACAS-RESIDENCIAL-5-420x307.jpeg",420,307,true],"mantranews-featured-long":["https:\/\/blogopara.com.br\/wp-content\/uploads\/2022\/03\/CADASTRO-BARRACAS-RESIDENCIAL-5-300x443.jpeg",300,443,true],"mantranews-block-medium":["https:\/\/blogopara.com.br\/wp-content\/uploads\/2022\/03\/CADASTRO-BARRACAS-RESIDENCIAL-5-464x290.jpeg",464,290,true],"mantranews-carousel-image":["https:\/\/blogopara.com.br\/wp-content\/uploads\/2022\/03\/CADASTRO-BARRACAS-RESIDENCIAL-5-500x500.jpeg",500,500,true],"mantranews-block-thumb":["https:\/\/blogopara.com.br\/wp-content\/uploads\/2022\/03\/CADASTRO-BARRACAS-RESIDENCIAL-5-322x230.jpeg",322,230,true],"mantranews-single-large":["https:\/\/blogopara.com.br\/wp-content\/uploads\/2022\/03\/CADASTRO-BARRACAS-RESIDENCIAL-5.jpeg",500,545,false]},"uagb_author_info":{"display_name":"Reda\u00e7\u00e3o geral","author_link":"https:\/\/blogopara.com.br\/index.php\/author\/blogopara"},"uagb_comment_info":0,"uagb_excerpt":"A Prefeitura de Juazeiro, atrav\u00e9s da Secretaria de Meio Ambiente e Ordenamento Urbano (Semaurb), iniciou o cadastramento dos comerciantes informais que atuam dentro do Residencial S\u00e3o Francisco. A atividade \u00e9 uma das etapas do processo de ordenamento urbano no local. Durante o trabalho aproximadamente 70 barracas receberam um selo de identifica\u00e7\u00e3o e 45 comerciantes informais&hellip;","jetpack_sharing_enabled":true,"jetpack_likes_enabled":true,"_links":{"self":[{"href":"https:\/\/blogopara.com.br\/index.php\/wp-json\/wp\/v2\/posts\/35374","targetHints":{"allow":["GET"]}}],"collection":[{"href":"https:\/\/blogopara.com.br\/index.php\/wp-json\/wp\/v2\/posts"}],"about":[{"href":"https:\/\/blogopara.com.br\/index.php\/wp-json\/wp\/v2\/types\/post"}],"author":[{"embeddable":true,"href":"https:\/\/blogopara.com.br\/index.php\/wp-json\/wp\/v2\/users\/1"}],"replies":[{"embeddable":true,"href":"https:\/\/blogopara.com.br\/index.php\/wp-json\/wp\/v2\/comments?post=35374"}],"version-history":[{"count":1,"href":"https:\/\/blogopara.com.br\/index.php\/wp-json\/wp\/v2\/posts\/35374\/revisions"}],"predecessor-version":[{"id":35376,"href":"https:\/\/blogopara.com.br\/index.php\/wp-json\/wp\/v2\/posts\/35374\/revisions\/35376"}],"wp:featuredmedia":[{"embeddable":true,"href":"https:\/\/blogopara.com.br\/index.php\/wp-json\/wp\/v2\/media\/35375"}],"wp:attachment":[{"href":"https:\/\/blogopara.com.br\/index.php\/wp-json\/wp\/v2\/media?parent=35374"}],"wp:term":[{"taxonomy":"category","embeddable":true,"href":"https:\/\/blogopara.com.br\/index.php\/wp-json\/wp\/v2\/categories?post=35374"},{"taxonomy":"post_tag","embeddable":true,"href":"https:\/\/blogopara.com.br\/index.php\/wp-json\/wp\/v2\/tags?post=35374"}],"curies":[{"name":"wp","href":"https:\/\/api.w.org\/{rel}","templated":true}]}}