{"id":35403,"date":"2022-03-30T16:49:00","date_gmt":"2022-03-30T19:49:00","guid":{"rendered":"https:\/\/blogopara.com.br\/?p=35403"},"modified":"2022-03-30T11:58:27","modified_gmt":"2022-03-30T14:58:27","slug":"encontro-literario-vai-receber-um-pai-mae-de-aluno-por-mes-para-contar-historias","status":"publish","type":"post","link":"https:\/\/blogopara.com.br\/index.php\/2022\/03\/30\/encontro-literario-vai-receber-um-pai-mae-de-aluno-por-mes-para-contar-historias","title":{"rendered":"Encontro Liter\u00e1rio vai receber um pai\/m\u00e3e de aluno por m\u00eas para contar hist\u00f3rias"},"content":{"rendered":"<p style=\"text-align: justify;\">As crian\u00e7as do Ensino Fundamental, anos iniciais, do Plenus Col\u00e9gio e Curso, tiveram uma agrad\u00e1vel surpresa na manh\u00e3 desta quarta-feira (30).<\/p>\n<p style=\"text-align: justify;\">O pai do coleguinha Heitor, Thiago Jardim Pereira, um m\u00e9dico e professor universit\u00e1rio, aceitou o convite da escola e fez da sua primeira conta\u00e7\u00e3o de hist\u00f3rias em p\u00fablico uma estreia pra l\u00e1 de animada.<\/p>\n<p style=\"text-align: justify;\">A proposta, que arrancou muitos aplausos e sorrisos, come\u00e7ou com a coordenadora pedag\u00f3gica do Ensino Fundamental, anos iniciais, Cl\u00e1udia de Souza, falando do &#8216;Encontro Liter\u00e1rio&#8217;. O projeto vai acontecer uma vez por m\u00eas, at\u00e9 o final do ano, trazendo sempre um(a) pai\/m\u00e3e de aluno ou escritores regionais para contar hist\u00f3rias.<\/p>\n<p style=\"text-align: justify;\">O pai de Heitor, Thiago Jardim, mandou bem no clima do &#8216;Era uma vez&#8230;&#8217;, enfatizando a mitologia grega. Abriu o encontro com a lenda de Perseu e Andr\u00f4meda, aquela hist\u00f3ria na qual o her\u00f3i mata o monstro mar\u00edtimo Kraken para salvar a princesa. Depois, fez o maior suspense para concluir, em detalhes, a hist\u00f3ria do Aracner, o mito grego sobre o surgimento das aranhas. E, atendendo a pedidos de &#8216;mais a\u00e7\u00e3o&#8217;, encerrou improvisando um conto de terror que falava de um certo primeiro vampiro.<\/p>\n<p style=\"text-align: justify;\">Thiago ficou muito gratificado com a experi\u00eancia, pois viu na iniciativa<br \/>\numa forma de estimular as pessoas a ver o mundo de outra forma. &#8220;Sempre gostei de ler e de contar hist\u00f3rias para meu filho, cujo nome foi inspirado na mitologia grega. E agora, fico mais feliz ainda em compartilhar com outras crian\u00e7as essa alegria e essa emo\u00e7\u00e3o&#8221;, concluiu.<\/p>\n<p style=\"text-align: justify;\">A aluna Maria Luiza, de nove anos, encerrou o encontro com um pedido que resume as impress\u00f5es de toda a turma: &#8220;Conte mais uma&#8230;&#8221;<\/p>\n<p style=\"text-align: justify;\">Clas Comunica\u00e7\u00e3o e Marketing<\/p>\n","protected":false},"excerpt":{"rendered":"<p>As crian\u00e7as do Ensino Fundamental, anos iniciais, do Plenus Col\u00e9gio e Curso, tiveram uma agrad\u00e1vel surpresa na manh\u00e3 desta quarta-feira (30). O pai do coleguinha Heitor, Thiago Jardim Pereira, um m\u00e9dico e professor universit\u00e1rio, aceitou o convite da escola e fez da sua primeira conta\u00e7\u00e3o de hist\u00f3rias em p\u00fablico uma estreia pra l\u00e1 de animada. [&hellip;]<\/p>\n","protected":false},"author":1,"featured_media":35404,"comment_status":"closed","ping_status":"open","sticky":false,"template":"","format":"standard","meta":{"_uag_custom_page_level_css":"","_monsterinsights_skip_tracking":false,"_monsterinsights_sitenote_active":false,"_monsterinsights_sitenote_note":"","_monsterinsights_sitenote_category":0,"jetpack_post_was_ever_published":false,"_jetpack_newsletter_access":"","_jetpack_dont_email_post_to_subs":false,"_jetpack_newsletter_tier_id":0,"_jetpack_memberships_contains_paywalled_content":false,"_jetpack_memberships_contains_paid_content":false,"footnotes":"","jetpack_publicize_message":"","jetpack_publicize_feature_enabled":true,"jetpack_social_post_already_shared":true,"jetpack_social_options":{"image_generator_settings":{"template":"highway","default_image_id":0,"font":"","enabled":false},"version":2}},"categories":[209],"tags":[8610,8607,8609,8608],"class_list":["post-35403","post","type-post","status-publish","format-standard","has-post-thumbnail","hentry","category-educacao","tag-contar-historias","tag-encontro-literario","tag-mensalmente","tag-vai-receber-pai-e-mae"],"jetpack_publicize_connections":[],"jetpack_featured_media_url":"https:\/\/blogopara.com.br\/wp-content\/uploads\/2022\/03\/WhatsApp-Image-2022-03-30-at-10.49.33.jpeg","uagb_featured_image_src":{"full":["https:\/\/blogopara.com.br\/wp-content\/uploads\/2022\/03\/WhatsApp-Image-2022-03-30-at-10.49.33.jpeg",500,333,false],"thumbnail":["https:\/\/blogopara.com.br\/wp-content\/uploads\/2022\/03\/WhatsApp-Image-2022-03-30-at-10.49.33-150x150.jpeg",150,150,true],"medium":["https:\/\/blogopara.com.br\/wp-content\/uploads\/2022\/03\/WhatsApp-Image-2022-03-30-at-10.49.33-300x200.jpeg",300,200,true],"medium_large":["https:\/\/blogopara.com.br\/wp-content\/uploads\/2022\/03\/WhatsApp-Image-2022-03-30-at-10.49.33.jpeg",500,333,false],"large":["https:\/\/blogopara.com.br\/wp-content\/uploads\/2022\/03\/WhatsApp-Image-2022-03-30-at-10.49.33.jpeg",500,333,false],"1536x1536":["https:\/\/blogopara.com.br\/wp-content\/uploads\/2022\/03\/WhatsApp-Image-2022-03-30-at-10.49.33.jpeg",500,333,false],"2048x2048":["https:\/\/blogopara.com.br\/wp-content\/uploads\/2022\/03\/WhatsApp-Image-2022-03-30-at-10.49.33.jpeg",500,333,false],"mantranews-slider-large":["https:\/\/blogopara.com.br\/wp-content\/uploads\/2022\/03\/WhatsApp-Image-2022-03-30-at-10.49.33.jpeg",500,333,false],"mantranews-featured-medium":["https:\/\/blogopara.com.br\/wp-content\/uploads\/2022\/03\/WhatsApp-Image-2022-03-30-at-10.49.33-420x307.jpeg",420,307,true],"mantranews-featured-long":["https:\/\/blogopara.com.br\/wp-content\/uploads\/2022\/03\/WhatsApp-Image-2022-03-30-at-10.49.33-300x333.jpeg",300,333,true],"mantranews-block-medium":["https:\/\/blogopara.com.br\/wp-content\/uploads\/2022\/03\/WhatsApp-Image-2022-03-30-at-10.49.33-464x290.jpeg",464,290,true],"mantranews-carousel-image":["https:\/\/blogopara.com.br\/wp-content\/uploads\/2022\/03\/WhatsApp-Image-2022-03-30-at-10.49.33.jpeg",500,333,false],"mantranews-block-thumb":["https:\/\/blogopara.com.br\/wp-content\/uploads\/2022\/03\/WhatsApp-Image-2022-03-30-at-10.49.33-322x230.jpeg",322,230,true],"mantranews-single-large":["https:\/\/blogopara.com.br\/wp-content\/uploads\/2022\/03\/WhatsApp-Image-2022-03-30-at-10.49.33.jpeg",500,333,false]},"uagb_author_info":{"display_name":"Reda\u00e7\u00e3o geral","author_link":"https:\/\/blogopara.com.br\/index.php\/author\/blogopara"},"uagb_comment_info":0,"uagb_excerpt":"As crian\u00e7as do Ensino Fundamental, anos iniciais, do Plenus Col\u00e9gio e Curso, tiveram uma agrad\u00e1vel surpresa na manh\u00e3 desta quarta-feira (30). O pai do coleguinha Heitor, Thiago Jardim Pereira, um m\u00e9dico e professor universit\u00e1rio, aceitou o convite da escola e fez da sua primeira conta\u00e7\u00e3o de hist\u00f3rias em p\u00fablico uma estreia pra l\u00e1 de animada.&hellip;","jetpack_sharing_enabled":true,"jetpack_likes_enabled":true,"_links":{"self":[{"href":"https:\/\/blogopara.com.br\/index.php\/wp-json\/wp\/v2\/posts\/35403","targetHints":{"allow":["GET"]}}],"collection":[{"href":"https:\/\/blogopara.com.br\/index.php\/wp-json\/wp\/v2\/posts"}],"about":[{"href":"https:\/\/blogopara.com.br\/index.php\/wp-json\/wp\/v2\/types\/post"}],"author":[{"embeddable":true,"href":"https:\/\/blogopara.com.br\/index.php\/wp-json\/wp\/v2\/users\/1"}],"replies":[{"embeddable":true,"href":"https:\/\/blogopara.com.br\/index.php\/wp-json\/wp\/v2\/comments?post=35403"}],"version-history":[{"count":1,"href":"https:\/\/blogopara.com.br\/index.php\/wp-json\/wp\/v2\/posts\/35403\/revisions"}],"predecessor-version":[{"id":35405,"href":"https:\/\/blogopara.com.br\/index.php\/wp-json\/wp\/v2\/posts\/35403\/revisions\/35405"}],"wp:featuredmedia":[{"embeddable":true,"href":"https:\/\/blogopara.com.br\/index.php\/wp-json\/wp\/v2\/media\/35404"}],"wp:attachment":[{"href":"https:\/\/blogopara.com.br\/index.php\/wp-json\/wp\/v2\/media?parent=35403"}],"wp:term":[{"taxonomy":"category","embeddable":true,"href":"https:\/\/blogopara.com.br\/index.php\/wp-json\/wp\/v2\/categories?post=35403"},{"taxonomy":"post_tag","embeddable":true,"href":"https:\/\/blogopara.com.br\/index.php\/wp-json\/wp\/v2\/tags?post=35403"}],"curies":[{"name":"wp","href":"https:\/\/api.w.org\/{rel}","templated":true}]}}