{"id":35412,"date":"2022-03-30T18:09:45","date_gmt":"2022-03-30T21:09:45","guid":{"rendered":"https:\/\/blogopara.com.br\/?p=35412"},"modified":"2022-03-30T18:09:47","modified_gmt":"2022-03-30T21:09:47","slug":"e-agora-tcm-decide-que-reajuste-de-3324-nao-precisa-ser-dado-a-todas-as-faixas-salariais-dos-professores","status":"publish","type":"post","link":"https:\/\/blogopara.com.br\/index.php\/2022\/03\/30\/e-agora-tcm-decide-que-reajuste-de-3324-nao-precisa-ser-dado-a-todas-as-faixas-salariais-dos-professores","title":{"rendered":"E agora? TCM decide que reajuste de 33,24% n\u00e3o precisa ser dado a todas as faixas salariais dos professores."},"content":{"rendered":"\n<p style=\"text-align: justify;\">Nas \u00faltimas semanas houve intensa movimenta\u00e7\u00e3o e mobiliza\u00e7\u00e3o dos professores da rede municipal de educa\u00e7\u00e3o, inclusive com a decreta\u00e7\u00e3o de greve, que se encerrou na \u00faltima segunda-feira (28), ap\u00f3s o movimento ser julgado ilegal pelo Tribunal de Justi\u00e7a do Estado da Bahia, sob pena de multa di\u00e1ria de R$ 1.000,00 (mil reais) em caso de descumprimento.<\/p>\n<p style=\"text-align: justify;\">A luta dos professores sempre ser\u00e1 legitima, pois nacionalmente ainda se tem sal\u00e1rios e condi\u00e7\u00f5es de trabalho indignos e insalubres.<\/p>\n<p style=\"text-align: justify;\">Uma consulta realizada pela Uni\u00e3o dos Munic\u00edpios da Bahia (UPB), junto ao Tribunal de Contas dos Munic\u00edpios (TCM) publicada nesta quarta-feira (30), versa sobre o reajuste do piso salarial do magist\u00e9rio. O TCM respondeu que o percentual de 33,24% deve ser aplicado para alcan\u00e7ar o sal\u00e1rio base de R$3.845,63 por 40 horas semanais. Com isso, as prefeituras t\u00eam por dever acatar o piso m\u00ednimo sem a obriga\u00e7\u00e3o de conceder o aumento nas mesmas propor\u00e7\u00f5es \u00e0s demais faixas salariais dos professores, informa o Tribunal.<\/p>\n<p style=\"text-align: justify;\">Isso sempre foi claro e cristalino de doer aos olhos. Quando o Presidente da Rep\u00fablica, Jair Bolsonaro assinou a portaria que estabeleceu o novo valor do Piso Salarial Profissional Nacional para os Profissionais do Magist\u00e9rio P\u00fablico da Educa\u00e7\u00e3o B\u00e1sica, em 04 de fevereiro, era um reajuste do piso e n\u00e3o de sal\u00e1rios.<\/p>\n<p style=\"text-align: justify;\">O piso nacional da categoria \u00e9 o valor m\u00ednimo que deve ser pago aos professores do magist\u00e9rio p\u00fablico da educa\u00e7\u00e3o b\u00e1sica, em in\u00edcio de carreira, para a jornada de no m\u00e1ximo 40 horas semanais. A Lei 11.738 de 2008, que institui o piso, estabelece que os reajustes devem ocorrer a cada ano, em janeiro.<\/p>\n<p style=\"text-align: justify;\">Veja o resumo das principais orienta\u00e7\u00f5es do Parecer do TCM sobre o piso dos professores:<\/p>\n<p style=\"text-align: justify;\">01 &#8211; O valor de R$ 3.845,63 (Tr\u00eas mil, oitocentos e quarenta e cinco reais e sessenta e tr\u00eas centavos) deve ser atendido pelos munic\u00edpios como piso salarial para professor com 40hs;<\/p>\n<p style=\"text-align: justify;\">02 \u2013 O &#8220;posicionamento do Supremo Tribunal Federal no julgamento da ADI 4167\/DF, no sentido de que o piso previsto na Lei Federal n\u00e3o implica &#8220;em reajuste geral para toda a carreira do magist\u00e9rio, visto que n\u00e3o h\u00e1 nenhuma determina\u00e7\u00e3o na Lei Federal de incid\u00eancia escalonada com aplica\u00e7\u00e3o dos mesmos \u00edndices utilizados para a classe inicial da carreira&#8221;.<\/p>\n<p style=\"text-align: justify;\">03 &#8211; \u00c9 necess\u00e1rio publicar lei municipal para a determina\u00e7\u00e3o do novo piso e qualquer altera\u00e7\u00e3o remunerat\u00f3ria;<\/p>\n<p style=\"text-align: justify;\">A defini\u00e7\u00e3o do Tribunal de Contas ser\u00e1 balizadora para a negocia\u00e7\u00e3o dos munic\u00edpios com a categoria no reajuste salarial concedido anualmente.<\/p>\n<p style=\"text-align: justify;\">Um internauta comentou a mat\u00e9ria no blog de Geraldo Jos\u00e9 ironizando APLB e o vereador Alex Tanuri: &#8220;Voc\u00eas acham que o rolo compressor de vcs furou o pneu, vcs n\u00e3o seguia a lei, e acha que o governo de Suzana n\u00e3o vai seguir a lei, o TCM \u00e9 claro no seu parecer. N\u00e3o a obrigatoriedade de da reajuste al\u00e9m do piso, a prefeita foi muito boa com os professores, deu 11%&#8221;.<\/p>\nFonte de informa\u00e7\u00f5es: RedeGN\n\n","protected":false},"excerpt":{"rendered":"<p>Nas \u00faltimas semanas houve intensa movimenta\u00e7\u00e3o e mobiliza\u00e7\u00e3o dos professores da rede municipal de educa\u00e7\u00e3o, inclusive com a decreta\u00e7\u00e3o de greve, que se encerrou na \u00faltima segunda-feira (28), ap\u00f3s o movimento ser julgado ilegal pelo Tribunal de Justi\u00e7a do Estado da Bahia, sob pena de multa di\u00e1ria de R$ 1.000,00 (mil reais) em caso de [&hellip;]<\/p>\n","protected":false},"author":1,"featured_media":35417,"comment_status":"closed","ping_status":"open","sticky":false,"template":"","format":"standard","meta":{"_uag_custom_page_level_css":"","_monsterinsights_skip_tracking":false,"_monsterinsights_sitenote_active":false,"_monsterinsights_sitenote_note":"","_monsterinsights_sitenote_category":0,"jetpack_post_was_ever_published":false,"_jetpack_newsletter_access":"","_jetpack_dont_email_post_to_subs":false,"_jetpack_newsletter_tier_id":0,"_jetpack_memberships_contains_paywalled_content":false,"_jetpack_memberships_contains_paid_content":false,"footnotes":"","jetpack_publicize_message":"","jetpack_publicize_feature_enabled":true,"jetpack_social_post_already_shared":true,"jetpack_social_options":{"image_generator_settings":{"template":"highway","default_image_id":0,"font":"","enabled":false},"version":2}},"categories":[209,203],"tags":[],"class_list":["post-35412","post","type-post","status-publish","format-standard","has-post-thumbnail","hentry","category-educacao","category-juazeiro"],"jetpack_publicize_connections":[],"jetpack_featured_media_url":"https:\/\/blogopara.com.br\/wp-content\/uploads\/2022\/03\/ffffg.jpg","uagb_featured_image_src":{"full":["https:\/\/blogopara.com.br\/wp-content\/uploads\/2022\/03\/ffffg.jpg",500,500,false],"thumbnail":["https:\/\/blogopara.com.br\/wp-content\/uploads\/2022\/03\/ffffg-150x150.jpg",150,150,true],"medium":["https:\/\/blogopara.com.br\/wp-content\/uploads\/2022\/03\/ffffg-300x300.jpg",300,300,true],"medium_large":["https:\/\/blogopara.com.br\/wp-content\/uploads\/2022\/03\/ffffg.jpg",500,500,false],"large":["https:\/\/blogopara.com.br\/wp-content\/uploads\/2022\/03\/ffffg.jpg",500,500,false],"1536x1536":["https:\/\/blogopara.com.br\/wp-content\/uploads\/2022\/03\/ffffg.jpg",500,500,false],"2048x2048":["https:\/\/blogopara.com.br\/wp-content\/uploads\/2022\/03\/ffffg.jpg",500,500,false],"mantranews-slider-large":["https:\/\/blogopara.com.br\/wp-content\/uploads\/2022\/03\/ffffg.jpg",500,500,false],"mantranews-featured-medium":["https:\/\/blogopara.com.br\/wp-content\/uploads\/2022\/03\/ffffg-420x307.jpg",420,307,true],"mantranews-featured-long":["https:\/\/blogopara.com.br\/wp-content\/uploads\/2022\/03\/ffffg-300x443.jpg",300,443,true],"mantranews-block-medium":["https:\/\/blogopara.com.br\/wp-content\/uploads\/2022\/03\/ffffg-464x290.jpg",464,290,true],"mantranews-carousel-image":["https:\/\/blogopara.com.br\/wp-content\/uploads\/2022\/03\/ffffg.jpg",500,500,false],"mantranews-block-thumb":["https:\/\/blogopara.com.br\/wp-content\/uploads\/2022\/03\/ffffg-322x230.jpg",322,230,true],"mantranews-single-large":["https:\/\/blogopara.com.br\/wp-content\/uploads\/2022\/03\/ffffg.jpg",500,500,false]},"uagb_author_info":{"display_name":"Reda\u00e7\u00e3o geral","author_link":"https:\/\/blogopara.com.br\/index.php\/author\/blogopara"},"uagb_comment_info":0,"uagb_excerpt":"Nas \u00faltimas semanas houve intensa movimenta\u00e7\u00e3o e mobiliza\u00e7\u00e3o dos professores da rede municipal de educa\u00e7\u00e3o, inclusive com a decreta\u00e7\u00e3o de greve, que se encerrou na \u00faltima segunda-feira (28), ap\u00f3s o movimento ser julgado ilegal pelo Tribunal de Justi\u00e7a do Estado da Bahia, sob pena de multa di\u00e1ria de R$ 1.000,00 (mil reais) em caso de&hellip;","jetpack_sharing_enabled":true,"jetpack_likes_enabled":true,"_links":{"self":[{"href":"https:\/\/blogopara.com.br\/index.php\/wp-json\/wp\/v2\/posts\/35412","targetHints":{"allow":["GET"]}}],"collection":[{"href":"https:\/\/blogopara.com.br\/index.php\/wp-json\/wp\/v2\/posts"}],"about":[{"href":"https:\/\/blogopara.com.br\/index.php\/wp-json\/wp\/v2\/types\/post"}],"author":[{"embeddable":true,"href":"https:\/\/blogopara.com.br\/index.php\/wp-json\/wp\/v2\/users\/1"}],"replies":[{"embeddable":true,"href":"https:\/\/blogopara.com.br\/index.php\/wp-json\/wp\/v2\/comments?post=35412"}],"version-history":[{"count":1,"href":"https:\/\/blogopara.com.br\/index.php\/wp-json\/wp\/v2\/posts\/35412\/revisions"}],"predecessor-version":[{"id":35418,"href":"https:\/\/blogopara.com.br\/index.php\/wp-json\/wp\/v2\/posts\/35412\/revisions\/35418"}],"wp:featuredmedia":[{"embeddable":true,"href":"https:\/\/blogopara.com.br\/index.php\/wp-json\/wp\/v2\/media\/35417"}],"wp:attachment":[{"href":"https:\/\/blogopara.com.br\/index.php\/wp-json\/wp\/v2\/media?parent=35412"}],"wp:term":[{"taxonomy":"category","embeddable":true,"href":"https:\/\/blogopara.com.br\/index.php\/wp-json\/wp\/v2\/categories?post=35412"},{"taxonomy":"post_tag","embeddable":true,"href":"https:\/\/blogopara.com.br\/index.php\/wp-json\/wp\/v2\/tags?post=35412"}],"curies":[{"name":"wp","href":"https:\/\/api.w.org\/{rel}","templated":true}]}}