{"id":35427,"date":"2022-03-31T09:38:00","date_gmt":"2022-03-31T12:38:00","guid":{"rendered":"https:\/\/blogopara.com.br\/?p=35427"},"modified":"2022-03-31T08:28:58","modified_gmt":"2022-03-31T11:28:58","slug":"conselho-municipal-da-juventude-de-juazeiro-elege-nova-mesa-diretiva","status":"publish","type":"post","link":"https:\/\/blogopara.com.br\/index.php\/2022\/03\/31\/conselho-municipal-da-juventude-de-juazeiro-elege-nova-mesa-diretiva","title":{"rendered":"Conselho Municipal da Juventude de Juazeiro elege nova mesa diretiva"},"content":{"rendered":"<p style=\"font-weight: 400; text-align: justify;\">O Conselho Municipal da Juventude de Juazeiro (COMJUV) escolheu, nesta ter\u00e7a-feira (29), a mesa diretiva do colegiado para o mandato 2022\/2023. A nova diretoria ser\u00e1 composta por presidente, vice-presidente, primeiro e segundo secret\u00e1rios.<\/p>\n<p style=\"font-weight: 400; text-align: justify;\">A elei\u00e7\u00e3o aconteceu em reuni\u00e3o ordin\u00e1ria do conselho, que contar\u00e1, agora, com Eliza Alves Sarmento, uma conselheira representante da sociedade civil (Uni\u00e3o Brasileira de Mulheres) como dirigente. Os demais cargos ser\u00e3o ocupados pelo vice-presidente, Leandro Vitor Pereira Barbosa (Secretaria de Cultura, Turismo e Esportes), pelo primeiro secret\u00e1rio, Kauan de Barros Magalh\u00e3es (Movimento Popular), e pelo segundo secret\u00e1rio, Jos\u00e9 Ronaildo Pereira Vieira (Ag\u00eancia de Desenvolvimento Econ\u00f4mico, Agricultura e Pecu\u00e1ria).<\/p>\n<p style=\"font-weight: 400; text-align: justify;\">\n<p style=\"font-weight: 400; text-align: justify;\"><strong>COMJUV<\/strong><\/p>\n<p style=\"font-weight: 400; text-align: justify;\">\n<p style=\"font-weight: 400; text-align: justify;\">O Conselho Municipal da Juventude de Juazeiro \u00e9 um \u00f3rg\u00e3o deliberativo, consultivo, normativo e fiscalizador, que representa um espa\u00e7o de di\u00e1logo entre o Poder P\u00fablico e a sociedade civil. Atrav\u00e9s de seus representantes, o Conselho tem entre seus principais objetivos assessorar o Poder Executivo na formula\u00e7\u00e3o das diretrizes municipais para a constru\u00e7\u00e3o de pol\u00edticas p\u00fablicas voltadas para a juventude.<\/p>\n<p style=\"text-align: justify;\">\n<p style=\"font-weight: 400; text-align: justify;\">Ascom-Sedes<\/p>\n<p style=\"font-weight: 400; text-align: justify;\">\n","protected":false},"excerpt":{"rendered":"<p>O Conselho Municipal da Juventude de Juazeiro (COMJUV) escolheu, nesta ter\u00e7a-feira (29), a mesa diretiva do colegiado para o mandato 2022\/2023. A nova diretoria ser\u00e1 composta por presidente, vice-presidente, primeiro e segundo secret\u00e1rios. A elei\u00e7\u00e3o aconteceu em reuni\u00e3o ordin\u00e1ria do conselho, que contar\u00e1, agora, com Eliza Alves Sarmento, uma conselheira representante da sociedade civil (Uni\u00e3o [&hellip;]<\/p>\n","protected":false},"author":1,"featured_media":35428,"comment_status":"closed","ping_status":"open","sticky":false,"template":"","format":"standard","meta":{"_uag_custom_page_level_css":"","_monsterinsights_skip_tracking":false,"_monsterinsights_sitenote_active":false,"_monsterinsights_sitenote_note":"","_monsterinsights_sitenote_category":0,"jetpack_post_was_ever_published":false,"_jetpack_newsletter_access":"","_jetpack_dont_email_post_to_subs":false,"_jetpack_newsletter_tier_id":0,"_jetpack_memberships_contains_paywalled_content":false,"_jetpack_memberships_contains_paid_content":false,"footnotes":"","jetpack_publicize_message":"","jetpack_publicize_feature_enabled":true,"jetpack_social_post_already_shared":true,"jetpack_social_options":{"image_generator_settings":{"template":"highway","default_image_id":0,"font":"","enabled":false},"version":2}},"categories":[203],"tags":[3070,8620,8619],"class_list":["post-35427","post","type-post","status-publish","format-standard","has-post-thumbnail","hentry","category-juazeiro","tag-conselho-municipal","tag-elege-nova-mesa-diretiva","tag-juventude-de-juazeiro"],"jetpack_publicize_connections":[],"jetpack_featured_media_url":"https:\/\/blogopara.com.br\/wp-content\/uploads\/2022\/03\/COMJUV01.jpg","uagb_featured_image_src":{"full":["https:\/\/blogopara.com.br\/wp-content\/uploads\/2022\/03\/COMJUV01.jpg",500,333,false],"thumbnail":["https:\/\/blogopara.com.br\/wp-content\/uploads\/2022\/03\/COMJUV01-150x150.jpg",150,150,true],"medium":["https:\/\/blogopara.com.br\/wp-content\/uploads\/2022\/03\/COMJUV01-300x200.jpg",300,200,true],"medium_large":["https:\/\/blogopara.com.br\/wp-content\/uploads\/2022\/03\/COMJUV01.jpg",500,333,false],"large":["https:\/\/blogopara.com.br\/wp-content\/uploads\/2022\/03\/COMJUV01.jpg",500,333,false],"1536x1536":["https:\/\/blogopara.com.br\/wp-content\/uploads\/2022\/03\/COMJUV01.jpg",500,333,false],"2048x2048":["https:\/\/blogopara.com.br\/wp-content\/uploads\/2022\/03\/COMJUV01.jpg",500,333,false],"mantranews-slider-large":["https:\/\/blogopara.com.br\/wp-content\/uploads\/2022\/03\/COMJUV01.jpg",500,333,false],"mantranews-featured-medium":["https:\/\/blogopara.com.br\/wp-content\/uploads\/2022\/03\/COMJUV01-420x307.jpg",420,307,true],"mantranews-featured-long":["https:\/\/blogopara.com.br\/wp-content\/uploads\/2022\/03\/COMJUV01-300x333.jpg",300,333,true],"mantranews-block-medium":["https:\/\/blogopara.com.br\/wp-content\/uploads\/2022\/03\/COMJUV01-464x290.jpg",464,290,true],"mantranews-carousel-image":["https:\/\/blogopara.com.br\/wp-content\/uploads\/2022\/03\/COMJUV01.jpg",500,333,false],"mantranews-block-thumb":["https:\/\/blogopara.com.br\/wp-content\/uploads\/2022\/03\/COMJUV01-322x230.jpg",322,230,true],"mantranews-single-large":["https:\/\/blogopara.com.br\/wp-content\/uploads\/2022\/03\/COMJUV01.jpg",500,333,false]},"uagb_author_info":{"display_name":"Reda\u00e7\u00e3o geral","author_link":"https:\/\/blogopara.com.br\/index.php\/author\/blogopara"},"uagb_comment_info":0,"uagb_excerpt":"O Conselho Municipal da Juventude de Juazeiro (COMJUV) escolheu, nesta ter\u00e7a-feira (29), a mesa diretiva do colegiado para o mandato 2022\/2023. A nova diretoria ser\u00e1 composta por presidente, vice-presidente, primeiro e segundo secret\u00e1rios. A elei\u00e7\u00e3o aconteceu em reuni\u00e3o ordin\u00e1ria do conselho, que contar\u00e1, agora, com Eliza Alves Sarmento, uma conselheira representante da sociedade civil (Uni\u00e3o&hellip;","jetpack_sharing_enabled":true,"jetpack_likes_enabled":true,"_links":{"self":[{"href":"https:\/\/blogopara.com.br\/index.php\/wp-json\/wp\/v2\/posts\/35427","targetHints":{"allow":["GET"]}}],"collection":[{"href":"https:\/\/blogopara.com.br\/index.php\/wp-json\/wp\/v2\/posts"}],"about":[{"href":"https:\/\/blogopara.com.br\/index.php\/wp-json\/wp\/v2\/types\/post"}],"author":[{"embeddable":true,"href":"https:\/\/blogopara.com.br\/index.php\/wp-json\/wp\/v2\/users\/1"}],"replies":[{"embeddable":true,"href":"https:\/\/blogopara.com.br\/index.php\/wp-json\/wp\/v2\/comments?post=35427"}],"version-history":[{"count":1,"href":"https:\/\/blogopara.com.br\/index.php\/wp-json\/wp\/v2\/posts\/35427\/revisions"}],"predecessor-version":[{"id":35429,"href":"https:\/\/blogopara.com.br\/index.php\/wp-json\/wp\/v2\/posts\/35427\/revisions\/35429"}],"wp:featuredmedia":[{"embeddable":true,"href":"https:\/\/blogopara.com.br\/index.php\/wp-json\/wp\/v2\/media\/35428"}],"wp:attachment":[{"href":"https:\/\/blogopara.com.br\/index.php\/wp-json\/wp\/v2\/media?parent=35427"}],"wp:term":[{"taxonomy":"category","embeddable":true,"href":"https:\/\/blogopara.com.br\/index.php\/wp-json\/wp\/v2\/categories?post=35427"},{"taxonomy":"post_tag","embeddable":true,"href":"https:\/\/blogopara.com.br\/index.php\/wp-json\/wp\/v2\/tags?post=35427"}],"curies":[{"name":"wp","href":"https:\/\/api.w.org\/{rel}","templated":true}]}}