{"id":3549,"date":"2019-09-30T09:54:47","date_gmt":"2019-09-30T12:54:47","guid":{"rendered":"http:\/\/blogopara.com.br\/?p=3549"},"modified":"2019-09-30T09:54:55","modified_gmt":"2019-09-30T12:54:55","slug":"sob-comando-de-moro-policia-federal-tem-o-menor-numero-de-operacoes-desde-2014","status":"publish","type":"post","link":"https:\/\/blogopara.com.br\/index.php\/2019\/09\/30\/sob-comando-de-moro-policia-federal-tem-o-menor-numero-de-operacoes-desde-2014","title":{"rendered":"Sob comando de Moro, Pol\u00edcia Federal tem o menor n\u00famero de opera\u00e7\u00f5es desde 2014"},"content":{"rendered":"<p style=\"text-align: justify;\">Apesar do presidente Jair Bolsonaro (PSL-RJ) ter sido eleito no ano passado prometendo rigor no combate \u00e0s atividades ilegais, sob o\u00a0comando do ministro Sergio Moro (Justi\u00e7a), a Pol\u00edcia Federal fez no primeiro semestre deste ano a menor quantidade de opera\u00e7\u00f5es desde 2014. O\u00a0<a href=\"https:\/\/www1.folha.uol.com.br\/poder\/2019\/09\/sob-moro-policia-federal-tem-o-menor-numero-de-operacoes-em-5-anos.shtml\">levantamento, divulgado pela Folha<\/a>\u00a0nesta segunda-feira (30), aponta que foram realizadas, entre janeiro e junho, apenas 204 a\u00e7\u00f5es, n\u00famero mais baixo que o registrado nos nove semestres anteriores.<\/p>\n<p style=\"text-align: justify;\">No per\u00edodo entre 2009 e 2019, o pico de produtividade se deu no semestre imediatamente anterior ao de\u00a0estreia de Moro no governo de Jair\u00a0Bolsonaro. Foram 360 a\u00e7\u00f5es entre julho e dezembro de 2018 \u20141,9 por dia.<\/p>\n<p style=\"text-align: justify;\">Na primeira metade do ano passado, a PF fez 269 opera\u00e7\u00f5es, m\u00e9dia de 1,4 por dia, contra 1,1 entre janeiro e junho de 2019.<\/p>\n<p style=\"text-align: justify;\">Em agosto, Bolsonaro anunciou a troca do superintendente do \u00f3rg\u00e3o no Rio, Ricardo Saadi,\u00a0disse ser ele \u201cquem manda\u201d na corpora\u00e7\u00e3o\u00a0e amea\u00e7ou substituir seu diretor-geral, Maur\u00edcio Valeixo, da confian\u00e7a de Moro.<\/p>\n<p style=\"text-align: justify;\">\u201cSe eu trocar hoje [o diretor-geral], qual o problema? Ele \u00e9 subordinado a mim, n\u00e3o ao ministro. Sou eu que indico, est\u00e1 na lei.\u201d<\/p>\n<p style=\"text-align: justify;\">A PF alega que v\u00e1rios fatores podem ter impactado seu desempenho, como a queda de 10% do efetivo policial na ativa desde 2016. E pondera que os n\u00fameros deste ano ainda refletem os resultados de investiga\u00e7\u00f5es feitas em governos anteriores.<\/p>\n<p style=\"text-align: justify;\">Os resultados da atual gest\u00e3o s\u00f3 ficam \u00e0 frente dos registrados at\u00e9 o primeiro semestre de 2014 \u2014quando houve 178 opera\u00e7\u00f5es.<\/p>\n<p style=\"text-align: justify;\">Aquele ano marcou o in\u00edcio da Lava Jato, com maior \u00eanfase de atua\u00e7\u00e3o da PF contra crimes do colarinho branco.<\/p>\n<pre>Fonte F\u00f3rum<\/pre>\n","protected":false},"excerpt":{"rendered":"<p>Os \u00faltimos meses t\u00eam sido marcados por tentativas de interfer\u00eancia de Bolsonaro na pasta do ministro<\/p>\n","protected":false},"author":1,"featured_media":3550,"comment_status":"open","ping_status":"open","sticky":false,"template":"","format":"standard","meta":{"_uag_custom_page_level_css":"","_monsterinsights_skip_tracking":false,"_monsterinsights_sitenote_active":false,"_monsterinsights_sitenote_note":"","_monsterinsights_sitenote_category":0,"jetpack_post_was_ever_published":false,"_jetpack_newsletter_access":"","_jetpack_dont_email_post_to_subs":false,"_jetpack_newsletter_tier_id":0,"_jetpack_memberships_contains_paywalled_content":false,"_jetpack_memberships_contains_paid_content":false,"footnotes":"","jetpack_publicize_message":"","jetpack_publicize_feature_enabled":true,"jetpack_social_post_already_shared":true,"jetpack_social_options":{"image_generator_settings":{"template":"highway","default_image_id":0,"font":"","enabled":false},"version":2}},"categories":[200],"tags":[62,608],"class_list":["post-3549","post","type-post","status-publish","format-standard","has-post-thumbnail","hentry","category-brasil","tag-moro","tag-pf"],"jetpack_publicize_connections":[],"jetpack_featured_media_url":"https:\/\/blogopara.com.br\/wp-content\/uploads\/2019\/09\/download-4-1.jpg","uagb_featured_image_src":{"full":["https:\/\/blogopara.com.br\/wp-content\/uploads\/2019\/09\/download-4-1.jpg",287,176,false],"thumbnail":["https:\/\/blogopara.com.br\/wp-content\/uploads\/2019\/09\/download-4-1-150x150.jpg",150,150,true],"medium":["https:\/\/blogopara.com.br\/wp-content\/uploads\/2019\/09\/download-4-1.jpg",287,176,false],"medium_large":["https:\/\/blogopara.com.br\/wp-content\/uploads\/2019\/09\/download-4-1.jpg",287,176,false],"large":["https:\/\/blogopara.com.br\/wp-content\/uploads\/2019\/09\/download-4-1.jpg",287,176,false],"1536x1536":["https:\/\/blogopara.com.br\/wp-content\/uploads\/2019\/09\/download-4-1.jpg",287,176,false],"2048x2048":["https:\/\/blogopara.com.br\/wp-content\/uploads\/2019\/09\/download-4-1.jpg",287,176,false],"mantranews-slider-large":["https:\/\/blogopara.com.br\/wp-content\/uploads\/2019\/09\/download-4-1.jpg",287,176,false],"mantranews-featured-medium":["https:\/\/blogopara.com.br\/wp-content\/uploads\/2019\/09\/download-4-1.jpg",287,176,false],"mantranews-featured-long":["https:\/\/blogopara.com.br\/wp-content\/uploads\/2019\/09\/download-4-1.jpg",287,176,false],"mantranews-block-medium":["https:\/\/blogopara.com.br\/wp-content\/uploads\/2019\/09\/download-4-1.jpg",287,176,false],"mantranews-carousel-image":["https:\/\/blogopara.com.br\/wp-content\/uploads\/2019\/09\/download-4-1.jpg",287,176,false],"mantranews-block-thumb":["https:\/\/blogopara.com.br\/wp-content\/uploads\/2019\/09\/download-4-1.jpg",287,176,false],"mantranews-single-large":["https:\/\/blogopara.com.br\/wp-content\/uploads\/2019\/09\/download-4-1.jpg",287,176,false]},"uagb_author_info":{"display_name":"Reda\u00e7\u00e3o geral","author_link":"https:\/\/blogopara.com.br\/index.php\/author\/blogopara"},"uagb_comment_info":0,"uagb_excerpt":"Os \u00faltimos meses t\u00eam sido marcados por tentativas de interfer\u00eancia de Bolsonaro na pasta do ministro","jetpack_sharing_enabled":true,"jetpack_likes_enabled":true,"_links":{"self":[{"href":"https:\/\/blogopara.com.br\/index.php\/wp-json\/wp\/v2\/posts\/3549","targetHints":{"allow":["GET"]}}],"collection":[{"href":"https:\/\/blogopara.com.br\/index.php\/wp-json\/wp\/v2\/posts"}],"about":[{"href":"https:\/\/blogopara.com.br\/index.php\/wp-json\/wp\/v2\/types\/post"}],"author":[{"embeddable":true,"href":"https:\/\/blogopara.com.br\/index.php\/wp-json\/wp\/v2\/users\/1"}],"replies":[{"embeddable":true,"href":"https:\/\/blogopara.com.br\/index.php\/wp-json\/wp\/v2\/comments?post=3549"}],"version-history":[{"count":1,"href":"https:\/\/blogopara.com.br\/index.php\/wp-json\/wp\/v2\/posts\/3549\/revisions"}],"predecessor-version":[{"id":3551,"href":"https:\/\/blogopara.com.br\/index.php\/wp-json\/wp\/v2\/posts\/3549\/revisions\/3551"}],"wp:featuredmedia":[{"embeddable":true,"href":"https:\/\/blogopara.com.br\/index.php\/wp-json\/wp\/v2\/media\/3550"}],"wp:attachment":[{"href":"https:\/\/blogopara.com.br\/index.php\/wp-json\/wp\/v2\/media?parent=3549"}],"wp:term":[{"taxonomy":"category","embeddable":true,"href":"https:\/\/blogopara.com.br\/index.php\/wp-json\/wp\/v2\/categories?post=3549"},{"taxonomy":"post_tag","embeddable":true,"href":"https:\/\/blogopara.com.br\/index.php\/wp-json\/wp\/v2\/tags?post=3549"}],"curies":[{"name":"wp","href":"https:\/\/api.w.org\/{rel}","templated":true}]}}