{"id":35495,"date":"2022-04-02T09:45:00","date_gmt":"2022-04-02T12:45:00","guid":{"rendered":"https:\/\/blogopara.com.br\/?p=35495"},"modified":"2022-04-02T08:26:30","modified_gmt":"2022-04-02T11:26:30","slug":"reservatorio-de-sobradinho-chega-a-100-do-volume-util-apos-13-anos","status":"publish","type":"post","link":"https:\/\/blogopara.com.br\/index.php\/2022\/04\/02\/reservatorio-de-sobradinho-chega-a-100-do-volume-util-apos-13-anos","title":{"rendered":"Reservat\u00f3rio de Sobradinho chega a 100% do volume \u00fatil ap\u00f3s 13 anos"},"content":{"rendered":"<div class=\"mc-column content-text active-extra-styles \" data-block-type=\"unstyled\" data-block-weight=\"49\" data-block-id=\"2\">\n<p class=\"content-text__container \" style=\"text-align: justify;\" data-track-category=\"Link no Texto\" data-track-links=\"\">A Companhia Hidro El\u00e9trica do S\u00e3o Francisco (Chesf) informou que, nesta sexta-feira (1\u00ba), o reservat\u00f3rio da Usina Hidrel\u00e9trica de\u00a0<a href=\"https:\/\/g1.globo.com\/ba\/bahia\/cidade\/sobradinho-ba\/\">Sobradinho<\/a>, no norte da Bahia, atingiu 100% de sua capacidade \u2013 34,1 bilh\u00f5es de metros c\u00fabicos d\u2019\u00e1gua.\u00a0<span class=\"highlight highlighted\">Em 2009 foi \u00faltima vez que essa marca foi alcan\u00e7ada, h\u00e1 treze anos.<\/span><\/p>\n<\/div>\n<div class=\"wall protected-content\">\n<div class=\"mc-column content-text active-extra-styles \" style=\"text-align: justify;\" data-block-type=\"unstyled\" data-block-weight=\"53\" data-block-id=\"3\">\n<p class=\"content-text__container \" data-track-category=\"Link no Texto\" data-track-links=\"\">\u201cDesde o in\u00edcio do per\u00edodo \u00famido na bacia do Velho Chico, com fortes chuvas no alto S\u00e3o Francisco, o que se viu foi o aumento gradativo do volume d\u2019\u00e1gua no rio e o ac\u00famulo devidamente monitorado e controlado atrav\u00e9s das vaz\u00f5es nos reservat\u00f3rios da Chesf\u201d, explicou o diretor de Opera\u00e7\u00e3o, Jo\u00e3o Henrique Franklin.<\/p>\n<\/div>\n<div class=\"mc-column content-text active-extra-styles \" style=\"text-align: justify;\" data-block-type=\"unstyled\" data-block-weight=\"38\" data-block-id=\"5\">\n<p class=\"content-text__container \" data-track-category=\"Link no Texto\" data-track-links=\"\">De acordo com diretor de opera\u00e7\u00e3o, este cen\u00e1rio pluviom\u00e9trico levou o maior reservat\u00f3rio do Nordeste \u00e0 totalidade de sua capacidade, com uma vaz\u00e3o de sa\u00edda, atualmente, de 3 mil m\u00b3\/s, que ser\u00e1 mantida at\u00e9 nova avalia\u00e7\u00e3o da Chesf.<\/p>\n<\/div>\n<div class=\"mc-column content-text active-extra-styles \" style=\"text-align: justify;\" data-block-type=\"unstyled\" data-block-weight=\"38\" data-block-id=\"6\">\n<p class=\"content-text__container \" data-track-category=\"Link no Texto\" data-track-links=\"\">\u201cA partir de agora, com os reservat\u00f3rios cheios, teremos um cen\u00e1rio de seguran\u00e7a h\u00eddrica para o per\u00edodo seco, garantindo o atendimento \u00e0 gera\u00e7\u00e3o de energia e aos demais usos m\u00faltiplos da \u00e1gua na Bacia do S\u00e3o Francisco\u201d, afirmou.<\/p>\n<\/div>\n<div class=\"mc-column content-text active-extra-styles \" style=\"text-align: justify;\" data-block-type=\"unstyled\" data-block-weight=\"45\" data-block-id=\"7\">\n<p class=\"content-text__container \" data-track-category=\"Link no Texto\" data-track-links=\"\">Desde janeiro, com a incid\u00eancia das forte de chuvas na bacia, por mais de 50 dias, a\u00a0<a href=\"https:\/\/g1.globo.com\/ba\/bahia\/noticia\/2022\/01\/24\/vazao-da-barragem-de-sobradinho-na-bahia-chega-ao-maior-patamar-dos-ultimos-12-anos.ghtml\">Chesf manteve a vaz\u00e3o em 4 mil m\u00b3\/s<\/a>. O volume foi reduzido no dia 7 de mar\u00e7o para 3.500 m\u00b3\/s e\u00a0<a href=\"https:\/\/g1.globo.com\/ba\/bahia\/noticia\/2022\/03\/10\/chesf-inicia-reducao-da-vazao-de-hidreletrica-de-sobradinho.ghtml\">depois foi para<\/a><a href=\"https:\/\/g1.globo.com\/ba\/bahia\/noticia\/2022\/03\/10\/chesf-inicia-reducao-da-vazao-de-hidreletrica-de-sobradinho.ghtml\"> 3 mil m\u00b3\/s.<\/a><\/p>\n<p class=\"content-text__container \" data-track-category=\"Link no Texto\" data-track-links=\"\"><span style=\"color: initial; font-family: inherit; font-size: revert; font-style: inherit; font-variant-ligatures: inherit; font-variant-caps: inherit; font-weight: inherit; text-align: center;\">A Chesf informou ainda que a redu\u00e7\u00e3o para o atual patamar tem o objetivo de recuperar o n\u00edvel do reservat\u00f3rio de Itaparica (Usina Luiz Gonzaga-PE). A medida preserva o volume seguro em todos os reservat\u00f3rios para suprir as necessidades dos usos m\u00faltiplos e a gera\u00e7\u00e3o de energia durante o per\u00edodo seco, que se inicia em maio e segue at\u00e9 novembro.<\/span><\/p>\n<\/div>\n<div class=\"mc-column content-text active-extra-styles \" style=\"text-align: justify;\" data-block-type=\"unstyled\" data-block-weight=\"44\" data-block-id=\"11\">\n<p class=\"content-text__container \" data-track-category=\"Link no Texto\" data-track-links=\"\">No dia 24 de mar\u00e7o, a Companhia come\u00e7ou a redu\u00e7\u00e3o do vertimento das cascatas do Velho Chico. A Chesf iniciou um per\u00edodo em que toda a vaz\u00e3o praticada nos reservat\u00f3rios ser\u00e1 exclusivamente turbinada para gera\u00e7\u00e3o, conforme necessidade do Operador Nacional do Sistema El\u00e9trico (ONS).<\/p>\n<\/div>\n<div class=\"mc-column content-text active-extra-styles \" data-block-type=\"unstyled\" data-block-weight=\"49\" data-block-id=\"12\">\n<p class=\"content-text__container \" style=\"text-align: justify;\" data-track-category=\"Link no Texto\" data-track-links=\"\">A\u00a0<a href=\"https:\/\/g1.globo.com\/tudo-sobre\/chesf\/\">Chesf\u00a0<\/a>explicou que a situa\u00e7\u00e3o hidrol\u00f3gica \u00e9 permanentemente monitorada, mesmo no per\u00edodo seco que se inicia em maio, podendo haver altera\u00e7\u00f5es das vaz\u00f5es ora praticadas. As mudan\u00e7as ocorrem conforme sejam as necessidades de gera\u00e7\u00e3o de energia apresentadas pelo ONS ou a altera\u00e7\u00e3o dos volumes pluviom\u00e9tricos nas regi\u00f5es.<\/p>\n<p data-track-category=\"Link no Texto\" data-track-links=\"\">\u00a0<\/p>\n<\/div>\n<p data-track-category=\"Link no Texto\" data-track-links=\"\">Por g1 BA<\/p>\n<\/div>\n","protected":false},"excerpt":{"rendered":"<p>A Companhia Hidro El\u00e9trica do S\u00e3o Francisco (Chesf) informou que, nesta sexta-feira (1\u00ba), o reservat\u00f3rio da Usina Hidrel\u00e9trica de\u00a0Sobradinho, no norte da Bahia, atingiu 100% de sua capacidade \u2013 34,1 bilh\u00f5es de metros c\u00fabicos d\u2019\u00e1gua.\u00a0Em 2009 foi \u00faltima vez que essa marca foi alcan\u00e7ada, h\u00e1 treze anos. \u201cDesde o in\u00edcio do per\u00edodo \u00famido na bacia [&hellip;]<\/p>\n","protected":false},"author":1,"featured_media":30399,"comment_status":"closed","ping_status":"open","sticky":false,"template":"","format":"standard","meta":{"_uag_custom_page_level_css":"","_monsterinsights_skip_tracking":false,"_monsterinsights_sitenote_active":false,"_monsterinsights_sitenote_note":"","_monsterinsights_sitenote_category":0,"jetpack_post_was_ever_published":false,"_jetpack_newsletter_access":"","_jetpack_dont_email_post_to_subs":false,"_jetpack_newsletter_tier_id":0,"_jetpack_memberships_contains_paywalled_content":false,"_jetpack_memberships_contains_paid_content":false,"footnotes":"","jetpack_publicize_message":"","jetpack_publicize_feature_enabled":true,"jetpack_social_post_already_shared":true,"jetpack_social_options":{"image_generator_settings":{"template":"highway","default_image_id":0,"font":"","enabled":false},"version":2}},"categories":[199],"tags":[8677,8676,7281],"class_list":["post-35495","post","type-post","status-publish","format-standard","has-post-thumbnail","hentry","category-bahia","tag-apos-13-anos","tag-chega-a-100-do-volume-util-2","tag-reservatorio-de-sobradinho"],"jetpack_publicize_connections":[],"jetpack_featured_media_url":"https:\/\/blogopara.com.br\/wp-content\/uploads\/2021\/11\/rio-696x416-1.jpeg","uagb_featured_image_src":{"full":["https:\/\/blogopara.com.br\/wp-content\/uploads\/2021\/11\/rio-696x416-1.jpeg",500,298,false],"thumbnail":["https:\/\/blogopara.com.br\/wp-content\/uploads\/2021\/11\/rio-696x416-1-150x150.jpeg",150,150,true],"medium":["https:\/\/blogopara.com.br\/wp-content\/uploads\/2021\/11\/rio-696x416-1-300x179.jpeg",300,179,true],"medium_large":["https:\/\/blogopara.com.br\/wp-content\/uploads\/2021\/11\/rio-696x416-1.jpeg",500,298,false],"large":["https:\/\/blogopara.com.br\/wp-content\/uploads\/2021\/11\/rio-696x416-1.jpeg",500,298,false],"1536x1536":["https:\/\/blogopara.com.br\/wp-content\/uploads\/2021\/11\/rio-696x416-1.jpeg",500,298,false],"2048x2048":["https:\/\/blogopara.com.br\/wp-content\/uploads\/2021\/11\/rio-696x416-1.jpeg",500,298,false],"mantranews-slider-large":["https:\/\/blogopara.com.br\/wp-content\/uploads\/2021\/11\/rio-696x416-1.jpeg",500,298,false],"mantranews-featured-medium":["https:\/\/blogopara.com.br\/wp-content\/uploads\/2021\/11\/rio-696x416-1-420x298.jpeg",420,298,true],"mantranews-featured-long":["https:\/\/blogopara.com.br\/wp-content\/uploads\/2021\/11\/rio-696x416-1-300x298.jpeg",300,298,true],"mantranews-block-medium":["https:\/\/blogopara.com.br\/wp-content\/uploads\/2021\/11\/rio-696x416-1-464x290.jpeg",464,290,true],"mantranews-carousel-image":["https:\/\/blogopara.com.br\/wp-content\/uploads\/2021\/11\/rio-696x416-1.jpeg",500,298,false],"mantranews-block-thumb":["https:\/\/blogopara.com.br\/wp-content\/uploads\/2021\/11\/rio-696x416-1-322x230.jpeg",322,230,true],"mantranews-single-large":["https:\/\/blogopara.com.br\/wp-content\/uploads\/2021\/11\/rio-696x416-1.jpeg",500,298,false]},"uagb_author_info":{"display_name":"Reda\u00e7\u00e3o geral","author_link":"https:\/\/blogopara.com.br\/index.php\/author\/blogopara"},"uagb_comment_info":0,"uagb_excerpt":"A Companhia Hidro El\u00e9trica do S\u00e3o Francisco (Chesf) informou que, nesta sexta-feira (1\u00ba), o reservat\u00f3rio da Usina Hidrel\u00e9trica de\u00a0Sobradinho, no norte da Bahia, atingiu 100% de sua capacidade \u2013 34,1 bilh\u00f5es de metros c\u00fabicos d\u2019\u00e1gua.\u00a0Em 2009 foi \u00faltima vez que essa marca foi alcan\u00e7ada, h\u00e1 treze anos. \u201cDesde o in\u00edcio do per\u00edodo \u00famido na bacia&hellip;","jetpack_sharing_enabled":true,"jetpack_likes_enabled":true,"_links":{"self":[{"href":"https:\/\/blogopara.com.br\/index.php\/wp-json\/wp\/v2\/posts\/35495","targetHints":{"allow":["GET"]}}],"collection":[{"href":"https:\/\/blogopara.com.br\/index.php\/wp-json\/wp\/v2\/posts"}],"about":[{"href":"https:\/\/blogopara.com.br\/index.php\/wp-json\/wp\/v2\/types\/post"}],"author":[{"embeddable":true,"href":"https:\/\/blogopara.com.br\/index.php\/wp-json\/wp\/v2\/users\/1"}],"replies":[{"embeddable":true,"href":"https:\/\/blogopara.com.br\/index.php\/wp-json\/wp\/v2\/comments?post=35495"}],"version-history":[{"count":1,"href":"https:\/\/blogopara.com.br\/index.php\/wp-json\/wp\/v2\/posts\/35495\/revisions"}],"predecessor-version":[{"id":35496,"href":"https:\/\/blogopara.com.br\/index.php\/wp-json\/wp\/v2\/posts\/35495\/revisions\/35496"}],"wp:featuredmedia":[{"embeddable":true,"href":"https:\/\/blogopara.com.br\/index.php\/wp-json\/wp\/v2\/media\/30399"}],"wp:attachment":[{"href":"https:\/\/blogopara.com.br\/index.php\/wp-json\/wp\/v2\/media?parent=35495"}],"wp:term":[{"taxonomy":"category","embeddable":true,"href":"https:\/\/blogopara.com.br\/index.php\/wp-json\/wp\/v2\/categories?post=35495"},{"taxonomy":"post_tag","embeddable":true,"href":"https:\/\/blogopara.com.br\/index.php\/wp-json\/wp\/v2\/tags?post=35495"}],"curies":[{"name":"wp","href":"https:\/\/api.w.org\/{rel}","templated":true}]}}