{"id":35518,"date":"2022-04-03T08:48:00","date_gmt":"2022-04-03T11:48:00","guid":{"rendered":"https:\/\/blogopara.com.br\/?p=35518"},"modified":"2022-04-03T08:18:15","modified_gmt":"2022-04-03T11:18:15","slug":"motivacao-e-dinamismo-marcam-evento-de-boas-vindas-para-novos-estudantes-do-programa-aprova-juazeiro","status":"publish","type":"post","link":"https:\/\/blogopara.com.br\/index.php\/2022\/04\/03\/motivacao-e-dinamismo-marcam-evento-de-boas-vindas-para-novos-estudantes-do-programa-aprova-juazeiro","title":{"rendered":"Motiva\u00e7\u00e3o e dinamismo marcam evento de boas-vindas para novos estudantes do Programa Aprova Juazeiro"},"content":{"rendered":"<p style=\"text-align: justify;\">\u201cFoi grandiosa a import\u00e2ncia do Aprova em minha vida, porque me permitiu ter acesso a uma educa\u00e7\u00e3o de qualidade, e eu sei que n\u00e3o teria conseguido &nbsp;sozinha alcan\u00e7ar o meu objetivo que \u00e9 cursar Psicologia na Univasf\u201d. Esse \u00e9 o relato de &nbsp;Ra\u00edssa Tayn\u00e1 Riberio Costa, uma das estudantes que integra o grupo de 40 aprovados no vestibular em 2021, com o apoio do \u201cPrograma Aprova Juazeiro\u201d, que neste s\u00e1bado (02) recepcionou os 200 novos alunos para os cursos pr\u00e9-vestibulares de 2022, por meio de uma cerim\u00f4nia de boas-vindas. O evento contou com momentos din\u00e2micos e motivacionais.<\/p>\n<p>Durante a cerim\u00f4nia, os novos alunos puderam &nbsp;ouvir conta\u00e7\u00e3o de hist\u00f3rias e apresenta\u00e7\u00e3o de relatos de experi\u00eancia, al\u00e9m da palestra motivacional \u2018O dia \u00e9 hoje, a hora \u00e9 agora\u201d, conduzida pela publicit\u00e1ria e palestrante, Alessia Saluara, com o objetivo de envolver e estimular os estudantes a serem protagonistas de suas hist\u00f3rias. Tamb\u00e9m foram entregues os materiais did\u00e1ticos para uso durante as aulas.<\/p>\n<p>A ocasi\u00e3o tamb\u00e9m contou com a participa\u00e7\u00e3o da secret\u00e1ria de Educa\u00e7\u00e3o e Juventude, Normeide Almeida, do assessor especial de governo Alan Jones, da equipe da Diretoria de Juventude e Esporte Educacional da Seduc, dos representantes dos cursos pr\u00e9-vestibulares credenciados ao Programa Aprova Juazeiro, Arnaldo C\u00e9sar e Hermiete Saraiva, do patrono da Academia Brasileira de Contadores de Hist\u00f3rias, Willian Soares e da musicista Lara Bless.<\/p>\n<p>A secret\u00e1ria Normeide Almeida destacou a import\u00e2ncia do programa municipal e refor\u00e7ou o empenho da gest\u00e3o Suzana Ramos em promover melhorias na iniciativa, que visa gerar mais oportunidades para estudantes de escolas p\u00fablicas. \u201cA gest\u00e3o municipal tem um olhar especial para a Juventude e considerando a relev\u00e2ncia desse programa, como uma pol\u00edtica p\u00fablica essencial para o jovem, n\u00f3s ampliamos o n\u00famero de vagas este ano. Foram 80 vagas a mais do que nos anos anteriores. Estamos felizes com os resultados que os jovens e, consequentemente, o munic\u00edpio vem conquistando, e desejamos boas-vindas aos novos alunos\u201d, finalizou Normeide.<\/p>\n<p><b>O Programa<\/b><\/p>\n<p>Com o objetivo de garantir aos alunos e egressos da rede p\u00fablica estadual, bolsas de estudo integrais em cursos pr\u00e9-vestibulares gerando mais oportunidade no acesso \u00e0s universidades, este ano o Aprova Juazeiro ofertou cerca de 75% de vagas a mais do que nos anos anteriores.<\/p>\n<p>O estudante Mateus dos Santos Dias esteve no evento e informou ter conhecido o Aprova Juazeiro atrav\u00e9s da indica\u00e7\u00e3o de uma amiga. Ele tamb\u00e9m ressaltou que a iniciativa \u00e9 um apoio a mais nos estudos. \u201c\u00c9 uma experi\u00eancia \u00fanica, pois \u00e9 um sustento, no sentido de suprir as necessidades que tivemos durante o per\u00edodo de pandemia na escola. Eu escolhi o Aprova por me sentir seguro e acolhido pelo Estado\u201d, explicou Mateus.<\/p>\n<p>J\u00e1 a estudante Ana Ang\u00e9lica Lima destacou &nbsp;suas motiva\u00e7\u00f5es com a inciativa. \u201cEu tenho uma meta que \u00e9 passar em um concurso ou em um curso universit\u00e1rio. Escolhi o Aprova por conta das minhas condi\u00e7\u00f5es financeiras e por entender que como estudo no ensino p\u00fablico tenho direito a esse benef\u00edcio\u201d, enfatizou Ana.<\/p>\n<div style=\"text-align: justify;\"><\/div>\n<div style=\"text-align: justify;\"><\/div>\n<div style=\"text-align: justify;\">Seduc\/PMJ<\/div>\n","protected":false},"excerpt":{"rendered":"<p>\u201cFoi grandiosa a import\u00e2ncia do Aprova em minha vida, porque me permitiu ter acesso a uma educa\u00e7\u00e3o de qualidade, e eu sei que n\u00e3o teria conseguido &nbsp;sozinha alcan\u00e7ar o meu objetivo que \u00e9 cursar Psicologia na Univasf\u201d. Esse \u00e9 o relato de &nbsp;Ra\u00edssa Tayn\u00e1 Riberio Costa, uma das estudantes que integra o grupo de 40 [&hellip;]<\/p>\n","protected":false},"author":1,"featured_media":35519,"comment_status":"closed","ping_status":"open","sticky":false,"template":"","format":"standard","meta":{"_uag_custom_page_level_css":"","_monsterinsights_skip_tracking":false,"_monsterinsights_sitenote_active":false,"_monsterinsights_sitenote_note":"","_monsterinsights_sitenote_category":0,"jetpack_post_was_ever_published":false,"_jetpack_newsletter_access":"","_jetpack_dont_email_post_to_subs":false,"_jetpack_newsletter_tier_id":0,"_jetpack_memberships_contains_paywalled_content":false,"_jetpack_memberships_contains_paid_content":false,"footnotes":"","jetpack_publicize_message":"","jetpack_publicize_feature_enabled":true,"jetpack_social_post_already_shared":true,"jetpack_social_options":{"image_generator_settings":{"template":"highway","default_image_id":0,"font":"","enabled":false},"version":2}},"categories":[203],"tags":[8694,8693,8692,8695,3994],"class_list":["post-35518","post","type-post","status-publish","format-standard","has-post-thumbnail","hentry","category-juazeiro","tag-boas-vindas","tag-marcam-evento","tag-motivacao-e-dinamismo","tag-novos-estudantes","tag-programa-aprova-juazeiro"],"jetpack_publicize_connections":[],"jetpack_featured_media_url":"https:\/\/blogopara.com.br\/wp-content\/uploads\/2022\/04\/aprova1.jpg","uagb_featured_image_src":{"full":["https:\/\/blogopara.com.br\/wp-content\/uploads\/2022\/04\/aprova1.jpg",500,333,false],"thumbnail":["https:\/\/blogopara.com.br\/wp-content\/uploads\/2022\/04\/aprova1-150x150.jpg",150,150,true],"medium":["https:\/\/blogopara.com.br\/wp-content\/uploads\/2022\/04\/aprova1-300x200.jpg",300,200,true],"medium_large":["https:\/\/blogopara.com.br\/wp-content\/uploads\/2022\/04\/aprova1.jpg",500,333,false],"large":["https:\/\/blogopara.com.br\/wp-content\/uploads\/2022\/04\/aprova1.jpg",500,333,false],"1536x1536":["https:\/\/blogopara.com.br\/wp-content\/uploads\/2022\/04\/aprova1.jpg",500,333,false],"2048x2048":["https:\/\/blogopara.com.br\/wp-content\/uploads\/2022\/04\/aprova1.jpg",500,333,false],"mantranews-slider-large":["https:\/\/blogopara.com.br\/wp-content\/uploads\/2022\/04\/aprova1.jpg",500,333,false],"mantranews-featured-medium":["https:\/\/blogopara.com.br\/wp-content\/uploads\/2022\/04\/aprova1-420x307.jpg",420,307,true],"mantranews-featured-long":["https:\/\/blogopara.com.br\/wp-content\/uploads\/2022\/04\/aprova1-300x333.jpg",300,333,true],"mantranews-block-medium":["https:\/\/blogopara.com.br\/wp-content\/uploads\/2022\/04\/aprova1-464x290.jpg",464,290,true],"mantranews-carousel-image":["https:\/\/blogopara.com.br\/wp-content\/uploads\/2022\/04\/aprova1.jpg",500,333,false],"mantranews-block-thumb":["https:\/\/blogopara.com.br\/wp-content\/uploads\/2022\/04\/aprova1-322x230.jpg",322,230,true],"mantranews-single-large":["https:\/\/blogopara.com.br\/wp-content\/uploads\/2022\/04\/aprova1.jpg",500,333,false]},"uagb_author_info":{"display_name":"Reda\u00e7\u00e3o geral","author_link":"https:\/\/blogopara.com.br\/index.php\/author\/blogopara"},"uagb_comment_info":0,"uagb_excerpt":"\u201cFoi grandiosa a import\u00e2ncia do Aprova em minha vida, porque me permitiu ter acesso a uma educa\u00e7\u00e3o de qualidade, e eu sei que n\u00e3o teria conseguido &nbsp;sozinha alcan\u00e7ar o meu objetivo que \u00e9 cursar Psicologia na Univasf\u201d. Esse \u00e9 o relato de &nbsp;Ra\u00edssa Tayn\u00e1 Riberio Costa, uma das estudantes que integra o grupo de 40&hellip;","jetpack_sharing_enabled":true,"jetpack_likes_enabled":true,"_links":{"self":[{"href":"https:\/\/blogopara.com.br\/index.php\/wp-json\/wp\/v2\/posts\/35518","targetHints":{"allow":["GET"]}}],"collection":[{"href":"https:\/\/blogopara.com.br\/index.php\/wp-json\/wp\/v2\/posts"}],"about":[{"href":"https:\/\/blogopara.com.br\/index.php\/wp-json\/wp\/v2\/types\/post"}],"author":[{"embeddable":true,"href":"https:\/\/blogopara.com.br\/index.php\/wp-json\/wp\/v2\/users\/1"}],"replies":[{"embeddable":true,"href":"https:\/\/blogopara.com.br\/index.php\/wp-json\/wp\/v2\/comments?post=35518"}],"version-history":[{"count":2,"href":"https:\/\/blogopara.com.br\/index.php\/wp-json\/wp\/v2\/posts\/35518\/revisions"}],"predecessor-version":[{"id":35533,"href":"https:\/\/blogopara.com.br\/index.php\/wp-json\/wp\/v2\/posts\/35518\/revisions\/35533"}],"wp:featuredmedia":[{"embeddable":true,"href":"https:\/\/blogopara.com.br\/index.php\/wp-json\/wp\/v2\/media\/35519"}],"wp:attachment":[{"href":"https:\/\/blogopara.com.br\/index.php\/wp-json\/wp\/v2\/media?parent=35518"}],"wp:term":[{"taxonomy":"category","embeddable":true,"href":"https:\/\/blogopara.com.br\/index.php\/wp-json\/wp\/v2\/categories?post=35518"},{"taxonomy":"post_tag","embeddable":true,"href":"https:\/\/blogopara.com.br\/index.php\/wp-json\/wp\/v2\/tags?post=35518"}],"curies":[{"name":"wp","href":"https:\/\/api.w.org\/{rel}","templated":true}]}}