{"id":35600,"date":"2022-04-05T08:47:00","date_gmt":"2022-04-05T11:47:00","guid":{"rendered":"https:\/\/blogopara.com.br\/?p=35600"},"modified":"2022-04-04T17:44:46","modified_gmt":"2022-04-04T20:44:46","slug":"digitalpe-2-0-na-estrada-chega-a-petrolina","status":"publish","type":"post","link":"https:\/\/blogopara.com.br\/index.php\/2022\/04\/05\/digitalpe-2-0-na-estrada-chega-a-petrolina","title":{"rendered":"DigitalPE 2.0 na Estrada chega a Petrolina"},"content":{"rendered":"<p style=\"text-align: justify;\">No dia 7 de abril, o Porto Digital chega a Petrolina para realizar um evento gratuito para conectar empres\u00e1rios e empresas do Sert\u00e3o do S\u00e3o Francisco \u00e0 equipe de inova\u00e7\u00e3o do parque tecnol\u00f3gico. A atividade ser\u00e1 realizada no Cineteatro da Univasf a partir das 17h. As inscri\u00e7\u00f5es podem ser feitas pelo link https:\/\/bit.ly\/digitalpe_petrolina.<\/p>\n<p style=\"text-align: justify;\">O tema do encontro \u00e9 apresentar o programa DigitalPE 2.0, que oferece o apoio do Porto Digital na ado\u00e7\u00e3o de tecnologias e inova\u00e7\u00f5es em micro, pequenas e m\u00e9dias empresas. A \u00e1rea de inova\u00e7\u00e3o do parque mapeou e validou mais de 600 solu\u00e7\u00f5es no mercado nas \u00e1reas de Marketing, Pessoas\/RH, Produ\u00e7\u00e3o, Log\u00edstica e Gest\u00e3o para oferecer \u00e0s empresas.<\/p>\n<p style=\"text-align: justify;\">O DigitalPE \u00e9 um programa gratuito baseado em uma metodologia reconhecida internacionalmente, testado e aprovado por empresas como Falc\u00e3o Engenharia e Tamba\u00fa, e que tem como objetivo acelerar a digitaliza\u00e7\u00e3o no Estado de Pernambuco. A iniciativa \u00e9 realizada pelo Porto Digital com patroc\u00ednio da Ag\u00eancia Brasileira de Desenvolvimento Industrial (ABDI) e da Secretaria de Desenvolvimento Econ\u00f4mico de Pernambuco (SDEC), al\u00e9m de contar com apoio da Ag\u00eancia de Desenvolvimento Econ\u00f4mico de Pernambuco (ADEPE), Banco do Nordeste, Senai e outros parceiros.<\/p>\n<p style=\"text-align: justify;\">Clas Comunica\u00e7\u00e3o e Marketing<\/p>\n","protected":false},"excerpt":{"rendered":"<p>No dia 7 de abril, o Porto Digital chega a Petrolina para realizar um evento gratuito para conectar empres\u00e1rios e empresas do Sert\u00e3o do S\u00e3o Francisco \u00e0 equipe de inova\u00e7\u00e3o do parque tecnol\u00f3gico. A atividade ser\u00e1 realizada no Cineteatro da Univasf a partir das 17h. As inscri\u00e7\u00f5es podem ser feitas pelo link https:\/\/bit.ly\/digitalpe_petrolina. O tema [&hellip;]<\/p>\n","protected":false},"author":1,"featured_media":35604,"comment_status":"closed","ping_status":"open","sticky":false,"template":"","format":"standard","meta":{"_uag_custom_page_level_css":"","_monsterinsights_skip_tracking":false,"_monsterinsights_sitenote_active":false,"_monsterinsights_sitenote_note":"","_monsterinsights_sitenote_category":0,"jetpack_post_was_ever_published":false,"_jetpack_newsletter_access":"","_jetpack_dont_email_post_to_subs":false,"_jetpack_newsletter_tier_id":0,"_jetpack_memberships_contains_paywalled_content":false,"_jetpack_memberships_contains_paid_content":false,"footnotes":"","jetpack_publicize_message":"","jetpack_publicize_feature_enabled":true,"jetpack_social_post_already_shared":true,"jetpack_social_options":{"image_generator_settings":{"template":"highway","default_image_id":0,"font":"","enabled":false},"version":2}},"categories":[851],"tags":[8733],"class_list":["post-35600","post","type-post","status-publish","format-standard","has-post-thumbnail","hentry","category-petrolina","tag-digitalpe-2-0"],"jetpack_publicize_connections":[],"jetpack_featured_media_url":"https:\/\/blogopara.com.br\/wp-content\/uploads\/2022\/04\/Vacinacao-1-1.jpg","uagb_featured_image_src":{"full":["https:\/\/blogopara.com.br\/wp-content\/uploads\/2022\/04\/Vacinacao-1-1.jpg",500,333,false],"thumbnail":["https:\/\/blogopara.com.br\/wp-content\/uploads\/2022\/04\/Vacinacao-1-1-150x150.jpg",150,150,true],"medium":["https:\/\/blogopara.com.br\/wp-content\/uploads\/2022\/04\/Vacinacao-1-1-300x200.jpg",300,200,true],"medium_large":["https:\/\/blogopara.com.br\/wp-content\/uploads\/2022\/04\/Vacinacao-1-1.jpg",500,333,false],"large":["https:\/\/blogopara.com.br\/wp-content\/uploads\/2022\/04\/Vacinacao-1-1.jpg",500,333,false],"1536x1536":["https:\/\/blogopara.com.br\/wp-content\/uploads\/2022\/04\/Vacinacao-1-1.jpg",500,333,false],"2048x2048":["https:\/\/blogopara.com.br\/wp-content\/uploads\/2022\/04\/Vacinacao-1-1.jpg",500,333,false],"mantranews-slider-large":["https:\/\/blogopara.com.br\/wp-content\/uploads\/2022\/04\/Vacinacao-1-1.jpg",500,333,false],"mantranews-featured-medium":["https:\/\/blogopara.com.br\/wp-content\/uploads\/2022\/04\/Vacinacao-1-1-420x307.jpg",420,307,true],"mantranews-featured-long":["https:\/\/blogopara.com.br\/wp-content\/uploads\/2022\/04\/Vacinacao-1-1-300x333.jpg",300,333,true],"mantranews-block-medium":["https:\/\/blogopara.com.br\/wp-content\/uploads\/2022\/04\/Vacinacao-1-1-464x290.jpg",464,290,true],"mantranews-carousel-image":["https:\/\/blogopara.com.br\/wp-content\/uploads\/2022\/04\/Vacinacao-1-1.jpg",500,333,false],"mantranews-block-thumb":["https:\/\/blogopara.com.br\/wp-content\/uploads\/2022\/04\/Vacinacao-1-1-322x230.jpg",322,230,true],"mantranews-single-large":["https:\/\/blogopara.com.br\/wp-content\/uploads\/2022\/04\/Vacinacao-1-1.jpg",500,333,false]},"uagb_author_info":{"display_name":"Reda\u00e7\u00e3o geral","author_link":"https:\/\/blogopara.com.br\/index.php\/author\/blogopara"},"uagb_comment_info":0,"uagb_excerpt":"No dia 7 de abril, o Porto Digital chega a Petrolina para realizar um evento gratuito para conectar empres\u00e1rios e empresas do Sert\u00e3o do S\u00e3o Francisco \u00e0 equipe de inova\u00e7\u00e3o do parque tecnol\u00f3gico. A atividade ser\u00e1 realizada no Cineteatro da Univasf a partir das 17h. As inscri\u00e7\u00f5es podem ser feitas pelo link https:\/\/bit.ly\/digitalpe_petrolina. O tema&hellip;","jetpack_sharing_enabled":true,"jetpack_likes_enabled":true,"_links":{"self":[{"href":"https:\/\/blogopara.com.br\/index.php\/wp-json\/wp\/v2\/posts\/35600","targetHints":{"allow":["GET"]}}],"collection":[{"href":"https:\/\/blogopara.com.br\/index.php\/wp-json\/wp\/v2\/posts"}],"about":[{"href":"https:\/\/blogopara.com.br\/index.php\/wp-json\/wp\/v2\/types\/post"}],"author":[{"embeddable":true,"href":"https:\/\/blogopara.com.br\/index.php\/wp-json\/wp\/v2\/users\/1"}],"replies":[{"embeddable":true,"href":"https:\/\/blogopara.com.br\/index.php\/wp-json\/wp\/v2\/comments?post=35600"}],"version-history":[{"count":1,"href":"https:\/\/blogopara.com.br\/index.php\/wp-json\/wp\/v2\/posts\/35600\/revisions"}],"predecessor-version":[{"id":35605,"href":"https:\/\/blogopara.com.br\/index.php\/wp-json\/wp\/v2\/posts\/35600\/revisions\/35605"}],"wp:featuredmedia":[{"embeddable":true,"href":"https:\/\/blogopara.com.br\/index.php\/wp-json\/wp\/v2\/media\/35604"}],"wp:attachment":[{"href":"https:\/\/blogopara.com.br\/index.php\/wp-json\/wp\/v2\/media?parent=35600"}],"wp:term":[{"taxonomy":"category","embeddable":true,"href":"https:\/\/blogopara.com.br\/index.php\/wp-json\/wp\/v2\/categories?post=35600"},{"taxonomy":"post_tag","embeddable":true,"href":"https:\/\/blogopara.com.br\/index.php\/wp-json\/wp\/v2\/tags?post=35600"}],"curies":[{"name":"wp","href":"https:\/\/api.w.org\/{rel}","templated":true}]}}