{"id":35614,"date":"2022-04-05T07:44:00","date_gmt":"2022-04-05T10:44:00","guid":{"rendered":"https:\/\/blogopara.com.br\/?p=35614"},"modified":"2022-04-04T21:53:00","modified_gmt":"2022-04-05T00:53:00","slug":"site-projeta-jordavio-ramos-possivel-eleito-para-deputado-estadual","status":"publish","type":"post","link":"https:\/\/blogopara.com.br\/index.php\/2022\/04\/05\/site-projeta-jordavio-ramos-possivel-eleito-para-deputado-estadual","title":{"rendered":"Site projeta Jord\u00e1vio Ramos poss\u00edvel eleito para deputado estadual"},"content":{"rendered":"<p style=\"text-align: justify;\"><strong>O Site de not\u00edcias Pol\u00edticos do Sul, realizou uma proje\u00e7\u00e3o sobre a elei\u00e7\u00e3o para deputado estadual. A proje\u00e7\u00e3o n\u00e3o \u00e9 baseada em pesquisa, mas sim avalia\u00e7\u00e3o de alguns consultores pol\u00edticos. Abaixo a proje\u00e7\u00e3o:<\/strong><\/p>\n<p style=\"text-align: justify;\"><strong>PT-PC DO B PV de 16 a 18 vagas<\/strong><\/p>\n<p style=\"text-align: justify;\"><strong>Jos\u00e9 Raimundo<\/strong><br \/>\n<strong>Rosemberg Pinto<\/strong><br \/>\n<strong>Robson Almeida<\/strong><br \/>\n<strong>F\u00e1tima Nunes<\/strong><br \/>\n<strong>Marcelino Galo<\/strong><br \/>\n<strong>Neuza Cadori<\/strong><br \/>\n<strong>Victor Bomfim<\/strong><br \/>\n<strong>Marquinhos Viana<\/strong><br \/>\n<strong>Roberto Carlos<\/strong><br \/>\n<strong>Bobo<\/strong><br \/>\n<strong>Euclides Fernandes<\/strong><br \/>\n<strong>Junior Muniz<\/strong><br \/>\n<strong>Olivia Santana<\/strong><br \/>\n<strong>Alan Castro<\/strong><br \/>\n<strong>Paulo Rangel<\/strong><br \/>\n<strong>Osni<\/strong><br \/>\n<strong>Jac\u00f3<\/strong><br \/>\n<strong>Disputando 17\u00aa vaga Maria del Carmen<\/strong><\/p>\n<p style=\"text-align: justify;\"><strong>PSD DE 7 A 8 VAGAS<\/strong><\/p>\n<p style=\"text-align: justify;\"><strong>Adolfo Menezes<\/strong><br \/>\n<strong>Alex Piat\u00e3<\/strong><br \/>\n<strong>Eduardo Alencar<\/strong><br \/>\n<strong>\u00c2ngelo coronel filho<\/strong><br \/>\n<strong>Ivana Bastos<\/strong><br \/>\n<strong>Eures Ribeiro<\/strong><br \/>\n<strong>Caf\u00fa<\/strong><\/p>\n<p style=\"text-align: justify;\"><strong>Fazendo a 8\u00aa vaga disputa Dep Jusmari Oliveira e Claudia Oliveira e Marcone.<\/strong><\/p>\n<p style=\"text-align: justify;\"><strong>PSDB 3 a 4 vagas<\/strong><\/p>\n<p style=\"text-align: justify;\"><strong>Tiago Correia<\/strong><br \/>\n<strong>Paulo c\u00e2mera<\/strong><br \/>\n<strong>Pablo Roberto<\/strong><\/p>\n<blockquote>\n<h3 style=\"text-align: justify;\"><strong>Disputando a quarta vaga<\/strong><br \/>\n<strong>Jord\u00e1rio Ramos, filho da prefeita de Juazeiro.<\/strong><\/h3>\n<\/blockquote>\n<p style=\"text-align: justify;\"><strong>PL de 3 a 4 vagas<\/strong><\/p>\n<p style=\"text-align: justify;\"><strong>Victor Azevedo<\/strong><br \/>\n<strong>Katia Bacelar<\/strong><\/p>\n<p style=\"text-align: justify;\"><strong>Correndo por fora<\/strong><\/p>\n<p style=\"text-align: justify;\"><strong>David dos Anjos (candidato do prefeito de Itaberaba)<\/strong><br \/>\n<strong>Edilson Gusm\u00e3o<\/strong><br \/>\n<strong>Marcele Guimaraes<\/strong><br \/>\n<strong>Rosalvinho Sales<\/strong><br \/>\n<strong>Coronel Sturaro<\/strong><\/p>\n<p style=\"text-align: justify;\"><strong>PSOL 1<\/strong><\/p>\n<p style=\"text-align: justify;\"><strong>Hilton coelho<\/strong><\/p>\n<p style=\"text-align: justify;\"><strong>PATRIOTA pode fazer\u00a0 1<\/strong><\/p>\n<p style=\"text-align: justify;\"><strong>Josaf\u00e1 Marinho<\/strong><\/p>\n<p style=\"text-align: justify;\"><strong>MDB 2 a 3<\/strong><\/p>\n<p style=\"text-align: justify;\"><strong>Rog\u00e9rio Andrade<\/strong><br \/>\n<strong>Matheus (filho de Geraldo J\u00fanior)<\/strong><br \/>\n<strong>L\u00facia Rocha<\/strong><\/p>\n<p style=\"text-align: justify;\"><strong>PSC 1<\/strong><\/p>\n<p style=\"text-align: justify;\"><strong>Laerte de Wando<\/strong><\/p>\n<p style=\"text-align: justify;\"><strong>PSB\u00a0pode fazer\u00a0 \u00a03<\/strong><\/p>\n<p style=\"text-align: justify;\"><strong>Fab\u00edola Mansur<\/strong><br \/>\n<strong>\u00c2ngelo Almeida<\/strong><br \/>\n<strong>Soane Galv\u00e3o<\/strong><br \/>\n<strong>Z\u00e9 Alberto<\/strong><\/p>\n<p style=\"text-align: justify;\"><strong>PRB de 2 a 3<\/strong><\/p>\n<p style=\"text-align: justify;\"><strong>Jos\u00e9 de Arimateia<\/strong><br \/>\n<strong>Samuel J\u00fanior<\/strong><br \/>\n<strong>Jurailton Santos<\/strong><\/p>\n<p style=\"text-align: justify;\"><strong>SOLIDARIEDADE 2 a 3<\/strong><\/p>\n<p style=\"text-align: justify;\"><strong>Pastor Luciano<\/strong><br \/>\n<strong>Carol Moraes<\/strong><\/p>\n<p style=\"text-align: justify;\"><strong>Adriano Meireles<\/strong><\/p>\n<p style=\"text-align: justify;\"><strong>Correndo por fora<\/strong><\/p>\n<p style=\"text-align: justify;\"><strong>Paulo C\u00e9sar (ex Prefeito de Alagoinhas)<\/strong><br \/>\n<strong>Pancadinha<\/strong><\/p>\n<p style=\"text-align: justify;\"><strong>UNI\u00c3O BRASIL DE 11 A 13<\/strong><\/p>\n<p style=\"text-align: justify;\"><strong>Sandro Regis<\/strong><br \/>\n<strong>Pedro Tavares<\/strong><br \/>\n<strong>Luciano Sim\u00f5es filho<\/strong><br \/>\n<strong>Alan Sanches<\/strong><br \/>\n<strong>Marcelinho Veiga<\/strong><br \/>\n<strong>Marcinho<\/strong><br \/>\n<strong>Junior Nascimento<\/strong><br \/>\n<strong>Robinho<\/strong><br \/>\n<strong>Davi Rios<\/strong><br \/>\n<strong>Luciano Ribeiro<\/strong><br \/>\n<strong>Prisco<\/strong><br \/>\n<strong>Manoel Rocha<\/strong><br \/>\n<strong>Katia Oliveira<\/strong><\/p>\n<p style=\"text-align: justify;\"><strong>AVANTE DE 1 A 2<\/strong><\/p>\n<p style=\"text-align: justify;\"><strong>Tancredo Isid\u00f3rio<\/strong><br \/>\n<strong>Patrick Lopes<\/strong><br \/>\n<strong>D\u00e9bora Santana<\/strong><\/p>\n<p style=\"text-align: justify;\"><strong>PP pode chegar a 6<\/strong><\/p>\n<p style=\"text-align: justify;\"><strong>Nelson Leal<\/strong><br \/>\n<strong>Niltinho<\/strong><br \/>\n<strong>Eduardo Salles<\/strong><br \/>\n<strong>Ant\u00f4nio Henrique J\u00fanior<\/strong><br \/>\n<strong>Correndo por fora<\/strong><br \/>\n<strong>Hassan Iossef<\/strong><br \/>\n<strong>Manass\u00e9s<\/strong><br \/>\n<strong>Maur\u00edcio Trindade<\/strong><\/p>\n<p style=\"text-align: justify;\"><strong>Eduardo Salles e Niltinho.<\/strong><br \/>\n<strong>\u2013 Brigam por 2 vagas: Hassan Iossef, Soraia Cabral, Maur\u00edcio Trindade, Manass\u00e9s, Felipe Duarte de Guanambi, F\u00e1bio Lima e Sandro Bahiense.<\/strong><\/p>\n<p style=\"text-align: justify;\"><strong>PDT pode eleger de um a dois<\/strong><\/p>\n<p style=\"text-align: justify;\"><strong>Emerson Penalva.<\/strong><br \/>\n<strong>Correndo por fora<\/strong><br \/>\n<strong>Silva Neto e Cl\u00e1udio Bastos.<\/strong><\/p>\n","protected":false},"excerpt":{"rendered":"<p>O Site de not\u00edcias Pol\u00edticos do Sul, realizou uma proje\u00e7\u00e3o sobre a elei\u00e7\u00e3o para deputado estadual. A proje\u00e7\u00e3o n\u00e3o \u00e9 baseada em pesquisa, mas sim avalia\u00e7\u00e3o de alguns consultores pol\u00edticos. Abaixo a proje\u00e7\u00e3o: PT-PC DO B PV de 16 a 18 vagas Jos\u00e9 Raimundo Rosemberg Pinto Robson Almeida F\u00e1tima Nunes Marcelino Galo Neuza Cadori Victor [&hellip;]<\/p>\n","protected":false},"author":1,"featured_media":35615,"comment_status":"closed","ping_status":"open","sticky":false,"template":"","format":"standard","meta":{"_uag_custom_page_level_css":"","_monsterinsights_skip_tracking":false,"_monsterinsights_sitenote_active":false,"_monsterinsights_sitenote_note":"","_monsterinsights_sitenote_category":0,"jetpack_post_was_ever_published":false,"_jetpack_newsletter_access":"","_jetpack_dont_email_post_to_subs":false,"_jetpack_newsletter_tier_id":0,"_jetpack_memberships_contains_paywalled_content":false,"_jetpack_memberships_contains_paid_content":false,"footnotes":"","jetpack_publicize_message":"","jetpack_publicize_feature_enabled":true,"jetpack_social_post_already_shared":true,"jetpack_social_options":{"image_generator_settings":{"template":"highway","default_image_id":0,"font":"","enabled":false},"version":2}},"categories":[199,203,197],"tags":[],"class_list":["post-35614","post","type-post","status-publish","format-standard","has-post-thumbnail","hentry","category-bahia","category-juazeiro","category-politica"],"jetpack_publicize_connections":[],"jetpack_featured_media_url":"https:\/\/blogopara.com.br\/wp-content\/uploads\/2022\/04\/Participacao-de-Jordavio-Hasteamento-das-Bandeiras-1-1.jpeg","uagb_featured_image_src":{"full":["https:\/\/blogopara.com.br\/wp-content\/uploads\/2022\/04\/Participacao-de-Jordavio-Hasteamento-das-Bandeiras-1-1.jpeg",500,312,false],"thumbnail":["https:\/\/blogopara.com.br\/wp-content\/uploads\/2022\/04\/Participacao-de-Jordavio-Hasteamento-das-Bandeiras-1-1-150x150.jpeg",150,150,true],"medium":["https:\/\/blogopara.com.br\/wp-content\/uploads\/2022\/04\/Participacao-de-Jordavio-Hasteamento-das-Bandeiras-1-1-300x187.jpeg",300,187,true],"medium_large":["https:\/\/blogopara.com.br\/wp-content\/uploads\/2022\/04\/Participacao-de-Jordavio-Hasteamento-das-Bandeiras-1-1.jpeg",500,312,false],"large":["https:\/\/blogopara.com.br\/wp-content\/uploads\/2022\/04\/Participacao-de-Jordavio-Hasteamento-das-Bandeiras-1-1.jpeg",500,312,false],"1536x1536":["https:\/\/blogopara.com.br\/wp-content\/uploads\/2022\/04\/Participacao-de-Jordavio-Hasteamento-das-Bandeiras-1-1.jpeg",500,312,false],"2048x2048":["https:\/\/blogopara.com.br\/wp-content\/uploads\/2022\/04\/Participacao-de-Jordavio-Hasteamento-das-Bandeiras-1-1.jpeg",500,312,false],"mantranews-slider-large":["https:\/\/blogopara.com.br\/wp-content\/uploads\/2022\/04\/Participacao-de-Jordavio-Hasteamento-das-Bandeiras-1-1.jpeg",500,312,false],"mantranews-featured-medium":["https:\/\/blogopara.com.br\/wp-content\/uploads\/2022\/04\/Participacao-de-Jordavio-Hasteamento-das-Bandeiras-1-1-420x307.jpeg",420,307,true],"mantranews-featured-long":["https:\/\/blogopara.com.br\/wp-content\/uploads\/2022\/04\/Participacao-de-Jordavio-Hasteamento-das-Bandeiras-1-1-300x312.jpeg",300,312,true],"mantranews-block-medium":["https:\/\/blogopara.com.br\/wp-content\/uploads\/2022\/04\/Participacao-de-Jordavio-Hasteamento-das-Bandeiras-1-1-464x290.jpeg",464,290,true],"mantranews-carousel-image":["https:\/\/blogopara.com.br\/wp-content\/uploads\/2022\/04\/Participacao-de-Jordavio-Hasteamento-das-Bandeiras-1-1.jpeg",500,312,false],"mantranews-block-thumb":["https:\/\/blogopara.com.br\/wp-content\/uploads\/2022\/04\/Participacao-de-Jordavio-Hasteamento-das-Bandeiras-1-1-322x230.jpeg",322,230,true],"mantranews-single-large":["https:\/\/blogopara.com.br\/wp-content\/uploads\/2022\/04\/Participacao-de-Jordavio-Hasteamento-das-Bandeiras-1-1.jpeg",500,312,false]},"uagb_author_info":{"display_name":"Reda\u00e7\u00e3o geral","author_link":"https:\/\/blogopara.com.br\/index.php\/author\/blogopara"},"uagb_comment_info":0,"uagb_excerpt":"O Site de not\u00edcias Pol\u00edticos do Sul, realizou uma proje\u00e7\u00e3o sobre a elei\u00e7\u00e3o para deputado estadual. A proje\u00e7\u00e3o n\u00e3o \u00e9 baseada em pesquisa, mas sim avalia\u00e7\u00e3o de alguns consultores pol\u00edticos. Abaixo a proje\u00e7\u00e3o: PT-PC DO B PV de 16 a 18 vagas Jos\u00e9 Raimundo Rosemberg Pinto Robson Almeida F\u00e1tima Nunes Marcelino Galo Neuza Cadori Victor&hellip;","jetpack_sharing_enabled":true,"jetpack_likes_enabled":true,"_links":{"self":[{"href":"https:\/\/blogopara.com.br\/index.php\/wp-json\/wp\/v2\/posts\/35614","targetHints":{"allow":["GET"]}}],"collection":[{"href":"https:\/\/blogopara.com.br\/index.php\/wp-json\/wp\/v2\/posts"}],"about":[{"href":"https:\/\/blogopara.com.br\/index.php\/wp-json\/wp\/v2\/types\/post"}],"author":[{"embeddable":true,"href":"https:\/\/blogopara.com.br\/index.php\/wp-json\/wp\/v2\/users\/1"}],"replies":[{"embeddable":true,"href":"https:\/\/blogopara.com.br\/index.php\/wp-json\/wp\/v2\/comments?post=35614"}],"version-history":[{"count":1,"href":"https:\/\/blogopara.com.br\/index.php\/wp-json\/wp\/v2\/posts\/35614\/revisions"}],"predecessor-version":[{"id":35616,"href":"https:\/\/blogopara.com.br\/index.php\/wp-json\/wp\/v2\/posts\/35614\/revisions\/35616"}],"wp:featuredmedia":[{"embeddable":true,"href":"https:\/\/blogopara.com.br\/index.php\/wp-json\/wp\/v2\/media\/35615"}],"wp:attachment":[{"href":"https:\/\/blogopara.com.br\/index.php\/wp-json\/wp\/v2\/media?parent=35614"}],"wp:term":[{"taxonomy":"category","embeddable":true,"href":"https:\/\/blogopara.com.br\/index.php\/wp-json\/wp\/v2\/categories?post=35614"},{"taxonomy":"post_tag","embeddable":true,"href":"https:\/\/blogopara.com.br\/index.php\/wp-json\/wp\/v2\/tags?post=35614"}],"curies":[{"name":"wp","href":"https:\/\/api.w.org\/{rel}","templated":true}]}}