{"id":35617,"date":"2022-04-05T09:41:00","date_gmt":"2022-04-05T12:41:00","guid":{"rendered":"https:\/\/blogopara.com.br\/?p=35617"},"modified":"2022-04-05T07:34:23","modified_gmt":"2022-04-05T10:34:23","slug":"o-ex-presidente-luiz-inacio-lula-da-silva-pt-afirmou-que-caso-eleito-pretende-tirar-quase-8-000-militares-que-ocupam-cargos-comissionados","status":"publish","type":"post","link":"https:\/\/blogopara.com.br\/index.php\/2022\/04\/05\/o-ex-presidente-luiz-inacio-lula-da-silva-pt-afirmou-que-caso-eleito-pretende-tirar-quase-8-000-militares-que-ocupam-cargos-comissionados","title":{"rendered":"O ex-presidente Luiz In\u00e1cio Lula da Silva (PT) afirmou  que caso eleito  pretende tirar quase 8.000 militares que ocupam cargos comissionados"},"content":{"rendered":"\n<p><\/p>\n\n\n<p style=\"text-align: justify;\">O ex-presidente Luiz In\u00e1cio Lula da Silva (PT) afirmou nesta segunda-feira, durante encontro na sede da Central \u00danica dos Trabalhadores (CUT), que, caso eleito para comandar o pa\u00eds em outubro, pretende tirar quase 8.000 militares que ocupam cargos comissionados.<\/p>\n<p style=\"text-align: justify;\">Em sua fala para os dirigentes sindicais, Lula vinha elencando as dificuldades e desafios que ter\u00e1 que enfrentar se for eleito, quando revelou o seu plano para os militares.<\/p>\n<p style=\"text-align: justify;\">\u2014 N\u00f3s vamos ter que come\u00e7ar o governo sabendo que vamos ter que tirar quase 8.000 militares que est\u00e3o em cargos de pessoas que n\u00e3o prestaram concurso. Vamos ter que tirar. Isso n\u00e3o pode ser motivo de bravata, tem que ser motivo de constru\u00e7\u00e3o. Porque se a agente fizer bravata pode n\u00e3o fazer, discursou o ex-presidente, no encontro em que recebeu a plataforma da CUT para as elei\u00e7\u00f5es de 2022.<\/p>\n<p style=\"text-align: justify;\">Lula j\u00e1 vem criticando a presen\u00e7a de militares na administra\u00e7\u00e3o federal. A forma de afastar os integrantes da For\u00e7as Armadas dos cargos de comiss\u00e3o no governo tem sido discutido no entorno do ex-presidente desde o ano passado.<\/p>\n<p style=\"text-align: justify;\">Na \u00faltima quarta-feira, em evento na Uerj no Rio, o petista havia afirmado que \u201co papel dos militares n\u00e3o \u00e9 puxar saco de Bolsonaro nem de Lula e que eles t\u00eam que ficar acima das disputas pol\u00edticas. Disse ainda que \u201cEx\u00e9rcito n\u00e3o serve para pol\u00edtica, ele deve servir para proteger a fronteira e o pa\u00eds de amea\u00e7as externas\u201d.<\/p>\n<p style=\"text-align: justify;\">No encontro desta segunda-feira, Lula revelou que prev\u00ea uma \u201celei\u00e7\u00e3o complicada\u201d contra o presidente Jair Bolsonaro (PL).<\/p>\n<p style=\"text-align: justify;\">\u2014 N\u00e3o vai ser f\u00e1cil, n\u00e3o \u00e9 uma guerra que est\u00e1 ganha. \u00c9 uma guerra que a gente pode ganhar.<\/p>\n<p style=\"text-align: justify;\">Em outro momento do discurso, por\u00e9m, disse estar t\u00e3o otimista agora como estava em 2002, quando foi eleito pela primeira vez.<\/p>\n<p style=\"text-align: justify;\">Tamb\u00e9m afirmou que para se eleger n\u00e3o poder\u00e1 recorrer apenas ao que fez quando estava no poder e acrescentou a necessidade de apresentar um programa ao pa\u00eds.<\/p>\n<p style=\"text-align: justify;\">\u2014 Temos um legado, mas n\u00e3o \u00e9 s\u00f3 o legado que vai fazer a gente ganhar as elei\u00e7\u00f5es. Temos que dizer o modelo de crescimento, qual a pol\u00edtica industrial.<\/p>\n<p style=\"text-align: justify;\">\u00a0<\/p>\n<p style=\"text-align: justify;\">As informa\u00e7\u00f5es s\u00e3o da Ag\u00eancia O Globo<\/p>","protected":false},"excerpt":{"rendered":"<p>O ex-presidente Luiz In\u00e1cio Lula da Silva (PT) afirmou nesta segunda-feira, durante encontro na sede da Central \u00danica dos Trabalhadores (CUT), que, caso eleito para comandar o pa\u00eds em outubro, pretende tirar quase 8.000 militares que ocupam cargos comissionados. Em sua fala para os dirigentes sindicais, Lula vinha elencando as dificuldades e desafios que ter\u00e1 [&hellip;]<\/p>\n","protected":false},"author":1,"featured_media":35618,"comment_status":"closed","ping_status":"open","sticky":false,"template":"","format":"standard","meta":{"_uag_custom_page_level_css":"","_monsterinsights_skip_tracking":false,"_monsterinsights_sitenote_active":false,"_monsterinsights_sitenote_note":"","_monsterinsights_sitenote_category":0,"jetpack_post_was_ever_published":false,"_jetpack_newsletter_access":"","_jetpack_dont_email_post_to_subs":false,"_jetpack_newsletter_tier_id":0,"_jetpack_memberships_contains_paywalled_content":false,"_jetpack_memberships_contains_paid_content":false,"footnotes":"","jetpack_publicize_message":"","jetpack_publicize_feature_enabled":true,"jetpack_social_post_already_shared":true,"jetpack_social_options":{"image_generator_settings":{"template":"highway","default_image_id":0,"font":"","enabled":false},"version":2}},"categories":[200],"tags":[8735,8737,3467,8734,8738,8736],"class_list":["post-35617","post","type-post","status-publish","format-standard","has-post-thumbnail","hentry","category-brasil","tag-afirmou-que-casos-eleito","tag-cerca-de-8-000-militares","tag-ex-presidente","tag-luiz-inacio-lula-da-silva","tag-ocupam-cargos","tag-pretende-tirar"],"jetpack_publicize_connections":[],"jetpack_featured_media_url":"https:\/\/blogopara.com.br\/wp-content\/uploads\/2022\/04\/WhatsApp-Image-2022-04-04-at-22.19.13.jpeg","uagb_featured_image_src":{"full":["https:\/\/blogopara.com.br\/wp-content\/uploads\/2022\/04\/WhatsApp-Image-2022-04-04-at-22.19.13.jpeg",500,500,false],"thumbnail":["https:\/\/blogopara.com.br\/wp-content\/uploads\/2022\/04\/WhatsApp-Image-2022-04-04-at-22.19.13-150x150.jpeg",150,150,true],"medium":["https:\/\/blogopara.com.br\/wp-content\/uploads\/2022\/04\/WhatsApp-Image-2022-04-04-at-22.19.13-300x300.jpeg",300,300,true],"medium_large":["https:\/\/blogopara.com.br\/wp-content\/uploads\/2022\/04\/WhatsApp-Image-2022-04-04-at-22.19.13.jpeg",500,500,false],"large":["https:\/\/blogopara.com.br\/wp-content\/uploads\/2022\/04\/WhatsApp-Image-2022-04-04-at-22.19.13.jpeg",500,500,false],"1536x1536":["https:\/\/blogopara.com.br\/wp-content\/uploads\/2022\/04\/WhatsApp-Image-2022-04-04-at-22.19.13.jpeg",500,500,false],"2048x2048":["https:\/\/blogopara.com.br\/wp-content\/uploads\/2022\/04\/WhatsApp-Image-2022-04-04-at-22.19.13.jpeg",500,500,false],"mantranews-slider-large":["https:\/\/blogopara.com.br\/wp-content\/uploads\/2022\/04\/WhatsApp-Image-2022-04-04-at-22.19.13.jpeg",500,500,false],"mantranews-featured-medium":["https:\/\/blogopara.com.br\/wp-content\/uploads\/2022\/04\/WhatsApp-Image-2022-04-04-at-22.19.13-420x307.jpeg",420,307,true],"mantranews-featured-long":["https:\/\/blogopara.com.br\/wp-content\/uploads\/2022\/04\/WhatsApp-Image-2022-04-04-at-22.19.13-300x443.jpeg",300,443,true],"mantranews-block-medium":["https:\/\/blogopara.com.br\/wp-content\/uploads\/2022\/04\/WhatsApp-Image-2022-04-04-at-22.19.13-464x290.jpeg",464,290,true],"mantranews-carousel-image":["https:\/\/blogopara.com.br\/wp-content\/uploads\/2022\/04\/WhatsApp-Image-2022-04-04-at-22.19.13.jpeg",500,500,false],"mantranews-block-thumb":["https:\/\/blogopara.com.br\/wp-content\/uploads\/2022\/04\/WhatsApp-Image-2022-04-04-at-22.19.13-322x230.jpeg",322,230,true],"mantranews-single-large":["https:\/\/blogopara.com.br\/wp-content\/uploads\/2022\/04\/WhatsApp-Image-2022-04-04-at-22.19.13.jpeg",500,500,false]},"uagb_author_info":{"display_name":"Reda\u00e7\u00e3o geral","author_link":"https:\/\/blogopara.com.br\/index.php\/author\/blogopara"},"uagb_comment_info":0,"uagb_excerpt":"O ex-presidente Luiz In\u00e1cio Lula da Silva (PT) afirmou nesta segunda-feira, durante encontro na sede da Central \u00danica dos Trabalhadores (CUT), que, caso eleito para comandar o pa\u00eds em outubro, pretende tirar quase 8.000 militares que ocupam cargos comissionados. Em sua fala para os dirigentes sindicais, Lula vinha elencando as dificuldades e desafios que ter\u00e1&hellip;","jetpack_sharing_enabled":true,"jetpack_likes_enabled":true,"_links":{"self":[{"href":"https:\/\/blogopara.com.br\/index.php\/wp-json\/wp\/v2\/posts\/35617","targetHints":{"allow":["GET"]}}],"collection":[{"href":"https:\/\/blogopara.com.br\/index.php\/wp-json\/wp\/v2\/posts"}],"about":[{"href":"https:\/\/blogopara.com.br\/index.php\/wp-json\/wp\/v2\/types\/post"}],"author":[{"embeddable":true,"href":"https:\/\/blogopara.com.br\/index.php\/wp-json\/wp\/v2\/users\/1"}],"replies":[{"embeddable":true,"href":"https:\/\/blogopara.com.br\/index.php\/wp-json\/wp\/v2\/comments?post=35617"}],"version-history":[{"count":1,"href":"https:\/\/blogopara.com.br\/index.php\/wp-json\/wp\/v2\/posts\/35617\/revisions"}],"predecessor-version":[{"id":35619,"href":"https:\/\/blogopara.com.br\/index.php\/wp-json\/wp\/v2\/posts\/35617\/revisions\/35619"}],"wp:featuredmedia":[{"embeddable":true,"href":"https:\/\/blogopara.com.br\/index.php\/wp-json\/wp\/v2\/media\/35618"}],"wp:attachment":[{"href":"https:\/\/blogopara.com.br\/index.php\/wp-json\/wp\/v2\/media?parent=35617"}],"wp:term":[{"taxonomy":"category","embeddable":true,"href":"https:\/\/blogopara.com.br\/index.php\/wp-json\/wp\/v2\/categories?post=35617"},{"taxonomy":"post_tag","embeddable":true,"href":"https:\/\/blogopara.com.br\/index.php\/wp-json\/wp\/v2\/tags?post=35617"}],"curies":[{"name":"wp","href":"https:\/\/api.w.org\/{rel}","templated":true}]}}