{"id":35672,"date":"2022-04-06T17:35:00","date_gmt":"2022-04-06T20:35:00","guid":{"rendered":"https:\/\/blogopara.com.br\/?p=35672"},"modified":"2022-04-07T22:02:24","modified_gmt":"2022-04-08T01:02:24","slug":"idosa-de-85-anos-e-resgatada-de-carcere-privado-em-condicoes-precarias-dormitorio-da-vitima-era-ao-lado-de-canil-em-quintal","status":"publish","type":"post","link":"https:\/\/blogopara.com.br\/index.php\/2022\/04\/06\/idosa-de-85-anos-e-resgatada-de-carcere-privado-em-condicoes-precarias-dormitorio-da-vitima-era-ao-lado-de-canil-em-quintal","title":{"rendered":"Idosa de 85 anos \u00e9 resgatada de c\u00e1rcere privado em condi\u00e7\u00f5es prec\u00e1rias; dormit\u00f3rio da v\u00edtima era ao lado de canil, em quintal"},"content":{"rendered":"<div class=\"mc-column content-text active-extra-styles \" data-block-type=\"unstyled\" data-block-weight=\"46\" data-block-id=\"2\">\n<p class=\"content-text__container \" style=\"text-align: justify;\" data-track-category=\"Link no Texto\" data-track-links=\"\">Uma idosa de 85 anos foi resgatada por policiais militares na tarde de ter\u00e7a-feira (5), em&nbsp;<a href=\"https:\/\/g1.globo.com\/ba\/bahia\/cidade\/vitoria-da-conquista\/\">Vit\u00f3ria da Conquista<\/a>, sudoeste da Bahia. A v\u00edtima estava presa em um dormit\u00f3rio, no quintal de um im\u00f3vel, ao lado de um canil, em condi\u00e7\u00f5es prec\u00e1rias de comodidade e limpeza.<\/p>\n<\/div>\n<div class=\"wall protected-content\">\n<div class=\"mc-column content-text active-extra-styles \" style=\"text-align: justify;\" data-block-type=\"unstyled\" data-block-weight=\"40\" data-block-id=\"4\">\n<p class=\"content-text__container \" data-track-category=\"Link no Texto\" data-track-links=\"\">A sobrinha da idosa e o marido dela foram levados para o Distrito Integrado de Seguran\u00e7a P\u00fablica (Disep), onde prestaram depoimento. Nesta quarta-feira (6), n\u00e3o h\u00e1 informa\u00e7\u00f5es se eles est\u00e3o presos, pelos crimes de c\u00e1rcere e maus tratos contra idoso.<\/p>\n<p class=\"content-text__container \" data-track-category=\"Link no Texto\" data-track-links=\"\"><span style=\"color: initial; font-family: inherit; font-size: revert; font-style: inherit; font-variant-ligatures: inherit; font-variant-caps: inherit; font-weight: inherit; text-align: center;\">O resgate aconteceu enquanto os policiais militares faziam uma opera\u00e7\u00e3o contra o tr\u00e1fico de drogas, no bairro Recanto das \u00c1guas, e ao entrarem no im\u00f3vel, os agentes encontraram a v\u00edtima presa em um quintal, com grades, sem acesso \u00e0 alimenta\u00e7\u00e3o e qualquer tipo de cuidado.<\/span><\/p>\n<\/div>\n<div class=\"mc-column content-text active-extra-styles \" style=\"text-align: justify;\" data-block-type=\"unstyled\" data-block-weight=\"37\" data-block-id=\"8\">\n<p class=\"content-text__container \" data-track-category=\"Link no Texto\" data-track-links=\"\">Eles relataram que o espa\u00e7o estava em condi\u00e7\u00f5es prec\u00e1rias, assim como o local onde ela fazia as necessidades fisiol\u00f3gicas. A idosa relatou aos militares que estava com muita fome, e que n\u00e3o era alimentada h\u00e1 dias.<\/p>\n<\/div>\n<div class=\"mc-column content-text active-extra-styles \" data-block-type=\"unstyled\" data-block-weight=\"29\" data-block-id=\"9\">\n<p class=\"content-text__container \" style=\"text-align: justify;\" data-track-category=\"Link no Texto\" data-track-links=\"\">Os policiais alimentaram a mulher e a levaram \u00e0 delegacia, para prestar depoimento. Ainda n\u00e3o h\u00e1 informa\u00e7\u00f5es sobre para onde a idosa foi levada depois de ter sido ouvida.<\/p>\n<\/div>\n<\/div>\n<p data-track-category=\"Link no Texto\" data-track-links=\"\">\n<p data-track-category=\"Link no Texto\" data-track-links=\"\">Por g1 BA e TV Sudoeste<\/p>\n","protected":false},"excerpt":{"rendered":"<p>Uma idosa de 85 anos foi resgatada por policiais militares na tarde de ter\u00e7a-feira (5), em&nbsp;Vit\u00f3ria da Conquista, sudoeste da Bahia. A v\u00edtima estava presa em um dormit\u00f3rio, no quintal de um im\u00f3vel, ao lado de um canil, em condi\u00e7\u00f5es prec\u00e1rias de comodidade e limpeza. A sobrinha da idosa e o marido dela foram levados [&hellip;]<\/p>\n","protected":false},"author":1,"featured_media":35673,"comment_status":"closed","ping_status":"open","sticky":false,"template":"","format":"standard","meta":{"_uag_custom_page_level_css":"","_monsterinsights_skip_tracking":false,"_monsterinsights_sitenote_active":false,"_monsterinsights_sitenote_note":"","_monsterinsights_sitenote_category":0,"jetpack_post_was_ever_published":false,"_jetpack_newsletter_access":"","_jetpack_dont_email_post_to_subs":false,"_jetpack_newsletter_tier_id":0,"_jetpack_memberships_contains_paywalled_content":false,"_jetpack_memberships_contains_paid_content":false,"footnotes":"","jetpack_publicize_message":"","jetpack_publicize_feature_enabled":true,"jetpack_social_post_already_shared":true,"jetpack_social_options":{"image_generator_settings":{"template":"highway","default_image_id":0,"font":"","enabled":false},"version":2}},"categories":[199],"tags":[8786,8787,8784,8785],"class_list":["post-35672","post","type-post","status-publish","format-standard","has-post-thumbnail","hentry","category-bahia","tag-condicoes-precarias","tag-dormitorio-da-vitima","tag-idosa-de-85-anos","tag-resgatada-de-carcere-privado"],"jetpack_publicize_connections":[],"jetpack_featured_media_url":"https:\/\/blogopara.com.br\/wp-content\/uploads\/2022\/04\/disep-e1649379734925.webp","uagb_featured_image_src":{"full":["https:\/\/blogopara.com.br\/wp-content\/uploads\/2022\/04\/disep-e1649379734925.webp",500,273,false],"thumbnail":["https:\/\/blogopara.com.br\/wp-content\/uploads\/2022\/04\/disep-150x150.webp",150,150,true],"medium":["https:\/\/blogopara.com.br\/wp-content\/uploads\/2022\/04\/disep-300x164.webp",300,164,true],"medium_large":["https:\/\/blogopara.com.br\/wp-content\/uploads\/2022\/04\/disep-768x419.webp",640,349,true],"large":["https:\/\/blogopara.com.br\/wp-content\/uploads\/2022\/04\/disep-e1649379734925.webp",500,273,false],"1536x1536":["https:\/\/blogopara.com.br\/wp-content\/uploads\/2022\/04\/disep-e1649379734925.webp",500,273,false],"2048x2048":["https:\/\/blogopara.com.br\/wp-content\/uploads\/2022\/04\/disep-e1649379734925.webp",500,273,false],"mantranews-slider-large":["https:\/\/blogopara.com.br\/wp-content\/uploads\/2022\/04\/disep-e1649379734925.webp",500,273,false],"mantranews-featured-medium":["https:\/\/blogopara.com.br\/wp-content\/uploads\/2022\/04\/disep-420x307.webp",420,307,true],"mantranews-featured-long":["https:\/\/blogopara.com.br\/wp-content\/uploads\/2022\/04\/disep-300x443.webp",300,443,true],"mantranews-block-medium":["https:\/\/blogopara.com.br\/wp-content\/uploads\/2022\/04\/disep-464x290.webp",464,290,true],"mantranews-carousel-image":["https:\/\/blogopara.com.br\/wp-content\/uploads\/2022\/04\/disep-600x500.webp",600,500,true],"mantranews-block-thumb":["https:\/\/blogopara.com.br\/wp-content\/uploads\/2022\/04\/disep-322x230.webp",322,230,true],"mantranews-single-large":["https:\/\/blogopara.com.br\/wp-content\/uploads\/2022\/04\/disep-e1649379734925.webp",500,273,false]},"uagb_author_info":{"display_name":"Reda\u00e7\u00e3o geral","author_link":"https:\/\/blogopara.com.br\/index.php\/author\/blogopara"},"uagb_comment_info":0,"uagb_excerpt":"Uma idosa de 85 anos foi resgatada por policiais militares na tarde de ter\u00e7a-feira (5), em&nbsp;Vit\u00f3ria da Conquista, sudoeste da Bahia. A v\u00edtima estava presa em um dormit\u00f3rio, no quintal de um im\u00f3vel, ao lado de um canil, em condi\u00e7\u00f5es prec\u00e1rias de comodidade e limpeza. A sobrinha da idosa e o marido dela foram levados&hellip;","jetpack_sharing_enabled":true,"jetpack_likes_enabled":true,"_links":{"self":[{"href":"https:\/\/blogopara.com.br\/index.php\/wp-json\/wp\/v2\/posts\/35672","targetHints":{"allow":["GET"]}}],"collection":[{"href":"https:\/\/blogopara.com.br\/index.php\/wp-json\/wp\/v2\/posts"}],"about":[{"href":"https:\/\/blogopara.com.br\/index.php\/wp-json\/wp\/v2\/types\/post"}],"author":[{"embeddable":true,"href":"https:\/\/blogopara.com.br\/index.php\/wp-json\/wp\/v2\/users\/1"}],"replies":[{"embeddable":true,"href":"https:\/\/blogopara.com.br\/index.php\/wp-json\/wp\/v2\/comments?post=35672"}],"version-history":[{"count":2,"href":"https:\/\/blogopara.com.br\/index.php\/wp-json\/wp\/v2\/posts\/35672\/revisions"}],"predecessor-version":[{"id":35731,"href":"https:\/\/blogopara.com.br\/index.php\/wp-json\/wp\/v2\/posts\/35672\/revisions\/35731"}],"wp:featuredmedia":[{"embeddable":true,"href":"https:\/\/blogopara.com.br\/index.php\/wp-json\/wp\/v2\/media\/35673"}],"wp:attachment":[{"href":"https:\/\/blogopara.com.br\/index.php\/wp-json\/wp\/v2\/media?parent=35672"}],"wp:term":[{"taxonomy":"category","embeddable":true,"href":"https:\/\/blogopara.com.br\/index.php\/wp-json\/wp\/v2\/categories?post=35672"},{"taxonomy":"post_tag","embeddable":true,"href":"https:\/\/blogopara.com.br\/index.php\/wp-json\/wp\/v2\/tags?post=35672"}],"curies":[{"name":"wp","href":"https:\/\/api.w.org\/{rel}","templated":true}]}}