{"id":35708,"date":"2022-04-07T18:48:00","date_gmt":"2022-04-07T21:48:00","guid":{"rendered":"https:\/\/blogopara.com.br\/?p=35708"},"modified":"2022-04-07T15:43:35","modified_gmt":"2022-04-07T18:43:35","slug":"atendimento-especializado-na-rede-municipal-de-ensino-de-juazeiro-e-debatido-entre-prefeitura-e-conselho-da-pessoa-com-deficiencia","status":"publish","type":"post","link":"https:\/\/blogopara.com.br\/index.php\/2022\/04\/07\/atendimento-especializado-na-rede-municipal-de-ensino-de-juazeiro-e-debatido-entre-prefeitura-e-conselho-da-pessoa-com-deficiencia","title":{"rendered":"Atendimento especializado na rede municipal de ensino de Juazeiro \u00e9 debatido entre prefeitura e Conselho da Pessoa com Defici\u00eancia"},"content":{"rendered":"<div style=\"text-align: justify;\">A Prefeitura de Juazeiro, atrav\u00e9s da Secretaria de Educa\u00e7\u00e3o e Juventude (Seduc) realizou nesta quinta-feira (07) um di\u00e1logo com representantes do Conselho Municipal da Pessoa com Defici\u00eancia para esclarecer e alinhar o suporte ao Atendimento Educacional Especializado (AEE) no munic\u00edpio.<\/div>\n<div style=\"text-align: justify;\"><\/div>\n<div style=\"text-align: justify;\">Estiveram presentes na reuni\u00e3o a superintendente de Ensino, Willani Cunha, e o vice-presidente do Conselho Municipal da Pessoa com Defici\u00eancia, Josewilson Souza, al\u00e9m da integrante do Conselho e m\u00e3e de aluno com necessidade de atendimento especializado, Regina L\u00facia Neves.<\/div>\n<div style=\"text-align: justify;\"><\/div>\n<div style=\"text-align: justify;\">Na ocasi\u00e3o, os participantes conversaram sobre o apoio e empenho da prefeitura no Atendimento Educacional Especializado, al\u00e9m da import\u00e2ncia do olhar sens\u00edvel e humanizado \u00e0s necessidades individuais de cada aluno &#8211; uma prioridade da gest\u00e3o Suzana Ramos.<\/div>\n<div style=\"text-align: justify;\"><\/div>\n<div style=\"text-align: justify;\">\u201cEsse encontro \u00e9 de grande import\u00e2ncia para que a sociedade receba respostas a respeito dos trabalhos que a Seduc vem desenvolvendo. Estamos aqui para dialogar e fazer o melhor pelas pessoas com defici\u00eancia. A gente compreende que existe um fluxo que precisa ser respeitado, mas que a gest\u00e3o est\u00e1 atenta para receber essas demandas\u201d, avaliou Josewilson.<\/div>\n<div style=\"text-align: justify;\"><\/div>\n<div style=\"text-align: justify;\"><\/div>\n<div style=\"text-align: justify;\"><b>Baixa ades\u00e3o de candidatos aprovados<\/b><\/div>\n<div style=\"text-align: justify;\"><\/div>\n<div style=\"text-align: justify;\"><\/div>\n<div style=\"text-align: justify;\">O processo seletivo que ofertou entre outras vagas, oportunidades para auxiliar de creche e auxiliar de atendimento educacional especializado, tem registrado baixa procura dos candidatos aprovados para realiza\u00e7\u00e3o dos tr\u00e2mites burocr\u00e1ticos que viabilizam os encaminhamentos para as escolas municipais. A baixa ades\u00e3o dos candidatos aprovados tem prejudicado a manuten\u00e7\u00e3o das atividades no segmento educacional.<\/div>\n<div style=\"text-align: justify;\"><\/div>\n<div style=\"text-align: justify;\">\u201cA secretaria tem o objetivo de servir \u00e0s pessoas e pensar no melhor processo para garantir uma educa\u00e7\u00e3o inclusiva e com equidade. Solicitamos da comunidade juazeirense que nos ajude na divulga\u00e7\u00e3o dos processos seletivos, atrav\u00e9s dos diversos meios de comunica\u00e7\u00e3o, para que possamos ter mais profissionais e atender as necessidades individuais de cada unidade de ensino\u201d, relata a superintendente Willani Cunha.<\/div>\n<div style=\"text-align: justify;\"><\/div>\n<div style=\"text-align: justify;\">A Seduc reitera a import\u00e2ncia dos candidatos aprovados estarem atentos aos canais de comunica\u00e7\u00e3o oficiais da Prefeitura de Juazeiro, e refor\u00e7a a necessidade dos selecionados tamb\u00e9m se atentarem aos contatos pessoais informados no ato da inscri\u00e7\u00e3o para realiza\u00e7\u00e3o de contato pela Prefeitura Municipal.<\/div>\n<div style=\"text-align: justify;\"><\/div>\n<div>\n<div dir=\"ltr\">\n<div dir=\"ltr\" style=\"text-align: justify;\"><\/div>\n<div dir=\"ltr\" style=\"text-align: justify;\">\u00a0Ascom PMJ<\/div>\n<div dir=\"ltr\" style=\"text-align: justify;\"><\/div>\n<\/div>\n<\/div>\n","protected":false},"excerpt":{"rendered":"<p>A Prefeitura de Juazeiro, atrav\u00e9s da Secretaria de Educa\u00e7\u00e3o e Juventude (Seduc) realizou nesta quinta-feira (07) um di\u00e1logo com representantes do Conselho Municipal da Pessoa com Defici\u00eancia para esclarecer e alinhar o suporte ao Atendimento Educacional Especializado (AEE) no munic\u00edpio. Estiveram presentes na reuni\u00e3o a superintendente de Ensino, Willani Cunha, e o vice-presidente do Conselho [&hellip;]<\/p>\n","protected":false},"author":1,"featured_media":35709,"comment_status":"closed","ping_status":"open","sticky":false,"template":"","format":"standard","meta":{"_uag_custom_page_level_css":"","_monsterinsights_skip_tracking":false,"_monsterinsights_sitenote_active":false,"_monsterinsights_sitenote_note":"","_monsterinsights_sitenote_category":0,"jetpack_post_was_ever_published":false,"_jetpack_newsletter_access":"","_jetpack_dont_email_post_to_subs":false,"_jetpack_newsletter_tier_id":0,"_jetpack_memberships_contains_paywalled_content":false,"_jetpack_memberships_contains_paid_content":false,"footnotes":"","jetpack_publicize_message":"","jetpack_publicize_feature_enabled":true,"jetpack_social_post_already_shared":true,"jetpack_social_options":{"image_generator_settings":{"template":"highway","default_image_id":0,"font":"","enabled":false},"version":2}},"categories":[203],"tags":[8811,8812,1325,8813,4819],"class_list":["post-35708","post","type-post","status-publish","format-standard","has-post-thumbnail","hentry","category-juazeiro","tag-atendimento-especializado","tag-juazeiro-e-debatido","tag-pessoa-com-deficiencia","tag-prefeitura-e-conselho","tag-rede-municipal-de-ensino"],"jetpack_publicize_connections":[],"jetpack_featured_media_url":"https:\/\/blogopara.com.br\/wp-content\/uploads\/2022\/04\/WhatsApp-Image-2022-04-07-at-12.48.44-PM.jpeg","uagb_featured_image_src":{"full":["https:\/\/blogopara.com.br\/wp-content\/uploads\/2022\/04\/WhatsApp-Image-2022-04-07-at-12.48.44-PM.jpeg",500,274,false],"thumbnail":["https:\/\/blogopara.com.br\/wp-content\/uploads\/2022\/04\/WhatsApp-Image-2022-04-07-at-12.48.44-PM-150x150.jpeg",150,150,true],"medium":["https:\/\/blogopara.com.br\/wp-content\/uploads\/2022\/04\/WhatsApp-Image-2022-04-07-at-12.48.44-PM-300x164.jpeg",300,164,true],"medium_large":["https:\/\/blogopara.com.br\/wp-content\/uploads\/2022\/04\/WhatsApp-Image-2022-04-07-at-12.48.44-PM.jpeg",500,274,false],"large":["https:\/\/blogopara.com.br\/wp-content\/uploads\/2022\/04\/WhatsApp-Image-2022-04-07-at-12.48.44-PM.jpeg",500,274,false],"1536x1536":["https:\/\/blogopara.com.br\/wp-content\/uploads\/2022\/04\/WhatsApp-Image-2022-04-07-at-12.48.44-PM.jpeg",500,274,false],"2048x2048":["https:\/\/blogopara.com.br\/wp-content\/uploads\/2022\/04\/WhatsApp-Image-2022-04-07-at-12.48.44-PM.jpeg",500,274,false],"mantranews-slider-large":["https:\/\/blogopara.com.br\/wp-content\/uploads\/2022\/04\/WhatsApp-Image-2022-04-07-at-12.48.44-PM.jpeg",500,274,false],"mantranews-featured-medium":["https:\/\/blogopara.com.br\/wp-content\/uploads\/2022\/04\/WhatsApp-Image-2022-04-07-at-12.48.44-PM-420x274.jpeg",420,274,true],"mantranews-featured-long":["https:\/\/blogopara.com.br\/wp-content\/uploads\/2022\/04\/WhatsApp-Image-2022-04-07-at-12.48.44-PM-300x274.jpeg",300,274,true],"mantranews-block-medium":["https:\/\/blogopara.com.br\/wp-content\/uploads\/2022\/04\/WhatsApp-Image-2022-04-07-at-12.48.44-PM-464x274.jpeg",464,274,true],"mantranews-carousel-image":["https:\/\/blogopara.com.br\/wp-content\/uploads\/2022\/04\/WhatsApp-Image-2022-04-07-at-12.48.44-PM.jpeg",500,274,false],"mantranews-block-thumb":["https:\/\/blogopara.com.br\/wp-content\/uploads\/2022\/04\/WhatsApp-Image-2022-04-07-at-12.48.44-PM-322x230.jpeg",322,230,true],"mantranews-single-large":["https:\/\/blogopara.com.br\/wp-content\/uploads\/2022\/04\/WhatsApp-Image-2022-04-07-at-12.48.44-PM.jpeg",500,274,false]},"uagb_author_info":{"display_name":"Reda\u00e7\u00e3o geral","author_link":"https:\/\/blogopara.com.br\/index.php\/author\/blogopara"},"uagb_comment_info":0,"uagb_excerpt":"A Prefeitura de Juazeiro, atrav\u00e9s da Secretaria de Educa\u00e7\u00e3o e Juventude (Seduc) realizou nesta quinta-feira (07) um di\u00e1logo com representantes do Conselho Municipal da Pessoa com Defici\u00eancia para esclarecer e alinhar o suporte ao Atendimento Educacional Especializado (AEE) no munic\u00edpio. Estiveram presentes na reuni\u00e3o a superintendente de Ensino, Willani Cunha, e o vice-presidente do Conselho&hellip;","jetpack_sharing_enabled":true,"jetpack_likes_enabled":true,"_links":{"self":[{"href":"https:\/\/blogopara.com.br\/index.php\/wp-json\/wp\/v2\/posts\/35708","targetHints":{"allow":["GET"]}}],"collection":[{"href":"https:\/\/blogopara.com.br\/index.php\/wp-json\/wp\/v2\/posts"}],"about":[{"href":"https:\/\/blogopara.com.br\/index.php\/wp-json\/wp\/v2\/types\/post"}],"author":[{"embeddable":true,"href":"https:\/\/blogopara.com.br\/index.php\/wp-json\/wp\/v2\/users\/1"}],"replies":[{"embeddable":true,"href":"https:\/\/blogopara.com.br\/index.php\/wp-json\/wp\/v2\/comments?post=35708"}],"version-history":[{"count":1,"href":"https:\/\/blogopara.com.br\/index.php\/wp-json\/wp\/v2\/posts\/35708\/revisions"}],"predecessor-version":[{"id":35710,"href":"https:\/\/blogopara.com.br\/index.php\/wp-json\/wp\/v2\/posts\/35708\/revisions\/35710"}],"wp:featuredmedia":[{"embeddable":true,"href":"https:\/\/blogopara.com.br\/index.php\/wp-json\/wp\/v2\/media\/35709"}],"wp:attachment":[{"href":"https:\/\/blogopara.com.br\/index.php\/wp-json\/wp\/v2\/media?parent=35708"}],"wp:term":[{"taxonomy":"category","embeddable":true,"href":"https:\/\/blogopara.com.br\/index.php\/wp-json\/wp\/v2\/categories?post=35708"},{"taxonomy":"post_tag","embeddable":true,"href":"https:\/\/blogopara.com.br\/index.php\/wp-json\/wp\/v2\/tags?post=35708"}],"curies":[{"name":"wp","href":"https:\/\/api.w.org\/{rel}","templated":true}]}}