{"id":35724,"date":"2022-04-08T08:48:00","date_gmt":"2022-04-08T11:48:00","guid":{"rendered":"https:\/\/blogopara.com.br\/?p=35724"},"modified":"2022-04-07T22:04:28","modified_gmt":"2022-04-08T01:04:28","slug":"prefeitura-de-juazeiro-confirma-copa-vela-para-marcar-o-aniversario-de-144-anos-da-cidade","status":"publish","type":"post","link":"https:\/\/blogopara.com.br\/index.php\/2022\/04\/08\/prefeitura-de-juazeiro-confirma-copa-vela-para-marcar-o-aniversario-de-144-anos-da-cidade","title":{"rendered":"Prefeitura de Juazeiro confirma Copa Vela para marcar o anivers\u00e1rio de 144 anos da cidade"},"content":{"rendered":"<p dir=\"ltr\" style=\"text-align: justify;\">Juazeiro vai viver um momento in\u00e9dito no pr\u00f3ximo m\u00eas de julho que promete movimentar toda a regi\u00e3o. Trata-se da Copa Vela, evento que vai marcar o anivers\u00e1rio de 144 anos da cidade, nos dias 15, 16 e 17. O evento, que j\u00e1 nasce trazendo o t\u00edtulo de Campeonato Norte e Nordeste de Windsurf, ser\u00e1 uma fus\u00e3o de categorias da classe da vela, al\u00e9m de muita m\u00fasica e agita\u00e7\u00e3o.<\/p>\n<p dir=\"ltr\" style=\"text-align: justify;\">A competi\u00e7\u00e3o reunir\u00e1 as classes Windsurf, Windsurf Foil, Hobie Cat, Wing Foil, Dingue e classe aberta de monotipos, com a possibilidade de trazer uma grande personalidade do mundo da vela. O evento est\u00e1 chancelado pela Associa\u00e7\u00e3o Brasileira de Windsurf. Pelo menos 60 velejadores de 6 estados do Nordeste, BA, PE, AL, SE e CE, al\u00e9m do RJ, j\u00e1 confirmaram presen\u00e7a.<\/p>\n<p dir=\"ltr\" style=\"text-align: justify;\">Os preparativos deste grande evento n\u00e1utico j\u00e1 foram iniciados e a ideia \u00e9 mostrar o potencial esportivo de Juazeiro para todo o pa\u00eds, fortalecendo o trade tur\u00edstico. Os organizadores de Salvador, junto com os organizadores de Juazeiro, j\u00e1 visitaram a \u00e1rea, para fazer o reconhecimento t\u00e9cnico do evento.<\/p>\n<p style=\"text-align: justify;\">\n<p dir=\"ltr\" style=\"text-align: justify;\">Celebra\u00e7\u00e3o<\/p>\n<p style=\"text-align: justify;\">\n<p dir=\"ltr\" style=\"text-align: justify;\">A ideia de trazer a Copa Vela para Juazeiro partiu da prefeita Suzana Ramos. Ela destaca que o evento ser\u00e1 uma grande celebra\u00e7\u00e3o. \u201cEsse ser\u00e1 um evento de grande celebra\u00e7\u00e3o pelo anivers\u00e1rio da cidade e vai colaborar para atrair turistas para Juazeiro, que acaba de ser inclu\u00edda no Mapa do Turismo Brasileiro, pelo governo federal. A nossa ideia \u00e9 cooperar com a divulga\u00e7\u00e3o da cidade e das suas belezas, movimentando com intensidade o esporte, a economia local, gerando emprego e renda, al\u00e9m da ocupa\u00e7\u00e3o da rede hoteleira, restaurantes e bares. Esse \u00e9 o momento ideal para o retorno das atividades, depois de tantas perdas por conta da pandemia\u201d, declara Suzana Ramos.<\/p>\n<p style=\"text-align: justify;\">\n<p dir=\"ltr\" style=\"text-align: justify;\">Expectativas<\/p>\n<p style=\"text-align: justify;\">\n<p dir=\"ltr\" style=\"text-align: justify;\">O evento n\u00e3o est\u00e1 sendo pensado apenas para os atletas, mas tamb\u00e9m para os moradores e turistas que chegar\u00e3o \u00e0 cidade. O Rio S\u00e3o Francisco ser\u00e1 transformado em uma esp\u00e9cie de \u201cpassarela n\u00e1utica\u201d, como enaltece Alexandre Lessa, organizador da Copa Vela. \u201cFazer uma Copa Vela em Juazeiro \u00e9 a realiza\u00e7\u00e3o de um sonho. A gente estava tentando trazer esse evento h\u00e1 muito tempo, mas s\u00f3 agora, com a oportunidade que a prefeita Suzana est\u00e1 nos dando, conseguir trazer a Copa Vela com essa fus\u00e3o de categorias, eu acredito que ser\u00e1 um espet\u00e1culo fant\u00e1stico. Vamos transformar o rio em uma \u2018passarela n\u00e1utica\u2019\u201d, destaca Alexandre.<\/p>\n<p dir=\"ltr\" style=\"text-align: justify;\">Para Dadau Barbosa, que coordena o evento, a expectativa \u00e9 realizar a melhor Copa Vela. \u201cRecebemos uma equipe de Salvador, que veio fazer uma visita t\u00e9cnica ao local e ficou toda encantada com a nossa estrutura e poesia. Eu, juntamente com Joacir Oliveira e Rog\u00e9rio Rego, do Setor de Esportes da prefeitura, percorremos toda \u00e1rea.\u00a0 Segundo Lessa, temos tudo para oferecer um grande espet\u00e1culo ao atleta e ao p\u00fablico. O monitoramento t\u00e9cnico meteorol\u00f3gico para esse per\u00edodo traz a melhor velocidade e dire\u00e7\u00e3o do vento, exatamente o que quer\u00edamos para dar ritmo a essa Copa Vela. Ser\u00e1 um show nas \u00e1guas do Velho Chico, com velas em velocidade de at\u00e9 60km. E em terra, vamos dar a melhor estrutura poss\u00edvel de acolhimento do evento, agregando festa, coisa que o nosso povo sabe fazer e bem. Temos o privil\u00e9gio de ter uma proximidade grande da cidade com o rio. Isso vai gerar um acolhimento perfeito\u201d, conclui Dadau.<\/p>\n<p style=\"text-align: justify;\">\n<p dir=\"ltr\" style=\"text-align: justify;\">&#8216;Copa Fest&#8217;<\/p>\n<p style=\"text-align: justify;\">\n<p dir=\"ltr\" style=\"text-align: justify;\">Al\u00e9m da competi\u00e7\u00e3o nas \u00e1guas do S\u00e3o Francisco, a celebra\u00e7\u00e3o contar\u00e1 com uma programa\u00e7\u00e3o festiva na Orla da cidade, fortalecendo ainda mais o polo Juazeiro como vitrine do entretenimento. Enquanto as competi\u00e7\u00f5es acontecem no rio, quem estiver na parte alta da Orla curtir\u00e1 uma grande festa, retomando as grandes celebra\u00e7\u00f5es nesse momento considerado de p\u00f3s-pandemia.<\/p>\n<p dir=\"ltr\" style=\"text-align: justify;\">\n<p dir=\"ltr\" style=\"text-align: justify;\">Ascom\/PMJ<\/p>\n","protected":false},"excerpt":{"rendered":"<p>Juazeiro vai viver um momento in\u00e9dito no pr\u00f3ximo m\u00eas de julho que promete movimentar toda a regi\u00e3o. Trata-se da Copa Vela, evento que vai marcar o anivers\u00e1rio de 144 anos da cidade, nos dias 15, 16 e 17. O evento, que j\u00e1 nasce trazendo o t\u00edtulo de Campeonato Norte e Nordeste de Windsurf, ser\u00e1 uma [&hellip;]<\/p>\n","protected":false},"author":1,"featured_media":35732,"comment_status":"closed","ping_status":"open","sticky":false,"template":"","format":"standard","meta":{"_uag_custom_page_level_css":"","_monsterinsights_skip_tracking":false,"_monsterinsights_sitenote_active":false,"_monsterinsights_sitenote_note":"","_monsterinsights_sitenote_category":0,"jetpack_post_was_ever_published":false,"_jetpack_newsletter_access":"","_jetpack_dont_email_post_to_subs":false,"_jetpack_newsletter_tier_id":0,"_jetpack_memberships_contains_paywalled_content":false,"_jetpack_memberships_contains_paid_content":false,"footnotes":"","jetpack_publicize_message":"","jetpack_publicize_feature_enabled":true,"jetpack_social_post_already_shared":true,"jetpack_social_options":{"image_generator_settings":{"template":"highway","default_image_id":0,"font":"","enabled":false},"version":2}},"categories":[203],"tags":[8818,8816,8817,340],"class_list":["post-35724","post","type-post","status-publish","format-standard","has-post-thumbnail","hentry","category-juazeiro","tag-144-anos-da-cidade","tag-confirma-copa-velz","tag-marcar-aniversario","tag-prefeitura-de-juazeiro"],"jetpack_publicize_connections":[],"jetpack_featured_media_url":"https:\/\/blogopara.com.br\/wp-content\/uploads\/2022\/04\/Visita-tecnica-Orla-Copa-Vela-Foto-Samuel-Ferreira-PMJ.jpg","uagb_featured_image_src":{"full":["https:\/\/blogopara.com.br\/wp-content\/uploads\/2022\/04\/Visita-tecnica-Orla-Copa-Vela-Foto-Samuel-Ferreira-PMJ.jpg",500,333,false],"thumbnail":["https:\/\/blogopara.com.br\/wp-content\/uploads\/2022\/04\/Visita-tecnica-Orla-Copa-Vela-Foto-Samuel-Ferreira-PMJ-150x150.jpg",150,150,true],"medium":["https:\/\/blogopara.com.br\/wp-content\/uploads\/2022\/04\/Visita-tecnica-Orla-Copa-Vela-Foto-Samuel-Ferreira-PMJ-300x200.jpg",300,200,true],"medium_large":["https:\/\/blogopara.com.br\/wp-content\/uploads\/2022\/04\/Visita-tecnica-Orla-Copa-Vela-Foto-Samuel-Ferreira-PMJ.jpg",500,333,false],"large":["https:\/\/blogopara.com.br\/wp-content\/uploads\/2022\/04\/Visita-tecnica-Orla-Copa-Vela-Foto-Samuel-Ferreira-PMJ.jpg",500,333,false],"1536x1536":["https:\/\/blogopara.com.br\/wp-content\/uploads\/2022\/04\/Visita-tecnica-Orla-Copa-Vela-Foto-Samuel-Ferreira-PMJ.jpg",500,333,false],"2048x2048":["https:\/\/blogopara.com.br\/wp-content\/uploads\/2022\/04\/Visita-tecnica-Orla-Copa-Vela-Foto-Samuel-Ferreira-PMJ.jpg",500,333,false],"mantranews-slider-large":["https:\/\/blogopara.com.br\/wp-content\/uploads\/2022\/04\/Visita-tecnica-Orla-Copa-Vela-Foto-Samuel-Ferreira-PMJ.jpg",500,333,false],"mantranews-featured-medium":["https:\/\/blogopara.com.br\/wp-content\/uploads\/2022\/04\/Visita-tecnica-Orla-Copa-Vela-Foto-Samuel-Ferreira-PMJ-420x307.jpg",420,307,true],"mantranews-featured-long":["https:\/\/blogopara.com.br\/wp-content\/uploads\/2022\/04\/Visita-tecnica-Orla-Copa-Vela-Foto-Samuel-Ferreira-PMJ-300x333.jpg",300,333,true],"mantranews-block-medium":["https:\/\/blogopara.com.br\/wp-content\/uploads\/2022\/04\/Visita-tecnica-Orla-Copa-Vela-Foto-Samuel-Ferreira-PMJ-464x290.jpg",464,290,true],"mantranews-carousel-image":["https:\/\/blogopara.com.br\/wp-content\/uploads\/2022\/04\/Visita-tecnica-Orla-Copa-Vela-Foto-Samuel-Ferreira-PMJ.jpg",500,333,false],"mantranews-block-thumb":["https:\/\/blogopara.com.br\/wp-content\/uploads\/2022\/04\/Visita-tecnica-Orla-Copa-Vela-Foto-Samuel-Ferreira-PMJ-322x230.jpg",322,230,true],"mantranews-single-large":["https:\/\/blogopara.com.br\/wp-content\/uploads\/2022\/04\/Visita-tecnica-Orla-Copa-Vela-Foto-Samuel-Ferreira-PMJ.jpg",500,333,false]},"uagb_author_info":{"display_name":"Reda\u00e7\u00e3o geral","author_link":"https:\/\/blogopara.com.br\/index.php\/author\/blogopara"},"uagb_comment_info":0,"uagb_excerpt":"Juazeiro vai viver um momento in\u00e9dito no pr\u00f3ximo m\u00eas de julho que promete movimentar toda a regi\u00e3o. Trata-se da Copa Vela, evento que vai marcar o anivers\u00e1rio de 144 anos da cidade, nos dias 15, 16 e 17. O evento, que j\u00e1 nasce trazendo o t\u00edtulo de Campeonato Norte e Nordeste de Windsurf, ser\u00e1 uma&hellip;","jetpack_sharing_enabled":true,"jetpack_likes_enabled":true,"_links":{"self":[{"href":"https:\/\/blogopara.com.br\/index.php\/wp-json\/wp\/v2\/posts\/35724","targetHints":{"allow":["GET"]}}],"collection":[{"href":"https:\/\/blogopara.com.br\/index.php\/wp-json\/wp\/v2\/posts"}],"about":[{"href":"https:\/\/blogopara.com.br\/index.php\/wp-json\/wp\/v2\/types\/post"}],"author":[{"embeddable":true,"href":"https:\/\/blogopara.com.br\/index.php\/wp-json\/wp\/v2\/users\/1"}],"replies":[{"embeddable":true,"href":"https:\/\/blogopara.com.br\/index.php\/wp-json\/wp\/v2\/comments?post=35724"}],"version-history":[{"count":1,"href":"https:\/\/blogopara.com.br\/index.php\/wp-json\/wp\/v2\/posts\/35724\/revisions"}],"predecessor-version":[{"id":35733,"href":"https:\/\/blogopara.com.br\/index.php\/wp-json\/wp\/v2\/posts\/35724\/revisions\/35733"}],"wp:featuredmedia":[{"embeddable":true,"href":"https:\/\/blogopara.com.br\/index.php\/wp-json\/wp\/v2\/media\/35732"}],"wp:attachment":[{"href":"https:\/\/blogopara.com.br\/index.php\/wp-json\/wp\/v2\/media?parent=35724"}],"wp:term":[{"taxonomy":"category","embeddable":true,"href":"https:\/\/blogopara.com.br\/index.php\/wp-json\/wp\/v2\/categories?post=35724"},{"taxonomy":"post_tag","embeddable":true,"href":"https:\/\/blogopara.com.br\/index.php\/wp-json\/wp\/v2\/tags?post=35724"}],"curies":[{"name":"wp","href":"https:\/\/api.w.org\/{rel}","templated":true}]}}