{"id":35788,"date":"2022-04-09T14:07:40","date_gmt":"2022-04-09T17:07:40","guid":{"rendered":"https:\/\/blogopara.com.br\/?p=35788"},"modified":"2022-04-09T14:07:43","modified_gmt":"2022-04-09T17:07:43","slug":"em-agenda-no-interior-leao-diz-que-acm-neto-sera-o-melhor-governador-da-historia-da-bahia","status":"publish","type":"post","link":"https:\/\/blogopara.com.br\/index.php\/2022\/04\/09\/em-agenda-no-interior-leao-diz-que-acm-neto-sera-o-melhor-governador-da-historia-da-bahia","title":{"rendered":"Em agenda no interior, Le\u00e3o diz que ACM Neto ser\u00e1 o &#8216;melhor governador da hist\u00f3ria da Bahia&#8217;"},"content":{"rendered":"<div class=\"box-body\" data-io-article-url=\"https:\/\/www.bahianoticias.com.br\/noticia\/267688-em-agenda-no-interior-leao-diz-que-acm-neto-sera-o-melhor-governador-da-historia-da-bahia.html\">\n<div class=\"text-descricao\">\n<p style=\"text-align: justify;\">Durante uma agenda pol\u00edtica nesta sexta-feira (8), em Irar\u00e1, Ouri\u00e7angas, Aramari e Alagoinhas, o vice-governador Jo\u00e3o Le\u00e3o (PP) e pr\u00e9-candidato ao Senado, disse que ACM Neto foi eleito o melhor prefeito do Brasil e ser\u00e1 o &#8220;futuro melhor governador da hist\u00f3ria da Bahia&#8221;.<\/p>\n<p style=\"text-align: justify;\">&#8220;Eu estou muito feliz por caminhar ao lado de Neto. Por onde temos passado encontramos s\u00f3 sorrisos e olhares de esperan\u00e7a. Toda minha experi\u00eancia e conhecimento de cada canto dessa Bahia, vou colocar \u00e0 servi\u00e7o dele, para que juntos possamos ouvir as necessidades do povo e trabalhar por uma nova Bahia&#8221;, disse Le\u00e3o.<\/p>\n<p style=\"text-align: justify;\">ACM Neto destacou que o vice-governador passou a vida toda servindo aos baianos. \u201cLe\u00e3o vai ser a voz mais importante da Bahia no Congresso Nacional. Tenho orgulho de ter ao meu lado um dos homens p\u00fablicos que mais conhece a Bahia. Com a palma da m\u00e3o Le\u00e3o sabe definir cada cent\u00edmetro do nosso estado. N\u00f3s somamos a juventude com a experi\u00eancia\u201d, afirmou.<\/p>\n<p style=\"text-align: justify;\">Neto e Le\u00e3o seguem em agenda no interior nesta s\u00e1bado (9), nas cidades de Ara\u00e7\u00e1s e Janda\u00edra.<\/p>\n<\/div>\n<\/div>\n","protected":false},"excerpt":{"rendered":"<p>Durante uma agenda pol\u00edtica nesta sexta-feira (8), em Irar\u00e1, Ouri\u00e7angas, Aramari e Alagoinhas, o vice-governador Jo\u00e3o Le\u00e3o (PP) e pr\u00e9-candidato ao Senado, disse que ACM Neto foi eleito o melhor prefeito do Brasil e ser\u00e1 o &#8220;futuro melhor governador da hist\u00f3ria da Bahia&#8221;. &#8220;Eu estou muito feliz por caminhar ao lado de Neto. Por onde [&hellip;]<\/p>\n","protected":false},"author":1,"featured_media":35791,"comment_status":"closed","ping_status":"open","sticky":false,"template":"","format":"standard","meta":{"_uag_custom_page_level_css":"","_monsterinsights_skip_tracking":false,"_monsterinsights_sitenote_active":false,"_monsterinsights_sitenote_note":"","_monsterinsights_sitenote_category":0,"jetpack_post_was_ever_published":false,"_jetpack_newsletter_access":"","_jetpack_dont_email_post_to_subs":false,"_jetpack_newsletter_tier_id":0,"_jetpack_memberships_contains_paywalled_content":false,"_jetpack_memberships_contains_paid_content":false,"footnotes":"","jetpack_publicize_message":"","jetpack_publicize_feature_enabled":true,"jetpack_social_post_already_shared":true,"jetpack_social_options":{"image_generator_settings":{"template":"highway","default_image_id":0,"font":"","enabled":false},"version":2}},"categories":[199,197],"tags":[],"class_list":["post-35788","post","type-post","status-publish","format-standard","has-post-thumbnail","hentry","category-bahia","category-politica"],"jetpack_publicize_connections":[],"jetpack_featured_media_url":"https:\/\/blogopara.com.br\/wp-content\/uploads\/2022\/04\/IMAGEM_NOTICIA_5-1-1.jpg","uagb_featured_image_src":{"full":["https:\/\/blogopara.com.br\/wp-content\/uploads\/2022\/04\/IMAGEM_NOTICIA_5-1-1.jpg",400,294,false],"thumbnail":["https:\/\/blogopara.com.br\/wp-content\/uploads\/2022\/04\/IMAGEM_NOTICIA_5-1-1-150x150.jpg",150,150,true],"medium":["https:\/\/blogopara.com.br\/wp-content\/uploads\/2022\/04\/IMAGEM_NOTICIA_5-1-1-300x221.jpg",300,221,true],"medium_large":["https:\/\/blogopara.com.br\/wp-content\/uploads\/2022\/04\/IMAGEM_NOTICIA_5-1-1.jpg",400,294,false],"large":["https:\/\/blogopara.com.br\/wp-content\/uploads\/2022\/04\/IMAGEM_NOTICIA_5-1-1.jpg",400,294,false],"1536x1536":["https:\/\/blogopara.com.br\/wp-content\/uploads\/2022\/04\/IMAGEM_NOTICIA_5-1-1.jpg",400,294,false],"2048x2048":["https:\/\/blogopara.com.br\/wp-content\/uploads\/2022\/04\/IMAGEM_NOTICIA_5-1-1.jpg",400,294,false],"mantranews-slider-large":["https:\/\/blogopara.com.br\/wp-content\/uploads\/2022\/04\/IMAGEM_NOTICIA_5-1-1.jpg",400,294,false],"mantranews-featured-medium":["https:\/\/blogopara.com.br\/wp-content\/uploads\/2022\/04\/IMAGEM_NOTICIA_5-1-1.jpg",400,294,false],"mantranews-featured-long":["https:\/\/blogopara.com.br\/wp-content\/uploads\/2022\/04\/IMAGEM_NOTICIA_5-1-1-300x294.jpg",300,294,true],"mantranews-block-medium":["https:\/\/blogopara.com.br\/wp-content\/uploads\/2022\/04\/IMAGEM_NOTICIA_5-1-1-400x290.jpg",400,290,true],"mantranews-carousel-image":["https:\/\/blogopara.com.br\/wp-content\/uploads\/2022\/04\/IMAGEM_NOTICIA_5-1-1.jpg",400,294,false],"mantranews-block-thumb":["https:\/\/blogopara.com.br\/wp-content\/uploads\/2022\/04\/IMAGEM_NOTICIA_5-1-1-322x230.jpg",322,230,true],"mantranews-single-large":["https:\/\/blogopara.com.br\/wp-content\/uploads\/2022\/04\/IMAGEM_NOTICIA_5-1-1.jpg",400,294,false]},"uagb_author_info":{"display_name":"Reda\u00e7\u00e3o geral","author_link":"https:\/\/blogopara.com.br\/index.php\/author\/blogopara"},"uagb_comment_info":0,"uagb_excerpt":"Durante uma agenda pol\u00edtica nesta sexta-feira (8), em Irar\u00e1, Ouri\u00e7angas, Aramari e Alagoinhas, o vice-governador Jo\u00e3o Le\u00e3o (PP) e pr\u00e9-candidato ao Senado, disse que ACM Neto foi eleito o melhor prefeito do Brasil e ser\u00e1 o &#8220;futuro melhor governador da hist\u00f3ria da Bahia&#8221;. &#8220;Eu estou muito feliz por caminhar ao lado de Neto. Por onde&hellip;","jetpack_sharing_enabled":true,"jetpack_likes_enabled":true,"_links":{"self":[{"href":"https:\/\/blogopara.com.br\/index.php\/wp-json\/wp\/v2\/posts\/35788","targetHints":{"allow":["GET"]}}],"collection":[{"href":"https:\/\/blogopara.com.br\/index.php\/wp-json\/wp\/v2\/posts"}],"about":[{"href":"https:\/\/blogopara.com.br\/index.php\/wp-json\/wp\/v2\/types\/post"}],"author":[{"embeddable":true,"href":"https:\/\/blogopara.com.br\/index.php\/wp-json\/wp\/v2\/users\/1"}],"replies":[{"embeddable":true,"href":"https:\/\/blogopara.com.br\/index.php\/wp-json\/wp\/v2\/comments?post=35788"}],"version-history":[{"count":1,"href":"https:\/\/blogopara.com.br\/index.php\/wp-json\/wp\/v2\/posts\/35788\/revisions"}],"predecessor-version":[{"id":35792,"href":"https:\/\/blogopara.com.br\/index.php\/wp-json\/wp\/v2\/posts\/35788\/revisions\/35792"}],"wp:featuredmedia":[{"embeddable":true,"href":"https:\/\/blogopara.com.br\/index.php\/wp-json\/wp\/v2\/media\/35791"}],"wp:attachment":[{"href":"https:\/\/blogopara.com.br\/index.php\/wp-json\/wp\/v2\/media?parent=35788"}],"wp:term":[{"taxonomy":"category","embeddable":true,"href":"https:\/\/blogopara.com.br\/index.php\/wp-json\/wp\/v2\/categories?post=35788"},{"taxonomy":"post_tag","embeddable":true,"href":"https:\/\/blogopara.com.br\/index.php\/wp-json\/wp\/v2\/tags?post=35788"}],"curies":[{"name":"wp","href":"https:\/\/api.w.org\/{rel}","templated":true}]}}