{"id":35836,"date":"2022-04-11T07:48:00","date_gmt":"2022-04-11T10:48:00","guid":{"rendered":"https:\/\/blogopara.com.br\/?p=35836"},"modified":"2022-04-11T07:35:16","modified_gmt":"2022-04-11T10:35:16","slug":"testagem-por-livre-demanda-passa-a-ser-realizada-no-lacen-de-juazeiro","status":"publish","type":"post","link":"https:\/\/blogopara.com.br\/index.php\/2022\/04\/11\/testagem-por-livre-demanda-passa-a-ser-realizada-no-lacen-de-juazeiro","title":{"rendered":"Testagem por livre demanda passa a ser realizada no Lacen de Juazeiro"},"content":{"rendered":"<p style=\"font-weight: 400; text-align: justify;\">Os moradores de Juazeiro que apresentam sintomas gripais e que precisam realizar o teste para detec\u00e7\u00e3o da Covid-19 poder\u00e3o faz\u00ea-lo no Lacen a partir do dia 19 de abril por livre demanda. O ponto de testagem que funciona no Centro de Cultura Jo\u00e3o Gilberto ser\u00e1 encerrado devido \u00e0 baix\u00edssima procura h\u00e1 mais de um m\u00eas.<\/p>\n<p style=\"font-weight: 400; text-align: justify;\">No Ponto de Testagem do Centro de Cultura est\u00e3o sendo atendidas, atualmente, uma m\u00e9dia de 10 pessoas por turno, sendo a maior parte com resultados negativos. \u201cQuando abrimos o ponto de testagem foi com o objetivo de atender uma demanda de pessoas com sintomas gripais que estava muito alta. No pico, chegamos a atender mais de 250 pessoas somente l\u00e1. Agora, com um cen\u00e1rio epidemiol\u00f3gico da pandemia da Covid-19 mais controlado, o Lacen consegue absorver esses testes\u201d, destacou o diretor de Vigil\u00e2ncia em Sa\u00fade da Secretaria de Sa\u00fade de Juazeiro, Djalma Amorim.<\/p>\n<p style=\"font-weight: 400; text-align: justify;\">Segundo Djalma, o Ponto de Testagem do Centro de Cultura Jo\u00e3o Gilberto, da Secretaria de Sa\u00fade de Juazeiro, ficar\u00e1 aberto at\u00e9 dia 13 de abril. Para fazer a testagem para detec\u00e7\u00e3o da Covid-19 no Lacen \u00e9 necess\u00e1rio que a pessoa apresente, pelo menos, dois sintomas gripais h\u00e1 pelo menos dois dias e leve os documentos pessoais.<\/p>\n<p style=\"font-weight: 400; text-align: justify;\">O Lacen fica localizado na Rua Marechal Deodoro da Fonseca, n\u00ba 05, no Centro da cidade, por tr\u00e1s do Hospital Promatre, das 7h \u00e0s 17h, de segunda e sexta-feira. O telefone para contato \u00e9 (74) 3611 7307.<\/p>\n<p style=\"text-align: justify;\">\n<p style=\"font-weight: 400; text-align: justify;\">Ascom Sesau PMJ<\/p>\n<p style=\"font-weight: 400; text-align: justify;\">\n","protected":false},"excerpt":{"rendered":"<p>Os moradores de Juazeiro que apresentam sintomas gripais e que precisam realizar o teste para detec\u00e7\u00e3o da Covid-19 poder\u00e3o faz\u00ea-lo no Lacen a partir do dia 19 de abril por livre demanda. O ponto de testagem que funciona no Centro de Cultura Jo\u00e3o Gilberto ser\u00e1 encerrado devido \u00e0 baix\u00edssima procura h\u00e1 mais de um m\u00eas. [&hellip;]<\/p>\n","protected":false},"author":1,"featured_media":35837,"comment_status":"closed","ping_status":"open","sticky":false,"template":"","format":"standard","meta":{"_uag_custom_page_level_css":"","_monsterinsights_skip_tracking":false,"_monsterinsights_sitenote_active":false,"_monsterinsights_sitenote_note":"","_monsterinsights_sitenote_category":0,"jetpack_post_was_ever_published":false,"_jetpack_newsletter_access":"","_jetpack_dont_email_post_to_subs":false,"_jetpack_newsletter_tier_id":0,"_jetpack_memberships_contains_paywalled_content":false,"_jetpack_memberships_contains_paid_content":false,"footnotes":"","jetpack_publicize_message":"","jetpack_publicize_feature_enabled":true,"jetpack_social_post_already_shared":true,"jetpack_social_options":{"image_generator_settings":{"template":"highway","default_image_id":0,"font":"","enabled":false},"version":2}},"categories":[203],"tags":[8876,8874,8875,8873],"class_list":["post-35836","post","type-post","status-publish","format-standard","has-post-thumbnail","hentry","category-juazeiro","tag-lacen-de-juazeiro","tag-livre-demanda","tag-passa-a-ser-relizada","tag-testagem"],"jetpack_publicize_connections":[],"jetpack_featured_media_url":"https:\/\/blogopara.com.br\/wp-content\/uploads\/2022\/04\/Ponto-de-Testagem-Foto-por-Samuel-Laudilio-PMJ-5.jpg","uagb_featured_image_src":{"full":["https:\/\/blogopara.com.br\/wp-content\/uploads\/2022\/04\/Ponto-de-Testagem-Foto-por-Samuel-Laudilio-PMJ-5.jpg",500,333,false],"thumbnail":["https:\/\/blogopara.com.br\/wp-content\/uploads\/2022\/04\/Ponto-de-Testagem-Foto-por-Samuel-Laudilio-PMJ-5-150x150.jpg",150,150,true],"medium":["https:\/\/blogopara.com.br\/wp-content\/uploads\/2022\/04\/Ponto-de-Testagem-Foto-por-Samuel-Laudilio-PMJ-5-300x200.jpg",300,200,true],"medium_large":["https:\/\/blogopara.com.br\/wp-content\/uploads\/2022\/04\/Ponto-de-Testagem-Foto-por-Samuel-Laudilio-PMJ-5.jpg",500,333,false],"large":["https:\/\/blogopara.com.br\/wp-content\/uploads\/2022\/04\/Ponto-de-Testagem-Foto-por-Samuel-Laudilio-PMJ-5.jpg",500,333,false],"1536x1536":["https:\/\/blogopara.com.br\/wp-content\/uploads\/2022\/04\/Ponto-de-Testagem-Foto-por-Samuel-Laudilio-PMJ-5.jpg",500,333,false],"2048x2048":["https:\/\/blogopara.com.br\/wp-content\/uploads\/2022\/04\/Ponto-de-Testagem-Foto-por-Samuel-Laudilio-PMJ-5.jpg",500,333,false],"mantranews-slider-large":["https:\/\/blogopara.com.br\/wp-content\/uploads\/2022\/04\/Ponto-de-Testagem-Foto-por-Samuel-Laudilio-PMJ-5.jpg",500,333,false],"mantranews-featured-medium":["https:\/\/blogopara.com.br\/wp-content\/uploads\/2022\/04\/Ponto-de-Testagem-Foto-por-Samuel-Laudilio-PMJ-5-420x307.jpg",420,307,true],"mantranews-featured-long":["https:\/\/blogopara.com.br\/wp-content\/uploads\/2022\/04\/Ponto-de-Testagem-Foto-por-Samuel-Laudilio-PMJ-5-300x333.jpg",300,333,true],"mantranews-block-medium":["https:\/\/blogopara.com.br\/wp-content\/uploads\/2022\/04\/Ponto-de-Testagem-Foto-por-Samuel-Laudilio-PMJ-5-464x290.jpg",464,290,true],"mantranews-carousel-image":["https:\/\/blogopara.com.br\/wp-content\/uploads\/2022\/04\/Ponto-de-Testagem-Foto-por-Samuel-Laudilio-PMJ-5.jpg",500,333,false],"mantranews-block-thumb":["https:\/\/blogopara.com.br\/wp-content\/uploads\/2022\/04\/Ponto-de-Testagem-Foto-por-Samuel-Laudilio-PMJ-5-322x230.jpg",322,230,true],"mantranews-single-large":["https:\/\/blogopara.com.br\/wp-content\/uploads\/2022\/04\/Ponto-de-Testagem-Foto-por-Samuel-Laudilio-PMJ-5.jpg",500,333,false]},"uagb_author_info":{"display_name":"Reda\u00e7\u00e3o geral","author_link":"https:\/\/blogopara.com.br\/index.php\/author\/blogopara"},"uagb_comment_info":0,"uagb_excerpt":"Os moradores de Juazeiro que apresentam sintomas gripais e que precisam realizar o teste para detec\u00e7\u00e3o da Covid-19 poder\u00e3o faz\u00ea-lo no Lacen a partir do dia 19 de abril por livre demanda. O ponto de testagem que funciona no Centro de Cultura Jo\u00e3o Gilberto ser\u00e1 encerrado devido \u00e0 baix\u00edssima procura h\u00e1 mais de um m\u00eas.&hellip;","jetpack_sharing_enabled":true,"jetpack_likes_enabled":true,"_links":{"self":[{"href":"https:\/\/blogopara.com.br\/index.php\/wp-json\/wp\/v2\/posts\/35836","targetHints":{"allow":["GET"]}}],"collection":[{"href":"https:\/\/blogopara.com.br\/index.php\/wp-json\/wp\/v2\/posts"}],"about":[{"href":"https:\/\/blogopara.com.br\/index.php\/wp-json\/wp\/v2\/types\/post"}],"author":[{"embeddable":true,"href":"https:\/\/blogopara.com.br\/index.php\/wp-json\/wp\/v2\/users\/1"}],"replies":[{"embeddable":true,"href":"https:\/\/blogopara.com.br\/index.php\/wp-json\/wp\/v2\/comments?post=35836"}],"version-history":[{"count":1,"href":"https:\/\/blogopara.com.br\/index.php\/wp-json\/wp\/v2\/posts\/35836\/revisions"}],"predecessor-version":[{"id":35838,"href":"https:\/\/blogopara.com.br\/index.php\/wp-json\/wp\/v2\/posts\/35836\/revisions\/35838"}],"wp:featuredmedia":[{"embeddable":true,"href":"https:\/\/blogopara.com.br\/index.php\/wp-json\/wp\/v2\/media\/35837"}],"wp:attachment":[{"href":"https:\/\/blogopara.com.br\/index.php\/wp-json\/wp\/v2\/media?parent=35836"}],"wp:term":[{"taxonomy":"category","embeddable":true,"href":"https:\/\/blogopara.com.br\/index.php\/wp-json\/wp\/v2\/categories?post=35836"},{"taxonomy":"post_tag","embeddable":true,"href":"https:\/\/blogopara.com.br\/index.php\/wp-json\/wp\/v2\/tags?post=35836"}],"curies":[{"name":"wp","href":"https:\/\/api.w.org\/{rel}","templated":true}]}}