{"id":35859,"date":"2022-04-11T16:32:00","date_gmt":"2022-04-11T19:32:00","guid":{"rendered":"https:\/\/blogopara.com.br\/?p=35859"},"modified":"2022-04-11T13:36:10","modified_gmt":"2022-04-11T16:36:10","slug":"ano-eleitoral-rui-costa-libera-uso-de-mascaras-em-locais-fechados-na-bahia","status":"publish","type":"post","link":"https:\/\/blogopara.com.br\/index.php\/2022\/04\/11\/ano-eleitoral-rui-costa-libera-uso-de-mascaras-em-locais-fechados-na-bahia","title":{"rendered":"Ano eleitoral: Rui Costa libera uso de m\u00e1scaras em locais fechados na Bahia"},"content":{"rendered":"<p style=\"text-align: justify;\">O governador da Bahia, Rui Costa (PT), liberou o uso de m\u00e1scaras em locais fechados, a exce\u00e7\u00e3o de unidades de sa\u00fade. A informa\u00e7\u00e3o foi confirmada ao\u00a0<strong>Metro1<\/strong>\u00a0pela Secretaria de Comunica\u00e7\u00e3o do governo.<\/p>\n<p>O an\u00fancio do governador ocorreu durante evento em Ibicu\u00ed. Segundo a Secom, Rui vai assinar ainda nesta segunda-feira (11) o decreto que libera as m\u00e1scaras.<\/p>\n<p>Em uma publica\u00e7\u00e3o no Twitter, Rui confirmou: &#8220;Neste fim de semana, alcan\u00e7amos menos de 100 pessoas em leitos de UTI e menos 1.000 casos ativos de coronav\u00edrus na Bahia. Logo, hoje \u00e0 tarde, assino o decreto liberando as m\u00e1scaras em ambientes fechados. No entanto, vamos manter a obriga\u00e7\u00e3o das mesmas nas unidades de sa\u00fade&#8221;.<\/p>\n<div class=\"twitter-tweet twitter-tweet-rendered\" style=\"text-align: justify;\"><iframe id=\"twitter-widget-0\" class=\"\" title=\"Twitter Tweet\" src=\"https:\/\/platform.twitter.com\/embed\/Tweet.html?creatorScreenName=metro1&amp;dnt=false&amp;embedId=twitter-widget-0&amp;features=eyJ0ZndfZXhwZXJpbWVudHNfY29va2llX2V4cGlyYXRpb24iOnsiYnVja2V0IjoxMjA5NjAwLCJ2ZXJzaW9uIjpudWxsfSwidGZ3X3NwYWNlX2NhcmQiOnsiYnVja2V0Ijoib2ZmIiwidmVyc2lvbiI6bnVsbH0sInRmd19zZW5zaXRpdmVfbWVkaWFfaW50ZXJzdGl0aWFsXzEzOTYzIjp7ImJ1Y2tldCI6ImludGVyc3RpdGlhbCIsInZlcnNpb24iOjR9fQ%3D%3D&amp;frame=false&amp;hideCard=false&amp;hideThread=false&amp;id=1513547571251322887&amp;lang=pt&amp;origin=https%3A%2F%2Fwww.metro1.com.br%2Fnoticias%2Fpolitica%2F121700%2Ccom-meta-atingida-rui-costa-libera-uso-de-mascaras-em-locais-fechados-na-bahia&amp;sessionId=1d43cacff8eacae5920728818d2500510ea46440&amp;siteScreenName=metro1&amp;theme=light&amp;widgetsVersion=940dd9ee54270%3A1649359550911&amp;width=550px\" frameborder=\"0\" scrolling=\"no\" allowfullscreen=\"allowfullscreen\" data-tweet-id=\"1513547571251322887\" data-mce-fragment=\"1\"><\/iframe><\/div>\n<div style=\"text-align: justify;\"><\/div>\n<div style=\"text-align: justify;\">Fonte de informa\u00e7\u00f5es: Metro<\/div>\n","protected":false},"excerpt":{"rendered":"<p>O governador da Bahia, Rui Costa (PT), liberou o uso de m\u00e1scaras em locais fechados, a exce\u00e7\u00e3o de unidades de sa\u00fade. A informa\u00e7\u00e3o foi confirmada ao\u00a0Metro1\u00a0pela Secretaria de Comunica\u00e7\u00e3o do governo. O an\u00fancio do governador ocorreu durante evento em Ibicu\u00ed. Segundo a Secom, Rui vai assinar ainda nesta segunda-feira (11) o decreto que libera as [&hellip;]<\/p>\n","protected":false},"author":1,"featured_media":13230,"comment_status":"closed","ping_status":"open","sticky":false,"template":"","format":"standard","meta":{"_uag_custom_page_level_css":"","_monsterinsights_skip_tracking":false,"_monsterinsights_sitenote_active":false,"_monsterinsights_sitenote_note":"","_monsterinsights_sitenote_category":0,"jetpack_post_was_ever_published":false,"_jetpack_newsletter_access":"","_jetpack_dont_email_post_to_subs":false,"_jetpack_newsletter_tier_id":0,"_jetpack_memberships_contains_paywalled_content":false,"_jetpack_memberships_contains_paid_content":false,"footnotes":"","jetpack_publicize_message":"","jetpack_publicize_feature_enabled":true,"jetpack_social_post_already_shared":true,"jetpack_social_options":{"image_generator_settings":{"template":"highway","default_image_id":0,"font":"","enabled":false},"version":2}},"categories":[199,1624,197],"tags":[],"class_list":["post-35859","post","type-post","status-publish","format-standard","has-post-thumbnail","hentry","category-bahia","category-covid-19","category-politica"],"jetpack_publicize_connections":[],"jetpack_featured_media_url":"https:\/\/blogopara.com.br\/wp-content\/uploads\/2020\/08\/Portal-Acesse-Pol\u00edtica-O-site-de-pol\u00edtica-que-mais-cresce-na-Bahia-acessepolitica.com_.br-rui-costa-celular-telefone.jpg","uagb_featured_image_src":{"full":["https:\/\/blogopara.com.br\/wp-content\/uploads\/2020\/08\/Portal-Acesse-Pol\u00edtica-O-site-de-pol\u00edtica-que-mais-cresce-na-Bahia-acessepolitica.com_.br-rui-costa-celular-telefone.jpg",500,250,false],"thumbnail":["https:\/\/blogopara.com.br\/wp-content\/uploads\/2020\/08\/Portal-Acesse-Pol\u00edtica-O-site-de-pol\u00edtica-que-mais-cresce-na-Bahia-acessepolitica.com_.br-rui-costa-celular-telefone-150x150.jpg",150,150,true],"medium":["https:\/\/blogopara.com.br\/wp-content\/uploads\/2020\/08\/Portal-Acesse-Pol\u00edtica-O-site-de-pol\u00edtica-que-mais-cresce-na-Bahia-acessepolitica.com_.br-rui-costa-celular-telefone-300x150.jpg",300,150,true],"medium_large":["https:\/\/blogopara.com.br\/wp-content\/uploads\/2020\/08\/Portal-Acesse-Pol\u00edtica-O-site-de-pol\u00edtica-que-mais-cresce-na-Bahia-acessepolitica.com_.br-rui-costa-celular-telefone.jpg",500,250,false],"large":["https:\/\/blogopara.com.br\/wp-content\/uploads\/2020\/08\/Portal-Acesse-Pol\u00edtica-O-site-de-pol\u00edtica-que-mais-cresce-na-Bahia-acessepolitica.com_.br-rui-costa-celular-telefone.jpg",500,250,false],"1536x1536":["https:\/\/blogopara.com.br\/wp-content\/uploads\/2020\/08\/Portal-Acesse-Pol\u00edtica-O-site-de-pol\u00edtica-que-mais-cresce-na-Bahia-acessepolitica.com_.br-rui-costa-celular-telefone.jpg",500,250,false],"2048x2048":["https:\/\/blogopara.com.br\/wp-content\/uploads\/2020\/08\/Portal-Acesse-Pol\u00edtica-O-site-de-pol\u00edtica-que-mais-cresce-na-Bahia-acessepolitica.com_.br-rui-costa-celular-telefone.jpg",500,250,false],"mantranews-slider-large":["https:\/\/blogopara.com.br\/wp-content\/uploads\/2020\/08\/Portal-Acesse-Pol\u00edtica-O-site-de-pol\u00edtica-que-mais-cresce-na-Bahia-acessepolitica.com_.br-rui-costa-celular-telefone.jpg",500,250,false],"mantranews-featured-medium":["https:\/\/blogopara.com.br\/wp-content\/uploads\/2020\/08\/Portal-Acesse-Pol\u00edtica-O-site-de-pol\u00edtica-que-mais-cresce-na-Bahia-acessepolitica.com_.br-rui-costa-celular-telefone-420x250.jpg",420,250,true],"mantranews-featured-long":["https:\/\/blogopara.com.br\/wp-content\/uploads\/2020\/08\/Portal-Acesse-Pol\u00edtica-O-site-de-pol\u00edtica-que-mais-cresce-na-Bahia-acessepolitica.com_.br-rui-costa-celular-telefone-300x250.jpg",300,250,true],"mantranews-block-medium":["https:\/\/blogopara.com.br\/wp-content\/uploads\/2020\/08\/Portal-Acesse-Pol\u00edtica-O-site-de-pol\u00edtica-que-mais-cresce-na-Bahia-acessepolitica.com_.br-rui-costa-celular-telefone-464x250.jpg",464,250,true],"mantranews-carousel-image":["https:\/\/blogopara.com.br\/wp-content\/uploads\/2020\/08\/Portal-Acesse-Pol\u00edtica-O-site-de-pol\u00edtica-que-mais-cresce-na-Bahia-acessepolitica.com_.br-rui-costa-celular-telefone.jpg",500,250,false],"mantranews-block-thumb":["https:\/\/blogopara.com.br\/wp-content\/uploads\/2020\/08\/Portal-Acesse-Pol\u00edtica-O-site-de-pol\u00edtica-que-mais-cresce-na-Bahia-acessepolitica.com_.br-rui-costa-celular-telefone-322x230.jpg",322,230,true],"mantranews-single-large":["https:\/\/blogopara.com.br\/wp-content\/uploads\/2020\/08\/Portal-Acesse-Pol\u00edtica-O-site-de-pol\u00edtica-que-mais-cresce-na-Bahia-acessepolitica.com_.br-rui-costa-celular-telefone.jpg",500,250,false]},"uagb_author_info":{"display_name":"Reda\u00e7\u00e3o geral","author_link":"https:\/\/blogopara.com.br\/index.php\/author\/blogopara"},"uagb_comment_info":0,"uagb_excerpt":"O governador da Bahia, Rui Costa (PT), liberou o uso de m\u00e1scaras em locais fechados, a exce\u00e7\u00e3o de unidades de sa\u00fade. A informa\u00e7\u00e3o foi confirmada ao\u00a0Metro1\u00a0pela Secretaria de Comunica\u00e7\u00e3o do governo. O an\u00fancio do governador ocorreu durante evento em Ibicu\u00ed. Segundo a Secom, Rui vai assinar ainda nesta segunda-feira (11) o decreto que libera as&hellip;","jetpack_sharing_enabled":true,"jetpack_likes_enabled":true,"_links":{"self":[{"href":"https:\/\/blogopara.com.br\/index.php\/wp-json\/wp\/v2\/posts\/35859","targetHints":{"allow":["GET"]}}],"collection":[{"href":"https:\/\/blogopara.com.br\/index.php\/wp-json\/wp\/v2\/posts"}],"about":[{"href":"https:\/\/blogopara.com.br\/index.php\/wp-json\/wp\/v2\/types\/post"}],"author":[{"embeddable":true,"href":"https:\/\/blogopara.com.br\/index.php\/wp-json\/wp\/v2\/users\/1"}],"replies":[{"embeddable":true,"href":"https:\/\/blogopara.com.br\/index.php\/wp-json\/wp\/v2\/comments?post=35859"}],"version-history":[{"count":1,"href":"https:\/\/blogopara.com.br\/index.php\/wp-json\/wp\/v2\/posts\/35859\/revisions"}],"predecessor-version":[{"id":35860,"href":"https:\/\/blogopara.com.br\/index.php\/wp-json\/wp\/v2\/posts\/35859\/revisions\/35860"}],"wp:featuredmedia":[{"embeddable":true,"href":"https:\/\/blogopara.com.br\/index.php\/wp-json\/wp\/v2\/media\/13230"}],"wp:attachment":[{"href":"https:\/\/blogopara.com.br\/index.php\/wp-json\/wp\/v2\/media?parent=35859"}],"wp:term":[{"taxonomy":"category","embeddable":true,"href":"https:\/\/blogopara.com.br\/index.php\/wp-json\/wp\/v2\/categories?post=35859"},{"taxonomy":"post_tag","embeddable":true,"href":"https:\/\/blogopara.com.br\/index.php\/wp-json\/wp\/v2\/tags?post=35859"}],"curies":[{"name":"wp","href":"https:\/\/api.w.org\/{rel}","templated":true}]}}