{"id":35861,"date":"2022-04-11T18:37:00","date_gmt":"2022-04-11T21:37:00","guid":{"rendered":"https:\/\/blogopara.com.br\/?p=35861"},"modified":"2022-04-11T13:39:01","modified_gmt":"2022-04-11T16:39:01","slug":"adolfo-viana-prioriza-reeleicao-a-deputado-mas-ainda-esta-de-olho-na-vice-de-acm-neto","status":"publish","type":"post","link":"https:\/\/blogopara.com.br\/index.php\/2022\/04\/11\/adolfo-viana-prioriza-reeleicao-a-deputado-mas-ainda-esta-de-olho-na-vice-de-acm-neto","title":{"rendered":"Adolfo Viana prioriza reelei\u00e7\u00e3o a deputado, mas ainda est\u00e1 de olho na vice de ACM Neto"},"content":{"rendered":"<p style=\"text-align: justify;\">Presidente do PSDB na Bahia, Adolfo Viana quer priorizar sua pr\u00e9-candidatura a deputado federal, mas ainda est\u00e1 de olho na vaga de vice-governador na chapa de ACM Neto (Uni\u00e3o Brasil), segundo disseram interlocutores do tucano ao\u00a0<strong>Metro1<\/strong>.<\/p>\n<p>Viana disse a aliados que n\u00e3o quer entrar em disputa pela vice de ACM Neto, mas, se houver um convite, ir\u00e1 aceitar. A prioridade dele, segundo os seus correligion\u00e1rios, \u00e9 manter a base pol\u00edtica at\u00e9 para evitar que seja ocupada por advers\u00e1rios.<\/p>\n<p>\u201cFiquei lisonjeado com a indica\u00e7\u00e3o do meu nome e com todas as manifesta\u00e7\u00f5es de apoio que recebi, mas continuo como pr\u00e9-candidato a deputado federal\u201d, disse Adolfo Viana nesta segunda-feira (10).<\/p>\n<p>Viana passou a ser cotado para a vice de ACM Neto ap\u00f3s o prefeito de Mata de S\u00e3o Jo\u00e3o, Jo\u00e3o Gualberto, n\u00e3o se desincompatibilizar do cargo para ser candidato, desistindo de integrar a majorit\u00e1ria.<\/p>\n<p>Al\u00e9m de Viana, competem pela vice: os deputados federais Marcio Marinho e Marcelo Nilo, do Republicanos, e o ex-prefeito de Feira de Santana, Jos\u00e9 Ronaldo (Uni\u00e3o Brasil).<\/p>\n","protected":false},"excerpt":{"rendered":"<p>Presidente do PSDB na Bahia, Adolfo Viana quer priorizar sua pr\u00e9-candidatura a deputado federal, mas ainda est\u00e1 de olho na vaga de vice-governador na chapa de ACM Neto (Uni\u00e3o Brasil), segundo disseram interlocutores do tucano ao\u00a0Metro1. Viana disse a aliados que n\u00e3o quer entrar em disputa pela vice de ACM Neto, mas, se houver um [&hellip;]<\/p>\n","protected":false},"author":1,"featured_media":35580,"comment_status":"closed","ping_status":"open","sticky":false,"template":"","format":"standard","meta":{"_uag_custom_page_level_css":"","_monsterinsights_skip_tracking":false,"_monsterinsights_sitenote_active":false,"_monsterinsights_sitenote_note":"","_monsterinsights_sitenote_category":0,"jetpack_post_was_ever_published":false,"_jetpack_newsletter_access":"","_jetpack_dont_email_post_to_subs":false,"_jetpack_newsletter_tier_id":0,"_jetpack_memberships_contains_paywalled_content":false,"_jetpack_memberships_contains_paid_content":false,"footnotes":"","jetpack_publicize_message":"","jetpack_publicize_feature_enabled":true,"jetpack_social_post_already_shared":true,"jetpack_social_options":{"image_generator_settings":{"template":"highway","default_image_id":0,"font":"","enabled":false},"version":2}},"categories":[199,197],"tags":[],"class_list":["post-35861","post","type-post","status-publish","format-standard","has-post-thumbnail","hentry","category-bahia","category-politica"],"jetpack_publicize_connections":[],"jetpack_featured_media_url":"https:\/\/blogopara.com.br\/wp-content\/uploads\/2022\/04\/acm-neto-adolfo-viana_widelg_widelg.jpg","uagb_featured_image_src":{"full":["https:\/\/blogopara.com.br\/wp-content\/uploads\/2022\/04\/acm-neto-adolfo-viana_widelg_widelg.jpg",500,281,false],"thumbnail":["https:\/\/blogopara.com.br\/wp-content\/uploads\/2022\/04\/acm-neto-adolfo-viana_widelg_widelg-150x150.jpg",150,150,true],"medium":["https:\/\/blogopara.com.br\/wp-content\/uploads\/2022\/04\/acm-neto-adolfo-viana_widelg_widelg-300x169.jpg",300,169,true],"medium_large":["https:\/\/blogopara.com.br\/wp-content\/uploads\/2022\/04\/acm-neto-adolfo-viana_widelg_widelg.jpg",500,281,false],"large":["https:\/\/blogopara.com.br\/wp-content\/uploads\/2022\/04\/acm-neto-adolfo-viana_widelg_widelg.jpg",500,281,false],"1536x1536":["https:\/\/blogopara.com.br\/wp-content\/uploads\/2022\/04\/acm-neto-adolfo-viana_widelg_widelg.jpg",500,281,false],"2048x2048":["https:\/\/blogopara.com.br\/wp-content\/uploads\/2022\/04\/acm-neto-adolfo-viana_widelg_widelg.jpg",500,281,false],"mantranews-slider-large":["https:\/\/blogopara.com.br\/wp-content\/uploads\/2022\/04\/acm-neto-adolfo-viana_widelg_widelg.jpg",500,281,false],"mantranews-featured-medium":["https:\/\/blogopara.com.br\/wp-content\/uploads\/2022\/04\/acm-neto-adolfo-viana_widelg_widelg-420x281.jpg",420,281,true],"mantranews-featured-long":["https:\/\/blogopara.com.br\/wp-content\/uploads\/2022\/04\/acm-neto-adolfo-viana_widelg_widelg-300x281.jpg",300,281,true],"mantranews-block-medium":["https:\/\/blogopara.com.br\/wp-content\/uploads\/2022\/04\/acm-neto-adolfo-viana_widelg_widelg-464x281.jpg",464,281,true],"mantranews-carousel-image":["https:\/\/blogopara.com.br\/wp-content\/uploads\/2022\/04\/acm-neto-adolfo-viana_widelg_widelg.jpg",500,281,false],"mantranews-block-thumb":["https:\/\/blogopara.com.br\/wp-content\/uploads\/2022\/04\/acm-neto-adolfo-viana_widelg_widelg-322x230.jpg",322,230,true],"mantranews-single-large":["https:\/\/blogopara.com.br\/wp-content\/uploads\/2022\/04\/acm-neto-adolfo-viana_widelg_widelg.jpg",500,281,false]},"uagb_author_info":{"display_name":"Reda\u00e7\u00e3o geral","author_link":"https:\/\/blogopara.com.br\/index.php\/author\/blogopara"},"uagb_comment_info":0,"uagb_excerpt":"Presidente do PSDB na Bahia, Adolfo Viana quer priorizar sua pr\u00e9-candidatura a deputado federal, mas ainda est\u00e1 de olho na vaga de vice-governador na chapa de ACM Neto (Uni\u00e3o Brasil), segundo disseram interlocutores do tucano ao\u00a0Metro1. Viana disse a aliados que n\u00e3o quer entrar em disputa pela vice de ACM Neto, mas, se houver um&hellip;","jetpack_sharing_enabled":true,"jetpack_likes_enabled":true,"_links":{"self":[{"href":"https:\/\/blogopara.com.br\/index.php\/wp-json\/wp\/v2\/posts\/35861","targetHints":{"allow":["GET"]}}],"collection":[{"href":"https:\/\/blogopara.com.br\/index.php\/wp-json\/wp\/v2\/posts"}],"about":[{"href":"https:\/\/blogopara.com.br\/index.php\/wp-json\/wp\/v2\/types\/post"}],"author":[{"embeddable":true,"href":"https:\/\/blogopara.com.br\/index.php\/wp-json\/wp\/v2\/users\/1"}],"replies":[{"embeddable":true,"href":"https:\/\/blogopara.com.br\/index.php\/wp-json\/wp\/v2\/comments?post=35861"}],"version-history":[{"count":1,"href":"https:\/\/blogopara.com.br\/index.php\/wp-json\/wp\/v2\/posts\/35861\/revisions"}],"predecessor-version":[{"id":35862,"href":"https:\/\/blogopara.com.br\/index.php\/wp-json\/wp\/v2\/posts\/35861\/revisions\/35862"}],"wp:featuredmedia":[{"embeddable":true,"href":"https:\/\/blogopara.com.br\/index.php\/wp-json\/wp\/v2\/media\/35580"}],"wp:attachment":[{"href":"https:\/\/blogopara.com.br\/index.php\/wp-json\/wp\/v2\/media?parent=35861"}],"wp:term":[{"taxonomy":"category","embeddable":true,"href":"https:\/\/blogopara.com.br\/index.php\/wp-json\/wp\/v2\/categories?post=35861"},{"taxonomy":"post_tag","embeddable":true,"href":"https:\/\/blogopara.com.br\/index.php\/wp-json\/wp\/v2\/tags?post=35861"}],"curies":[{"name":"wp","href":"https:\/\/api.w.org\/{rel}","templated":true}]}}