{"id":35877,"date":"2022-04-12T07:48:00","date_gmt":"2022-04-12T10:48:00","guid":{"rendered":"https:\/\/blogopara.com.br\/?p=35877"},"modified":"2022-04-12T09:00:04","modified_gmt":"2022-04-12T12:00:04","slug":"o-juazeirense-leonardo-bandeira-e-o-novo-secretario-de-agricultura-do-governo-da-bahia","status":"publish","type":"post","link":"https:\/\/blogopara.com.br\/index.php\/2022\/04\/12\/o-juazeirense-leonardo-bandeira-e-o-novo-secretario-de-agricultura-do-governo-da-bahia","title":{"rendered":"O juazeirense Leonardo Bandeira \u00e9 o novo secret\u00e1rio de  Agricultura do Governo da Bahia"},"content":{"rendered":"<p style=\"text-align: justify;\">O vice-prefeito de Juazeiro, Leonardo Bandeira, se licenciou do cargo para assumir a Secretaria de Agricultura, Pecu\u00e1ria, Irriga\u00e7\u00e3o, Pesca e Aquicultura do Governo da Bahia (Seagri). A nomea\u00e7\u00e3o saiu nesta ter\u00e7a-feira (12) no Di\u00e1rio Oficial do Estado.<\/p>\n<p style=\"text-align: justify;\">Motivado por trabalho, Leonardo fez quest\u00e3o de registrar sua gratid\u00e3o. \u201cAgrade\u00e7o imensamente a Deus e a todos que me apoiaram, em especial meu pai, Joseph Bandeira, pela confian\u00e7a. N\u00e3o medirei esfor\u00e7os para garantir novas conquistas para nossa Juazeiro e toda a Bahia\u201d, declarou.<\/p>\n<p style=\"text-align: justify;\">Leonardo assumiu a pasta do governo estadual ap\u00f3s libera\u00e7\u00e3o da C\u00e2mara de Vereadores do munic\u00edpio, que votou e aprovou a sua licen\u00e7a no \u00faltimo dia 8 em sess\u00e3o extraordin\u00e1ria.<\/p>\n<p style=\"text-align: justify;\">Na aus\u00eancia do vice-prefeito, a responsabilidade de assumir a fun\u00e7\u00e3o em vac\u00e2ncia ser\u00e1 do presidente da C\u00e2mara Municipal, Berg da Carna\u00edba.<\/p>\n<p style=\"text-align: justify;\">\n<p style=\"text-align: justify;\">Ascom\/PMJ<\/p>\n","protected":false},"excerpt":{"rendered":"<p>O vice-prefeito de Juazeiro, Leonardo Bandeira, se licenciou do cargo para assumir a Secretaria de Agricultura, Pecu\u00e1ria, Irriga\u00e7\u00e3o, Pesca e Aquicultura do Governo da Bahia (Seagri). A nomea\u00e7\u00e3o saiu nesta ter\u00e7a-feira (12) no Di\u00e1rio Oficial do Estado. Motivado por trabalho, Leonardo fez quest\u00e3o de registrar sua gratid\u00e3o. \u201cAgrade\u00e7o imensamente a Deus e a todos que [&hellip;]<\/p>\n","protected":false},"author":1,"featured_media":35878,"comment_status":"closed","ping_status":"open","sticky":false,"template":"","format":"standard","meta":{"_uag_custom_page_level_css":"","_monsterinsights_skip_tracking":false,"_monsterinsights_sitenote_active":false,"_monsterinsights_sitenote_note":"","_monsterinsights_sitenote_category":0,"jetpack_post_was_ever_published":false,"_jetpack_newsletter_access":"","_jetpack_dont_email_post_to_subs":false,"_jetpack_newsletter_tier_id":0,"_jetpack_memberships_contains_paywalled_content":false,"_jetpack_memberships_contains_paid_content":false,"footnotes":"","jetpack_publicize_message":"","jetpack_publicize_feature_enabled":true,"jetpack_social_post_already_shared":true,"jetpack_social_options":{"image_generator_settings":{"template":"highway","default_image_id":0,"font":"","enabled":false},"version":2}},"categories":[203],"tags":[8900,1525,1622,8899,1854],"class_list":["post-35877","post","type-post","status-publish","format-standard","has-post-thumbnail","hentry","category-juazeiro","tag-assumir-pasta-da-agricultura","tag-governo-da-bahia","tag-juazeiro-bahia","tag-licencia-do-cargo","tag-vice-prefeito"],"jetpack_publicize_connections":[],"jetpack_featured_media_url":"https:\/\/blogopara.com.br\/wp-content\/uploads\/2022\/04\/Leonardo-Bandeira-Foto-Luan-Medrado-PMJ-1.jpeg","uagb_featured_image_src":{"full":["https:\/\/blogopara.com.br\/wp-content\/uploads\/2022\/04\/Leonardo-Bandeira-Foto-Luan-Medrado-PMJ-1.jpeg",500,333,false],"thumbnail":["https:\/\/blogopara.com.br\/wp-content\/uploads\/2022\/04\/Leonardo-Bandeira-Foto-Luan-Medrado-PMJ-1-150x150.jpeg",150,150,true],"medium":["https:\/\/blogopara.com.br\/wp-content\/uploads\/2022\/04\/Leonardo-Bandeira-Foto-Luan-Medrado-PMJ-1-300x200.jpeg",300,200,true],"medium_large":["https:\/\/blogopara.com.br\/wp-content\/uploads\/2022\/04\/Leonardo-Bandeira-Foto-Luan-Medrado-PMJ-1.jpeg",500,333,false],"large":["https:\/\/blogopara.com.br\/wp-content\/uploads\/2022\/04\/Leonardo-Bandeira-Foto-Luan-Medrado-PMJ-1.jpeg",500,333,false],"1536x1536":["https:\/\/blogopara.com.br\/wp-content\/uploads\/2022\/04\/Leonardo-Bandeira-Foto-Luan-Medrado-PMJ-1.jpeg",500,333,false],"2048x2048":["https:\/\/blogopara.com.br\/wp-content\/uploads\/2022\/04\/Leonardo-Bandeira-Foto-Luan-Medrado-PMJ-1.jpeg",500,333,false],"mantranews-slider-large":["https:\/\/blogopara.com.br\/wp-content\/uploads\/2022\/04\/Leonardo-Bandeira-Foto-Luan-Medrado-PMJ-1.jpeg",500,333,false],"mantranews-featured-medium":["https:\/\/blogopara.com.br\/wp-content\/uploads\/2022\/04\/Leonardo-Bandeira-Foto-Luan-Medrado-PMJ-1-420x307.jpeg",420,307,true],"mantranews-featured-long":["https:\/\/blogopara.com.br\/wp-content\/uploads\/2022\/04\/Leonardo-Bandeira-Foto-Luan-Medrado-PMJ-1-300x333.jpeg",300,333,true],"mantranews-block-medium":["https:\/\/blogopara.com.br\/wp-content\/uploads\/2022\/04\/Leonardo-Bandeira-Foto-Luan-Medrado-PMJ-1-464x290.jpeg",464,290,true],"mantranews-carousel-image":["https:\/\/blogopara.com.br\/wp-content\/uploads\/2022\/04\/Leonardo-Bandeira-Foto-Luan-Medrado-PMJ-1.jpeg",500,333,false],"mantranews-block-thumb":["https:\/\/blogopara.com.br\/wp-content\/uploads\/2022\/04\/Leonardo-Bandeira-Foto-Luan-Medrado-PMJ-1-322x230.jpeg",322,230,true],"mantranews-single-large":["https:\/\/blogopara.com.br\/wp-content\/uploads\/2022\/04\/Leonardo-Bandeira-Foto-Luan-Medrado-PMJ-1.jpeg",500,333,false]},"uagb_author_info":{"display_name":"Reda\u00e7\u00e3o geral","author_link":"https:\/\/blogopara.com.br\/index.php\/author\/blogopara"},"uagb_comment_info":0,"uagb_excerpt":"O vice-prefeito de Juazeiro, Leonardo Bandeira, se licenciou do cargo para assumir a Secretaria de Agricultura, Pecu\u00e1ria, Irriga\u00e7\u00e3o, Pesca e Aquicultura do Governo da Bahia (Seagri). A nomea\u00e7\u00e3o saiu nesta ter\u00e7a-feira (12) no Di\u00e1rio Oficial do Estado. Motivado por trabalho, Leonardo fez quest\u00e3o de registrar sua gratid\u00e3o. \u201cAgrade\u00e7o imensamente a Deus e a todos que&hellip;","jetpack_sharing_enabled":true,"jetpack_likes_enabled":true,"_links":{"self":[{"href":"https:\/\/blogopara.com.br\/index.php\/wp-json\/wp\/v2\/posts\/35877","targetHints":{"allow":["GET"]}}],"collection":[{"href":"https:\/\/blogopara.com.br\/index.php\/wp-json\/wp\/v2\/posts"}],"about":[{"href":"https:\/\/blogopara.com.br\/index.php\/wp-json\/wp\/v2\/types\/post"}],"author":[{"embeddable":true,"href":"https:\/\/blogopara.com.br\/index.php\/wp-json\/wp\/v2\/users\/1"}],"replies":[{"embeddable":true,"href":"https:\/\/blogopara.com.br\/index.php\/wp-json\/wp\/v2\/comments?post=35877"}],"version-history":[{"count":2,"href":"https:\/\/blogopara.com.br\/index.php\/wp-json\/wp\/v2\/posts\/35877\/revisions"}],"predecessor-version":[{"id":35887,"href":"https:\/\/blogopara.com.br\/index.php\/wp-json\/wp\/v2\/posts\/35877\/revisions\/35887"}],"wp:featuredmedia":[{"embeddable":true,"href":"https:\/\/blogopara.com.br\/index.php\/wp-json\/wp\/v2\/media\/35878"}],"wp:attachment":[{"href":"https:\/\/blogopara.com.br\/index.php\/wp-json\/wp\/v2\/media?parent=35877"}],"wp:term":[{"taxonomy":"category","embeddable":true,"href":"https:\/\/blogopara.com.br\/index.php\/wp-json\/wp\/v2\/categories?post=35877"},{"taxonomy":"post_tag","embeddable":true,"href":"https:\/\/blogopara.com.br\/index.php\/wp-json\/wp\/v2\/tags?post=35877"}],"curies":[{"name":"wp","href":"https:\/\/api.w.org\/{rel}","templated":true}]}}