{"id":35880,"date":"2022-04-12T08:48:00","date_gmt":"2022-04-12T11:48:00","guid":{"rendered":"https:\/\/blogopara.com.br\/?p=35880"},"modified":"2022-04-12T17:52:21","modified_gmt":"2022-04-12T20:52:21","slug":"sem-vice-de-roma-ptb-baiano-anuncia-que-tera-candidato-proprio-ao-governo-diz-site","status":"publish","type":"post","link":"https:\/\/blogopara.com.br\/index.php\/2022\/04\/12\/sem-vice-de-roma-ptb-baiano-anuncia-que-tera-candidato-proprio-ao-governo-diz-site","title":{"rendered":"Sem vice de Roma, PTB baiano anuncia que ter\u00e1 candidato pr\u00f3prio ao governo, diz site"},"content":{"rendered":"<p style=\"text-align: justify;\">O PTB baiano surpreendeu ao anunciar, nesta segunda-feira (11), que n\u00e3o vai apoiar a candidatura de Jo\u00e3o Roma (PL) ao governo do estado, como era esperado. O pr\u00f3prio presidente estadual da legenda, Gean Prates, confirmou a informa\u00e7\u00e3o ao site Pol\u00edtica Livre.<ins class=\"adsbygoogle\" data-ad-format=\"fluid\" data-ad-layout-key=\"-87+et-w-1e+64\" data-ad-client=\"ca-pub-2345950003494206\" data-ad-slot=\"3650143156\" data-adsbygoogle-status=\"done\" data-ad-status=\"filled\"><ins id=\"aswift_1_expand\" tabindex=\"0\" title=\"Advertisement\" aria-label=\"Advertisement\"><ins id=\"aswift_1_anchor\"><\/ins><\/ins><\/ins><\/p>\n<p style=\"text-align: justify;\">Segundo Gean, o partido apoiaria Roma apenas com a indica\u00e7\u00e3o de algum quadro para compor a chapa majorit\u00e1ria como vice, o que parece que n\u00e3o vai acontecer. Diante do impasse, Gean disse que o PTB n\u00e3o pode mais esperar.<\/p>\n<p style=\"text-align: justify;\">\u201cEstudamos essa possibilidade, mas \u00e9 quase 100% [\u2026] Ir\u00edamos com o Roma apenas na condi\u00e7\u00e3o de vice, tabulamos conversas nesse sentido, mas n\u00e3o podemos perder tempo\u201d, afirmou.<\/p>\n<p style=\"text-align: justify;\">Com a retirada do apoio na coliga\u00e7\u00e3o, Jo\u00e3o Roma encolhe ainda mais o seu tempo de televis\u00e3o, com poucos partidos no arco de alian\u00e7a. At\u00e9 o momento, somente o PL, seu partido, tem espa\u00e7o na chapa, j\u00e1 que Raissa Soares, candidata ao Senado, tamb\u00e9m \u00e9 filiada a sigla.<\/p>\n<p>Fonte: Pol\u00edtica Ao Vivo<\/p>\n","protected":false},"excerpt":{"rendered":"<p>O PTB baiano surpreendeu ao anunciar, nesta segunda-feira (11), que n\u00e3o vai apoiar a candidatura de Jo\u00e3o Roma (PL) ao governo do estado, como era esperado. O pr\u00f3prio presidente estadual da legenda, Gean Prates, confirmou a informa\u00e7\u00e3o ao site Pol\u00edtica Livre. Segundo Gean, o partido apoiaria Roma apenas com a indica\u00e7\u00e3o de algum quadro para [&hellip;]<\/p>\n","protected":false},"author":1,"featured_media":33540,"comment_status":"closed","ping_status":"open","sticky":false,"template":"","format":"standard","meta":{"_uag_custom_page_level_css":"","_monsterinsights_skip_tracking":false,"_monsterinsights_sitenote_active":false,"_monsterinsights_sitenote_note":"","_monsterinsights_sitenote_category":0,"jetpack_post_was_ever_published":false,"_jetpack_newsletter_access":"","_jetpack_dont_email_post_to_subs":false,"_jetpack_newsletter_tier_id":0,"_jetpack_memberships_contains_paywalled_content":false,"_jetpack_memberships_contains_paid_content":false,"footnotes":"","jetpack_publicize_message":"","jetpack_publicize_feature_enabled":true,"jetpack_social_post_already_shared":true,"jetpack_social_options":{"image_generator_settings":{"template":"highway","default_image_id":0,"font":"","enabled":false},"version":2}},"categories":[197],"tags":[8903,8904,8902,8901],"class_list":["post-35880","post","type-post","status-publish","format-standard","has-post-thumbnail","hentry","category-politica","tag-anuncia-que-tera-candidato","tag-proprio-ao-governo","tag-ptb-baiano","tag-sem-vice-de-roma"],"jetpack_publicize_connections":[],"jetpack_featured_media_url":"https:\/\/blogopara.com.br\/wp-content\/uploads\/2022\/02\/jairbolsonarojoaoroma.jpg","uagb_featured_image_src":{"full":["https:\/\/blogopara.com.br\/wp-content\/uploads\/2022\/02\/jairbolsonarojoaoroma.jpg",500,260,false],"thumbnail":["https:\/\/blogopara.com.br\/wp-content\/uploads\/2022\/02\/jairbolsonarojoaoroma-150x150.jpg",150,150,true],"medium":["https:\/\/blogopara.com.br\/wp-content\/uploads\/2022\/02\/jairbolsonarojoaoroma-300x156.jpg",300,156,true],"medium_large":["https:\/\/blogopara.com.br\/wp-content\/uploads\/2022\/02\/jairbolsonarojoaoroma.jpg",500,260,false],"large":["https:\/\/blogopara.com.br\/wp-content\/uploads\/2022\/02\/jairbolsonarojoaoroma.jpg",500,260,false],"1536x1536":["https:\/\/blogopara.com.br\/wp-content\/uploads\/2022\/02\/jairbolsonarojoaoroma.jpg",500,260,false],"2048x2048":["https:\/\/blogopara.com.br\/wp-content\/uploads\/2022\/02\/jairbolsonarojoaoroma.jpg",500,260,false],"mantranews-slider-large":["https:\/\/blogopara.com.br\/wp-content\/uploads\/2022\/02\/jairbolsonarojoaoroma.jpg",500,260,false],"mantranews-featured-medium":["https:\/\/blogopara.com.br\/wp-content\/uploads\/2022\/02\/jairbolsonarojoaoroma-420x260.jpg",420,260,true],"mantranews-featured-long":["https:\/\/blogopara.com.br\/wp-content\/uploads\/2022\/02\/jairbolsonarojoaoroma-300x260.jpg",300,260,true],"mantranews-block-medium":["https:\/\/blogopara.com.br\/wp-content\/uploads\/2022\/02\/jairbolsonarojoaoroma-464x260.jpg",464,260,true],"mantranews-carousel-image":["https:\/\/blogopara.com.br\/wp-content\/uploads\/2022\/02\/jairbolsonarojoaoroma.jpg",500,260,false],"mantranews-block-thumb":["https:\/\/blogopara.com.br\/wp-content\/uploads\/2022\/02\/jairbolsonarojoaoroma-322x230.jpg",322,230,true],"mantranews-single-large":["https:\/\/blogopara.com.br\/wp-content\/uploads\/2022\/02\/jairbolsonarojoaoroma.jpg",500,260,false]},"uagb_author_info":{"display_name":"Reda\u00e7\u00e3o geral","author_link":"https:\/\/blogopara.com.br\/index.php\/author\/blogopara"},"uagb_comment_info":0,"uagb_excerpt":"O PTB baiano surpreendeu ao anunciar, nesta segunda-feira (11), que n\u00e3o vai apoiar a candidatura de Jo\u00e3o Roma (PL) ao governo do estado, como era esperado. O pr\u00f3prio presidente estadual da legenda, Gean Prates, confirmou a informa\u00e7\u00e3o ao site Pol\u00edtica Livre. Segundo Gean, o partido apoiaria Roma apenas com a indica\u00e7\u00e3o de algum quadro para&hellip;","jetpack_sharing_enabled":true,"jetpack_likes_enabled":true,"_links":{"self":[{"href":"https:\/\/blogopara.com.br\/index.php\/wp-json\/wp\/v2\/posts\/35880","targetHints":{"allow":["GET"]}}],"collection":[{"href":"https:\/\/blogopara.com.br\/index.php\/wp-json\/wp\/v2\/posts"}],"about":[{"href":"https:\/\/blogopara.com.br\/index.php\/wp-json\/wp\/v2\/types\/post"}],"author":[{"embeddable":true,"href":"https:\/\/blogopara.com.br\/index.php\/wp-json\/wp\/v2\/users\/1"}],"replies":[{"embeddable":true,"href":"https:\/\/blogopara.com.br\/index.php\/wp-json\/wp\/v2\/comments?post=35880"}],"version-history":[{"count":1,"href":"https:\/\/blogopara.com.br\/index.php\/wp-json\/wp\/v2\/posts\/35880\/revisions"}],"predecessor-version":[{"id":35882,"href":"https:\/\/blogopara.com.br\/index.php\/wp-json\/wp\/v2\/posts\/35880\/revisions\/35882"}],"wp:featuredmedia":[{"embeddable":true,"href":"https:\/\/blogopara.com.br\/index.php\/wp-json\/wp\/v2\/media\/33540"}],"wp:attachment":[{"href":"https:\/\/blogopara.com.br\/index.php\/wp-json\/wp\/v2\/media?parent=35880"}],"wp:term":[{"taxonomy":"category","embeddable":true,"href":"https:\/\/blogopara.com.br\/index.php\/wp-json\/wp\/v2\/categories?post=35880"},{"taxonomy":"post_tag","embeddable":true,"href":"https:\/\/blogopara.com.br\/index.php\/wp-json\/wp\/v2\/tags?post=35880"}],"curies":[{"name":"wp","href":"https:\/\/api.w.org\/{rel}","templated":true}]}}