{"id":35937,"date":"2022-04-14T09:41:00","date_gmt":"2022-04-14T12:41:00","guid":{"rendered":"https:\/\/blogopara.com.br\/?p=35937"},"modified":"2022-04-14T12:15:26","modified_gmt":"2022-04-14T15:15:26","slug":"pacientes-com-deficiencia-recebem-cadeiras-de-rodas-adaptadas-no-cerpris-em-juazeiro-2","status":"publish","type":"post","link":"https:\/\/blogopara.com.br\/index.php\/2022\/04\/14\/pacientes-com-deficiencia-recebem-cadeiras-de-rodas-adaptadas-no-cerpris-em-juazeiro-2","title":{"rendered":"Opera\u00e7\u00e3o Semana Santa come\u00e7a nesta quinta-feira"},"content":{"rendered":"<p style=\"text-align: justify;\">A Pol\u00edcia Rodovi\u00e1ria Federal (PRF) inicia hoje (14) a Opera\u00e7\u00e3o Semana Santa 2022 nas estradas do. A exemplo de todos os anos, a opera\u00e7\u00e3o tem por objetivo promover a seguran\u00e7a nos deslocamentos pelas rodovias federais.<\/p>\n<div class=\"td-a-ad id_inline_ad0 id_ad_content-horiz-left\" style=\"text-align: justify;\">\n<div class=\"g g-12\">\n<div class=\"g-single a-18\"><span style=\"font-size: revert; color: initial;\">O efetivo ser\u00e1 refor\u00e7ado at\u00e9 domingo (17), de forma a aumentar o policiamento ostensivo. Ser\u00e3o tamb\u00e9m implementadas a\u00e7\u00f5es em locais e hor\u00e1rios nos quais as estat\u00edsticas demonstram haver maior incid\u00eancia de acidentes graves e maior fluxo de ve\u00edculos.<\/span><\/div>\n<\/div>\n<\/div>\n<p style=\"text-align: justify;\">Em algumas localidades, o hor\u00e1rio de maior fluxo projetado para a movimenta\u00e7\u00e3o de viajantes \u00e9 a manh\u00e3 do dia 14 e a tarde do dia 15, para a ida; e a manh\u00e3 do dia 17 e do dia 18, para a volta.<\/p>\n<p style=\"text-align: justify;\">\u00a0<\/p>\n<p style=\"text-align: justify;\"><strong>Dicas de seguran\u00e7a<\/strong><\/p>\n<p style=\"text-align: justify;\">A PRF d\u00e1 algumas dicas para os motoristas que pegar\u00e3o a estrada neste feriado. Aten\u00e7\u00e3o \u00e0s regras de tr\u00e2nsito e cuidados com o autom\u00f3vel s\u00e3o fundamentais para uma viagem segura.<\/p>\n<p style=\"text-align: justify;\">\u201c\u00c9 importante que se fa\u00e7a a confer\u00eancia dos itens de seguran\u00e7a do ve\u00edculo, calibrando os pneus e observando os sulcos dos pneus, checando o bom funcionamento dos limpadores de para-brisas e testando o funcionamento da ilumina\u00e7\u00e3o,como far\u00f3is, lanternas traseiras, setas, luzes de freio e r\u00e9\u201d.<\/p>\n<p style=\"text-align: justify;\">O uso do cinto de seguran\u00e7a \u00e9 obrigat\u00f3rio a todos no carro: motoristas e passageiros. \u00c9 tamb\u00e9m sugerido que os viajantes fiquem atentos para as regras de uso da cadeirinha para as crian\u00e7as. \u201c\u00c9 fundamental planejar a viagem, buscando evitar, na medida do poss\u00edvel, os hor\u00e1rios de pico\u201d.<\/p>\n<p style=\"text-align: justify;\">A PRF tamb\u00e9m alerta para a import\u00e2ncia de descanso do motorista: \u201cA cada tr\u00eas ou quatro horas de viagem, \u00e9 recomend\u00e1vel uma pausa para descanso ou revezar a dire\u00e7\u00e3o. Eventuais paradas no acostamento devem ser feitas apenas em caso de emerg\u00eancia, com pisca-alerta ligado e tri\u00e2ngulo a pelo menos 30 metros do ve\u00edculo\u201d.<\/p>\n<p style=\"text-align: justify;\">As ultrapassagens proibidas s\u00e3o as grandes respons\u00e1veis pelos acidentes graves nos trechos de pista simples. \u201cSomente ultrapasse quando a sinaliza\u00e7\u00e3o permitir e quando tiver certeza de que a manobra \u00e9 segura\u201d.<\/p>\n<p style=\"text-align: justify;\">No caso de motociclistas, a PRF destaca a obrigatoriedade do uso de capacetes, tanto para o motoristas quanto para quem esteja na garupa. \u201cSempre com a viseira baixa\u201d, acrescenta, ao lembrar que a viseira evita que insetos, fuma\u00e7a e poeira afetem a vis\u00e3o do condutor. S\u00e3o indicadas roupas como capa ou macac\u00e3o imperme\u00e1veis, para o caso de chuvas, durante o percurso.<\/p>\n<p style=\"text-align: justify;\">\u00a0<\/p>\n<p style=\"text-align: justify;\"><strong>Chuvas<\/strong><\/p>\n<p style=\"text-align: justify;\">Como h\u00e1 previs\u00e3o de chuva em algumas regi\u00f5es do pa\u00eds, a Pol\u00edcia Rodovi\u00e1ria recomenda aos motoristas que trafegam em locais com visibilidade reduzida ou pista molhada que ultrapassem apenas com seguran\u00e7a, evitando locais alagados e usando sempre o farol baixo.<\/p>\n<p style=\"text-align: justify;\">\u00c9 preciso tamb\u00e9m manter dist\u00e2ncia segura entre ve\u00edculos em movimento e redobrar o cuidado em curvas e durante frenagens bruscas. \u00c9 preciso ainda checar pneus e limpadores de para-brisas nessas situa\u00e7\u00f5es, bem como manter os vidros desemba\u00e7ados.<\/p>\n<p style=\"text-align: justify;\">Como a visibilidade fica prejudicada em situa\u00e7\u00f5es de chuva, a PRF alerta para a necessidade de redobrar a aten\u00e7\u00e3o em locais de travessia de pedestres. \u201cEm caso de chuva forte, estacione seu ve\u00edculo em local seguro\u201d, complementa.<\/p>\n<p style=\"text-align: justify;\">\u00a0<\/p>\n<p style=\"text-align: justify;\"><strong>\u00c1lcool e dire\u00e7\u00e3o<\/strong><\/p>\n<p style=\"text-align: justify;\">Um dos principais focos da PRF \u00e9 combater a mistura de a\u0301lcool e direc\u0327a\u0303o, motivo que, segundo o \u00f3rg\u00e3o, est\u00e1 entre as principais causas de acidentes de tra\u0302nsito com vi\u0301timas.<\/p>\n<p style=\"text-align: justify;\">\u201cQuem bebe e dirige coloca em risco na\u0303o so\u0301 sua pro\u0301pria seguranc\u0327a, mas tambe\u0301m a dos passageiros e a de terceiros\u201d, lembra.<\/p>\n<p style=\"text-align: justify;\">As equipes da pol\u00edcia ter\u00e3o baf\u00f4metros \u00e0 disposi\u00e7\u00e3o. \u201cDirigir sob o efeito do a\u0301lcool reduz a capacidade de reac\u0327a\u0303o do motorista, colocando em risco a seguranc\u0327a de todos os usua\u0301rios das rodovias. E\u0301 preciso que toda a sociedade se conscientize de que beber e dirigir sa\u0303o atividades incompati\u0301veis\u201d, complementa.<\/p>\n<p style=\"text-align: justify;\">Os policiais estar\u00e3o atentos tamb\u00e9m com rela\u00e7\u00e3o ao uso do cinto de seguran\u00e7a e demais dispositivos de reten\u00e7\u00e3o obrigat\u00f3rios. O uso do celular ao volante \u00e9 outro alvo da opera\u00e7\u00e3o.<\/p>\n<p style=\"text-align: justify;\">A PRF intensificar\u00e1 a atua\u00e7\u00e3o no combate ao crime, especialmente com abordagens focadas nas informa\u00e7\u00f5es do servi\u00e7o de intelig\u00eancia e na utiliza\u00e7\u00e3o de ferramentas de comunica\u00e7\u00e3o, para prender criminosos, recuperar ve\u00edculos roubados e retirar de circula\u00e7\u00e3o armas ilegais, drogas e produtos contrabandeados.<\/p>\n<p style=\"text-align: justify;\">Motoristas de transporte de cargas dever\u00e3o ficar atentos porque o tr\u00e2nsito \u201cde ve\u00edculos especiais\u201d ficar\u00e1 restrito a algumas localidades para aliviar o tr\u00e2nsito.<\/p>\n<p>\u00a0<\/p>\n<p>Fonte: Informe Baiano<\/p>\n","protected":false},"excerpt":{"rendered":"<p>A Pol\u00edcia Rodovi\u00e1ria Federal (PRF) inicia hoje (14) a Opera\u00e7\u00e3o Semana Santa 2022 nas estradas do. A exemplo de todos os anos, a opera\u00e7\u00e3o tem por objetivo promover a seguran\u00e7a nos deslocamentos pelas rodovias federais. O efetivo ser\u00e1 refor\u00e7ado at\u00e9 domingo (17), de forma a aumentar o policiamento ostensivo. Ser\u00e3o tamb\u00e9m implementadas a\u00e7\u00f5es em locais [&hellip;]<\/p>\n","protected":false},"author":1,"featured_media":35949,"comment_status":"closed","ping_status":"open","sticky":false,"template":"","format":"standard","meta":{"_uag_custom_page_level_css":"","_monsterinsights_skip_tracking":false,"_monsterinsights_sitenote_active":false,"_monsterinsights_sitenote_note":"","_monsterinsights_sitenote_category":0,"jetpack_post_was_ever_published":false,"_jetpack_newsletter_access":"","_jetpack_dont_email_post_to_subs":false,"_jetpack_newsletter_tier_id":0,"_jetpack_memberships_contains_paywalled_content":false,"_jetpack_memberships_contains_paid_content":false,"footnotes":"","jetpack_publicize_message":"","jetpack_publicize_feature_enabled":true,"jetpack_social_post_already_shared":true,"jetpack_social_options":{"image_generator_settings":{"template":"highway","default_image_id":0,"font":"","enabled":false},"version":2}},"categories":[200],"tags":[5801,7855,8957],"class_list":["post-35937","post","type-post","status-publish","format-standard","has-post-thumbnail","hentry","category-brasil","tag-comeca","tag-nesta-quinta-feira","tag-operacao-semana-santa"],"jetpack_publicize_connections":[],"jetpack_featured_media_url":"https:\/\/blogopara.com.br\/wp-content\/uploads\/2022\/04\/PRF-696x416-1.webp","uagb_featured_image_src":{"full":["https:\/\/blogopara.com.br\/wp-content\/uploads\/2022\/04\/PRF-696x416-1.webp",696,416,false],"thumbnail":["https:\/\/blogopara.com.br\/wp-content\/uploads\/2022\/04\/PRF-696x416-1-150x150.webp",150,150,true],"medium":["https:\/\/blogopara.com.br\/wp-content\/uploads\/2022\/04\/PRF-696x416-1-300x179.webp",300,179,true],"medium_large":["https:\/\/blogopara.com.br\/wp-content\/uploads\/2022\/04\/PRF-696x416-1.webp",640,383,false],"large":["https:\/\/blogopara.com.br\/wp-content\/uploads\/2022\/04\/PRF-696x416-1.webp",640,383,false],"1536x1536":["https:\/\/blogopara.com.br\/wp-content\/uploads\/2022\/04\/PRF-696x416-1.webp",696,416,false],"2048x2048":["https:\/\/blogopara.com.br\/wp-content\/uploads\/2022\/04\/PRF-696x416-1.webp",696,416,false],"mantranews-slider-large":["https:\/\/blogopara.com.br\/wp-content\/uploads\/2022\/04\/PRF-696x416-1.webp",696,416,false],"mantranews-featured-medium":["https:\/\/blogopara.com.br\/wp-content\/uploads\/2022\/04\/PRF-696x416-1-420x307.webp",420,307,true],"mantranews-featured-long":["https:\/\/blogopara.com.br\/wp-content\/uploads\/2022\/04\/PRF-696x416-1-300x416.webp",300,416,true],"mantranews-block-medium":["https:\/\/blogopara.com.br\/wp-content\/uploads\/2022\/04\/PRF-696x416-1-464x290.webp",464,290,true],"mantranews-carousel-image":["https:\/\/blogopara.com.br\/wp-content\/uploads\/2022\/04\/PRF-696x416-1-600x416.webp",600,416,true],"mantranews-block-thumb":["https:\/\/blogopara.com.br\/wp-content\/uploads\/2022\/04\/PRF-696x416-1-322x230.webp",322,230,true],"mantranews-single-large":["https:\/\/blogopara.com.br\/wp-content\/uploads\/2022\/04\/PRF-696x416-1.webp",696,416,false]},"uagb_author_info":{"display_name":"Reda\u00e7\u00e3o geral","author_link":"https:\/\/blogopara.com.br\/index.php\/author\/blogopara"},"uagb_comment_info":0,"uagb_excerpt":"A Pol\u00edcia Rodovi\u00e1ria Federal (PRF) inicia hoje (14) a Opera\u00e7\u00e3o Semana Santa 2022 nas estradas do. A exemplo de todos os anos, a opera\u00e7\u00e3o tem por objetivo promover a seguran\u00e7a nos deslocamentos pelas rodovias federais. O efetivo ser\u00e1 refor\u00e7ado at\u00e9 domingo (17), de forma a aumentar o policiamento ostensivo. Ser\u00e3o tamb\u00e9m implementadas a\u00e7\u00f5es em locais&hellip;","jetpack_sharing_enabled":true,"jetpack_likes_enabled":true,"_links":{"self":[{"href":"https:\/\/blogopara.com.br\/index.php\/wp-json\/wp\/v2\/posts\/35937","targetHints":{"allow":["GET"]}}],"collection":[{"href":"https:\/\/blogopara.com.br\/index.php\/wp-json\/wp\/v2\/posts"}],"about":[{"href":"https:\/\/blogopara.com.br\/index.php\/wp-json\/wp\/v2\/types\/post"}],"author":[{"embeddable":true,"href":"https:\/\/blogopara.com.br\/index.php\/wp-json\/wp\/v2\/users\/1"}],"replies":[{"embeddable":true,"href":"https:\/\/blogopara.com.br\/index.php\/wp-json\/wp\/v2\/comments?post=35937"}],"version-history":[{"count":3,"href":"https:\/\/blogopara.com.br\/index.php\/wp-json\/wp\/v2\/posts\/35937\/revisions"}],"predecessor-version":[{"id":35950,"href":"https:\/\/blogopara.com.br\/index.php\/wp-json\/wp\/v2\/posts\/35937\/revisions\/35950"}],"wp:featuredmedia":[{"embeddable":true,"href":"https:\/\/blogopara.com.br\/index.php\/wp-json\/wp\/v2\/media\/35949"}],"wp:attachment":[{"href":"https:\/\/blogopara.com.br\/index.php\/wp-json\/wp\/v2\/media?parent=35937"}],"wp:term":[{"taxonomy":"category","embeddable":true,"href":"https:\/\/blogopara.com.br\/index.php\/wp-json\/wp\/v2\/categories?post=35937"},{"taxonomy":"post_tag","embeddable":true,"href":"https:\/\/blogopara.com.br\/index.php\/wp-json\/wp\/v2\/tags?post=35937"}],"curies":[{"name":"wp","href":"https:\/\/api.w.org\/{rel}","templated":true}]}}