{"id":35957,"date":"2022-04-14T12:03:00","date_gmt":"2022-04-14T15:03:00","guid":{"rendered":"https:\/\/blogopara.com.br\/?p=35957"},"modified":"2022-04-14T10:11:15","modified_gmt":"2022-04-14T13:11:15","slug":"moradores-do-quide-elogiam-atendimentos-do-saude-em-movimento-e-marcam-presenca-em-mais-uma-acao-da-prefeitura-de-juazeiro","status":"publish","type":"post","link":"https:\/\/blogopara.com.br\/index.php\/2022\/04\/14\/moradores-do-quide-elogiam-atendimentos-do-saude-em-movimento-e-marcam-presenca-em-mais-uma-acao-da-prefeitura-de-juazeiro","title":{"rendered":"Moradores do Quid\u00e9 elogiam atendimentos do \u2018Sa\u00fade em Movimento\u2019 e marcam presen\u00e7a em mais uma a\u00e7\u00e3o da Prefeitura de Juazeiro"},"content":{"rendered":"<p style=\"font-weight: 400; text-align: justify;\">O bairro Quid\u00e9, em Juazeiro, foi palco nesta quarta-feira (13) de uma a\u00e7\u00e3o de sa\u00fade que levou diversos atendimentos \u00e0 comunidade, atrav\u00e9s de uma parceria da Prefeitura, por meio da Secretaria de Sa\u00fade (Sesau), com a Igreja Batista Nova Jerusal\u00e9m, que recebeu a carreta mission\u00e1ria que leva servi\u00e7os de sa\u00fade de forma itinerante para diversos munic\u00edpios nordestinos. Mais de 10 servi\u00e7os do projeto \u2018Sa\u00fade em Movimento\u2019, da Sesau, como dermatologista, ortopedista, alergologista, entre outros, foram oferecidos. A comunidade ficou satisfeita e elogiou os atendimentos.<\/p>\n<p style=\"font-weight: 400; text-align: justify;\">\u201cAtendimentos maravilhosos, passei pelo ginecologista e ortopedista e gostei demais, uma a\u00e7\u00e3o aprovada e que venham mais a\u00e7\u00f5es assim\u201d, destacou a moradora Maria Rosineide.<\/p>\n<p style=\"font-weight: 400; text-align: justify;\">A dona de casa Neli Maria da Concei\u00e7\u00e3o, tamb\u00e9m aprovou os atendimentos. \u201cPassei pelos atendimentos com alergologista e dentista e fui muito bem atendida, tudo muito bom\u201d, avaliou Neli.<\/p>\n<p style=\"font-weight: 400; text-align: justify;\">A prefeita Suzana Ramos esteve no local e conferiu tudo de perto. \u201cQuem me conhece sabe que eu gosto demais dessas a\u00e7\u00f5es sociais, e estou muito feliz em fazer mais uma a\u00e7\u00e3o, da Prefeitura de Juazeiro em parceria com a Igreja Batista Nova Jerusal\u00e9m, trazendo cada vez mais sa\u00fade para perto das pessoas\u201d, disse a gestora.<\/p>\n<p style=\"font-weight: 400; text-align: justify;\">\n<p style=\"font-weight: 400; text-align: justify;\"><strong>Parceria<\/strong><\/p>\n<p style=\"font-weight: 400; text-align: justify;\">\n<p style=\"font-weight: 400; text-align: justify;\">&#8220;A parceria com a Prefeitura de Juazeiro foi fundamental para a realiza\u00e7\u00e3o desta a\u00e7\u00e3o. Pois partilhamos do mesmo objetivo que \u00e9 fazer o bem, levar bem-estar, sa\u00fade e assist\u00eancia para mais perto das pessoas\u201d, destacou Evandro Lima de Albuquerque, pastor da Igreja Batista Nova Jerusal\u00e9m de Juazeiro e coordenador da carreta mission\u00e1ria. \u2018Carreta do Sert\u00e3o\u2019 \u00e9 uma carreta itinerante que percorre v\u00e1rias cidades do nordeste levando a\u00e7\u00e3o social, principalmente para a popula\u00e7\u00e3o mais carente. O ve\u00edculo \u00e9 equipado com dois consult\u00f3rios para atendimento m\u00e9dico e disponibiliza tamb\u00e9m um consult\u00f3rio odontol\u00f3gico com capacidade para 4 atendimentos.<\/p>\n<p style=\"font-weight: 400; text-align: justify;\">Para o secret\u00e1rio de Sa\u00fade, Fernando Costa, \u00e9 uma satisfa\u00e7\u00e3o poder partilhar deste momento e levar os atendimentos do projeto \u2018Sa\u00fade em Movimento\u2019 para esta a\u00e7\u00e3o. \u201c\u00c9 um momento de muita felicidade. Estamos sempre atentos e abertos a parcerias para justamente chegar onde o servi\u00e7o de sa\u00fade tem que chegar, que \u00e9 mais perto da popula\u00e7\u00e3o\u201d, ressaltou o secret\u00e1rio.<\/p>\n<p style=\"text-align: justify;\">\n<p style=\"font-weight: 400; text-align: justify;\">Ascom\/Sesau\/PMJ<\/p>\n","protected":false},"excerpt":{"rendered":"<p>O bairro Quid\u00e9, em Juazeiro, foi palco nesta quarta-feira (13) de uma a\u00e7\u00e3o de sa\u00fade que levou diversos atendimentos \u00e0 comunidade, atrav\u00e9s de uma parceria da Prefeitura, por meio da Secretaria de Sa\u00fade (Sesau), com a Igreja Batista Nova Jerusal\u00e9m, que recebeu a carreta mission\u00e1ria que leva servi\u00e7os de sa\u00fade de forma itinerante para diversos [&hellip;]<\/p>\n","protected":false},"author":1,"featured_media":35958,"comment_status":"closed","ping_status":"open","sticky":false,"template":"","format":"standard","meta":{"_uag_custom_page_level_css":"","_monsterinsights_skip_tracking":false,"_monsterinsights_sitenote_active":false,"_monsterinsights_sitenote_note":"","_monsterinsights_sitenote_category":0,"jetpack_post_was_ever_published":false,"_jetpack_newsletter_access":"","_jetpack_dont_email_post_to_subs":false,"_jetpack_newsletter_tier_id":0,"_jetpack_memberships_contains_paywalled_content":false,"_jetpack_memberships_contains_paid_content":false,"footnotes":"","jetpack_publicize_message":"","jetpack_publicize_feature_enabled":true,"jetpack_social_post_already_shared":true,"jetpack_social_options":{"image_generator_settings":{"template":"highway","default_image_id":0,"font":"","enabled":false},"version":2}},"categories":[203],"tags":[8966,8965,8967],"class_list":["post-35957","post","type-post","status-publish","format-standard","has-post-thumbnail","hentry","category-juazeiro","tag-elogiam-atendimentos","tag-morador-do-quide","tag-programa-saude-em-movimento"],"jetpack_publicize_connections":[],"jetpack_featured_media_url":"https:\/\/blogopara.com.br\/wp-content\/uploads\/2022\/04\/Acao-Quide-3.jpg","uagb_featured_image_src":{"full":["https:\/\/blogopara.com.br\/wp-content\/uploads\/2022\/04\/Acao-Quide-3.jpg",500,333,false],"thumbnail":["https:\/\/blogopara.com.br\/wp-content\/uploads\/2022\/04\/Acao-Quide-3-150x150.jpg",150,150,true],"medium":["https:\/\/blogopara.com.br\/wp-content\/uploads\/2022\/04\/Acao-Quide-3-300x200.jpg",300,200,true],"medium_large":["https:\/\/blogopara.com.br\/wp-content\/uploads\/2022\/04\/Acao-Quide-3.jpg",500,333,false],"large":["https:\/\/blogopara.com.br\/wp-content\/uploads\/2022\/04\/Acao-Quide-3.jpg",500,333,false],"1536x1536":["https:\/\/blogopara.com.br\/wp-content\/uploads\/2022\/04\/Acao-Quide-3.jpg",500,333,false],"2048x2048":["https:\/\/blogopara.com.br\/wp-content\/uploads\/2022\/04\/Acao-Quide-3.jpg",500,333,false],"mantranews-slider-large":["https:\/\/blogopara.com.br\/wp-content\/uploads\/2022\/04\/Acao-Quide-3.jpg",500,333,false],"mantranews-featured-medium":["https:\/\/blogopara.com.br\/wp-content\/uploads\/2022\/04\/Acao-Quide-3-420x307.jpg",420,307,true],"mantranews-featured-long":["https:\/\/blogopara.com.br\/wp-content\/uploads\/2022\/04\/Acao-Quide-3-300x333.jpg",300,333,true],"mantranews-block-medium":["https:\/\/blogopara.com.br\/wp-content\/uploads\/2022\/04\/Acao-Quide-3-464x290.jpg",464,290,true],"mantranews-carousel-image":["https:\/\/blogopara.com.br\/wp-content\/uploads\/2022\/04\/Acao-Quide-3.jpg",500,333,false],"mantranews-block-thumb":["https:\/\/blogopara.com.br\/wp-content\/uploads\/2022\/04\/Acao-Quide-3-322x230.jpg",322,230,true],"mantranews-single-large":["https:\/\/blogopara.com.br\/wp-content\/uploads\/2022\/04\/Acao-Quide-3.jpg",500,333,false]},"uagb_author_info":{"display_name":"Reda\u00e7\u00e3o geral","author_link":"https:\/\/blogopara.com.br\/index.php\/author\/blogopara"},"uagb_comment_info":0,"uagb_excerpt":"O bairro Quid\u00e9, em Juazeiro, foi palco nesta quarta-feira (13) de uma a\u00e7\u00e3o de sa\u00fade que levou diversos atendimentos \u00e0 comunidade, atrav\u00e9s de uma parceria da Prefeitura, por meio da Secretaria de Sa\u00fade (Sesau), com a Igreja Batista Nova Jerusal\u00e9m, que recebeu a carreta mission\u00e1ria que leva servi\u00e7os de sa\u00fade de forma itinerante para diversos&hellip;","jetpack_sharing_enabled":true,"jetpack_likes_enabled":true,"_links":{"self":[{"href":"https:\/\/blogopara.com.br\/index.php\/wp-json\/wp\/v2\/posts\/35957","targetHints":{"allow":["GET"]}}],"collection":[{"href":"https:\/\/blogopara.com.br\/index.php\/wp-json\/wp\/v2\/posts"}],"about":[{"href":"https:\/\/blogopara.com.br\/index.php\/wp-json\/wp\/v2\/types\/post"}],"author":[{"embeddable":true,"href":"https:\/\/blogopara.com.br\/index.php\/wp-json\/wp\/v2\/users\/1"}],"replies":[{"embeddable":true,"href":"https:\/\/blogopara.com.br\/index.php\/wp-json\/wp\/v2\/comments?post=35957"}],"version-history":[{"count":1,"href":"https:\/\/blogopara.com.br\/index.php\/wp-json\/wp\/v2\/posts\/35957\/revisions"}],"predecessor-version":[{"id":35959,"href":"https:\/\/blogopara.com.br\/index.php\/wp-json\/wp\/v2\/posts\/35957\/revisions\/35959"}],"wp:featuredmedia":[{"embeddable":true,"href":"https:\/\/blogopara.com.br\/index.php\/wp-json\/wp\/v2\/media\/35958"}],"wp:attachment":[{"href":"https:\/\/blogopara.com.br\/index.php\/wp-json\/wp\/v2\/media?parent=35957"}],"wp:term":[{"taxonomy":"category","embeddable":true,"href":"https:\/\/blogopara.com.br\/index.php\/wp-json\/wp\/v2\/categories?post=35957"},{"taxonomy":"post_tag","embeddable":true,"href":"https:\/\/blogopara.com.br\/index.php\/wp-json\/wp\/v2\/tags?post=35957"}],"curies":[{"name":"wp","href":"https:\/\/api.w.org\/{rel}","templated":true}]}}